{"id":27802,"date":"2021-10-13T16:17:21","date_gmt":"2021-10-13T16:17:21","guid":{"rendered":"http:\/\/historiografija.hr\/?p=27802"},"modified":"2021-10-13T16:17:21","modified_gmt":"2021-10-13T16:17:21","slug":"medunarodna-konferencija-digital-art-history-iii","status":"publish","type":"post","link":"https:\/\/historiografija.hr\/?p=27802","title":{"rendered":"Me\u0111unarodna konferencija \u201cDigital Art History III\u201d"},"content":{"rendered":"\n<p>Konferencija\u00a0se odr\u017eava\u00a0<em>online<\/em> 12. i 13. listopada 2021. godine u organizaciji Instituta za povijest umjetnosti i Sveu\u010dili\u0161nog ra\u010dunskog centra Sveu\u010dili\u0161ta u Zagrebu (SRCE).<\/p>\n\n\n\n<hr class=\"wp-block-separator\"\/>\n\n\n\n<p>Me\u0111unarodna konferencija <strong>\u201eDigitalna povijest umjetnosti \u2013 metode, prakse, epistemologija\u201d<\/strong> po tre\u0107i \u0107e put okupiti doma\u0107e i inozemne znanstvenike i stru\u010dnjake u podru\u010dju digitalne povijesti umjetnosti i arhitekture, studija vizualne kulture, muzeologije, informati\u010dkih znanosti te umjetnosti i dizajna. Trideset izlaga\u010da iz trinaest zemalja (Austrija, \u010ce\u0161ka, Francuska, Hrvatska, Italija, Izrael, Portugal, Srbija, Sjedinjene Ameri\u010dke Dr\u017eave, \u0160panjolska, \u0160vicarska, Ujedinjeno Kraljevstvo) predstavit \u0107e recentna istra\u017eivanja, zahva\u0107aju\u0107i \u0161irok raspon tema od infrastrukturnih potreba digitalnih projekata, modeliranja podataka, digitalnog mapiranja, analize slike, odnosa kvantitativnih i kvalitativnih metoda, upotrebe digitalnih alata u obrazovanju do dekolonizacije digitalne povijesti umjetnosti i digitalne humanistike.<\/p>\n\n\n\n<p>Cilj je konferencije kriti\u010dki sagledati recentna zbivanja u podru\u010dju digitalne povijesti umjetnosti, a osobito razmotriti koliki je za digitalnu povijest umjetnosti potencijal aktualnog infrastrukturnog pomaka prema <em>online<\/em> kulturi, edukaciji i istra\u017eivanju \u2013 prema <em>online <\/em>pedagogiji, novim vrstama virtualnih istra\u017eiva\u010dkih projekata i novim modelima predstavljanja digitalnih i digitaliziranih kulturnih sadr\u017eaja te u kojoj je mjeri opisani \u201e<em>online<\/em> zaokret\u201c prilika da se iska\u017eu iznimne mogu\u0107nosti za eksperimentiranje i inovativnosti koje, unutar \u0161ireg polja vizualne kulture i vizualne pismenosti, posjeduje digitalna povijest umjetnosti.<\/p>\n\n\n\n<p><strong><u>Znanstveni odbor<\/u><\/strong><br>Petja Grafenauer, Akademija za likovno umetnost in oblikovanje, Ljubljana<br>Ljiljana Kole\u0161nik, Institut za povijest umjetnosti, Zagreb<br>Vlatka Lemi\u0107, Ured za arhivsku gra\u0111u, Sveu\u010dili\u0161te u Zagrebu<br>Sanja Sekelj, Institut za povijest umjetnosti, Zagreb<br>Vinko Zlati\u0107, Zavod za teorijsku fiziku, Institut Ru\u0111er Bo\u0161kovi\u0107, Zagreb<br>Goran Zlodi, Odsjek za informacije i komunikacijske znanosti, Filozofski fakultet Sveu\u010dili\u0161ta u Zagrebu<\/p>\n\n\n\n<p><strong><u>Organizacijski odbor<\/u><\/strong><br>Sanja Sekelj, Institut za povijest umjetnosti, Zagreb<br>Tihana Puc, Ministarstvo kulture i medija, Zagreb<br>Martina Bobinac, Institut za povijest umjetnosti, Zagreb<br>Ana \u0106uri\u0107, Institut za povijest umjetnosti, Zagreb<\/p>\n\n\n\n<p><strong><u>Plenarna izlaganja<\/u><\/strong><br>Roopika Risam, Ljiljana Kole\u0161nik<\/p>\n\n\n\n<p><strong><u>Izlaga\u010di\/ce<\/u><\/strong><br>Mike Bowman, Dra\u017eenko Celjak, Leticia Crespillo Mar\u00ed, Ivana Doroti\u0107 Mali\u010d, Patr\u00edcia Ferrari, Nadezda Gribkova, Emir Imamagi\u0107, Sharon Khalifa-Gueta, Ana Kne\u017eevi\u0107, Dominik Lengyel, Vanda Lisanti, Maja Lorbek, Ivan Mari\u0107, Marta Matijevi\u0107, Jurica Mlinarec, Luk\u00e1\u0161 Pilka, Ljiljana Poljak, Kristina Posavec, Voica Pu\u0219ca\u0219iu, Flore di Sciullo, Ann-Kathrin Seyffer, Barry Sunderland, Luja \u0160imunovi\u0107, Catherine Toulouse, Ivana Turk, Stefania de Vincentis, Daniel Vr\u010di\u0107, Mengqui Wang, Katarina Zailac<\/p>\n\n\n\n<p><a href=\"https:\/\/www.ipu.hr\/content\/info\/IPU-DAH-2021-Program.pdf\">Program<\/a><\/p>\n\n\n\n<p><a href=\"https:\/\/www.ipu.hr\/content\/info\/IPU-DAH-III-2021_Book-of-Abstracts.pdf\">Knji\u017eica sa\u017eetaka<\/a><\/p>\n\n\n\n<p><strong>Konferencija se odr\u017eava <em>online<\/em>. Za registraciju i ZOOM link po\u0161aljite e-mail s imenom i prezimenom do ponedjeljka 11. listopada 2021. godine na adresu <a href=\"mailto:mbobinac@ipu.hr\">mbobinac@ipu.hr<\/a>. Konferencija \u0107e se mo\u0107i pratiti i u izravnom prijenosu na Facebook stranicama <\/strong><a href=\"https:\/\/www.facebook.com\/institutzapovijestumjetnosti\"><strong>Instituta za povijest umjetnosti<\/strong><\/a>.<\/p>\n\n\n\n<p>Konferencija se odr\u017eava u sklopu projekta <a href=\"https:\/\/www.nam-globe-exchange.org\/\"><em><strong>Modeli i prakse globalne i kulturne razmjene i pokret Nesvrstanih zemalja. Istra\u017eivanje prostorno-vremenske kulturne dinamike<\/strong><\/em><\/a>, financiranog od strane Hrvatske zaklade za znanost i Javne agencije za istra\u017eiva\u010dku djelatnost Republike Slovenije.<\/p>\n\n\n\n<hr class=\"wp-block-separator\"\/>\n\n\n\n<p>Izvor:<\/p>\n\n\n\n<p><a href=\"https:\/\/www.ipu.hr\/article\/hr\/1123\/digital-art-history-iii\">https:\/\/www.ipu.hr\/article\/hr\/1123\/digital-art-history-iii<\/a><\/p>\n\n\n\n<hr class=\"wp-block-separator\"\/>\n","protected":false},"excerpt":{"rendered":"","protected":false},"author":2,"featured_media":27803,"comment_status":"open","ping_status":"open","sticky":false,"template":"","format":"standard","meta":{"_acf_changed":false,"jetpack_post_was_ever_published":false,"_jetpack_newsletter_access":"","_jetpack_dont_email_post_to_subs":false,"_jetpack_newsletter_tier_id":0,"_jetpack_memberships_contains_paywalled_content":false,"_jetpack_memberships_contains_paid_content":false,"footnotes":"","jetpack_publicize_message":"","jetpack_publicize_feature_enabled":true,"jetpack_social_post_already_shared":true,"jetpack_social_options":{"image_generator_settings":{"template":"highway","default_image_id":0,"font":"","enabled":false},"version":2}},"categories":[3,9],"tags":[],"class_list":["post-27802","post","type-post","status-publish","format-standard","has-post-thumbnail","hentry","category-novosti","category-skupovi"],"acf":{"facebook_opis":""},"jetpack_publicize_connections":[],"jetpack_featured_media_url":"https:\/\/i0.wp.com\/historiografija.hr\/wp-content\/uploads\/2021\/10\/dah-iii-web-2021.jpg?fit=900%2C560&ssl=1","jetpack_sharing_enabled":true,"jetpack-related-posts":[],"_links":{"self":[{"href":"https:\/\/historiografija.hr\/index.php?rest_route=\/wp\/v2\/posts\/27802","targetHints":{"allow":["GET"]}}],"collection":[{"href":"https:\/\/historiografija.hr\/index.php?rest_route=\/wp\/v2\/posts"}],"about":[{"href":"https:\/\/historiografija.hr\/index.php?rest_route=\/wp\/v2\/types\/post"}],"author":[{"embeddable":true,"href":"https:\/\/historiografija.hr\/index.php?rest_route=\/wp\/v2\/users\/2"}],"replies":[{"embeddable":true,"href":"https:\/\/historiografija.hr\/index.php?rest_route=%2Fwp%2Fv2%2Fcomments&post=27802"}],"version-history":[{"count":1,"href":"https:\/\/historiografija.hr\/index.php?rest_route=\/wp\/v2\/posts\/27802\/revisions"}],"predecessor-version":[{"id":27804,"href":"https:\/\/historiografija.hr\/index.php?rest_route=\/wp\/v2\/posts\/27802\/revisions\/27804"}],"wp:featuredmedia":[{"embeddable":true,"href":"https:\/\/historiografija.hr\/index.php?rest_route=\/wp\/v2\/media\/27803"}],"wp:attachment":[{"href":"https:\/\/historiografija.hr\/index.php?rest_route=%2Fwp%2Fv2%2Fmedia&parent=27802"}],"wp:term":[{"taxonomy":"category","embeddable":true,"href":"https:\/\/historiografija.hr\/index.php?rest_route=%2Fwp%2Fv2%2Fcategories&post=27802"},{"taxonomy":"post_tag","embeddable":true,"href":"https:\/\/historiografija.hr\/index.php?rest_route=%2Fwp%2Fv2%2Ftags&post=27802"}],"curies":[{"name":"wp","href":"https:\/\/api.w.org\/{rel}","templated":true}]}}