{"id":27792,"date":"2021-10-12T22:29:10","date_gmt":"2021-10-12T22:29:10","guid":{"rendered":"http:\/\/historiografija.hr\/?p=27792"},"modified":"2021-10-12T22:34:05","modified_gmt":"2021-10-12T22:34:05","slug":"sudosteuropa-ist-tot-lang-lebe-sudosteuropa-positionierungen-in-einem-interdisziplinaren-forschungsfeld-viadrina-univ-frankfurt-oder","status":"publish","type":"post","link":"https:\/\/historiografija.hr\/?p=27792","title":{"rendered":"S\u00fcdosteuropa ist tot? Lang lebe S\u00fcdosteuropa! Positionierungen in einem interdisziplin\u00e4ren Forschungsfeld (Viadrina-Univ. Frankfurt\/Oder)"},"content":{"rendered":"\n<p>Es ist mehr als 20 Jahre her, seit das Erscheinen von Maria Todorovas Buch Imagining the Balkans die S\u00fcdosteuropaforschung in Aufregung versetzte. Die folgende Auseinandersetzung \u00fcber \u201aden Balkan\u2018 als Analysekategorie und\/oder mental map hatte auch f\u00fcr die deutschsprachige Forschungslandschaft weitreichende Folgen, da in ihrem Zuge tradierte Raum- und Selbstverst\u00e4ndnisse innerhalb des Faches infrage gestellt wurden. W\u00e4hrend sich komparative und globale Forschungszug\u00e4nge weitgehend etabliert, sind viele Fragen der fachlich-inhaltlichen Standortbestimmung einer genuinen S\u00fcdosteuropaforschung unbeantwortet geblieben. Dazu z\u00e4hlt insbesondere die Auseinandersetzung mit postkolonialen Debatten und einer noch immer nur in Ans\u00e4tzen aufgearbeiteten wechselvollen Geschichte politischer Instrumentalisierungen. Die Besch\u00e4ftigung mit der (Selbst-)Verortung, Wissensproduktion und Wissensvermittlung innerhalb unseres kleinen Faches steht im Mittelpunkt des diesj\u00e4hrigen Dr.-Fritz-Exner-Kolloquiums zur S\u00fcdosteuropaforschung.<br>Wir erkl\u00e4ren die S\u00fcdosteuropawissenschaften keineswegs f\u00fcr tot, aber wir finden, dass es Zeit ist, erneut und gemeinsam \u00fcber die Autor*innenschaft, Methoden, Inhalte und Ankn\u00fcpfungspunkte der Regionalforschung innerhalb einer Wissenschaftslandschaft im Wandel nachzudenken.<\/p>\n\n\n\n<p>Das Dr.-Fritz-Exner-Kolloquium stellt seit vielen Jahren eine Plattform f\u00fcr den interdisziplin\u00e4ren Austausch j\u00fcngerer Wissenschaftlerinnen und Wissenschaftler dar. Wir m\u00f6chten das zehnte Zusammentreffen gleichsam nutzen, um diese Tradition fortzusetzen und basierend auf den eigenen Forschungsprojekten eine theoretische und methodologische Diskussion \u00fcber die im deutschsprachigen Raum situierte S\u00fcdosteuropaforschung und \u2013lehre anzusto\u00dfen.<\/p>\n\n\n\n<p><strong>Programm<\/strong><\/p>\n\n\n\n<p>X. Dr. Fritz-Exner-Kolloquium zur S\u00fcdosteuropaforschung:<br>S\u00fcdosteuropa ist tot? Lang lebe S\u00fcdosteuropa! Positionierungen in einem interdisziplin\u00e4ren Forschungsfeld<br>Datum: 13. \u2013 15. Oktober 2021<br>Ort: Logensaal, Europa-Universit\u00e4t Viadrina, Frankfurt (Oder)<br>Veranstaltungssprache: Deutsch\/ Englisch<br>Organisatorinnen: Claudia Weber (Europa-Universit\u00e4t Viadrina), Jacqueline Nie\u00dfer (Universit\u00e4t Regensburg) und Elisa Satjukow (Universit\u00e4t Leipzig)<br>Anmeldung: <a href=\"https:\/\/www.sogde.org\/de\/formulare\/exner-online-registration\/\" target=\"_blank\" rel=\"noreferrer noopener\">https:\/\/www.sogde.org\/de\/formulare\/exner-online-registration\/<\/a><\/p>\n\n\n\n<p>MITTWOCH, 13. OKTOBER 2021<br>13:00<br>Online-Workshop: Forschungsdatenmanagement (Digital)<br>Arno\u0161t Stanzel, Osteuropa-Abteilung der Bayerischen Staatsbibliothek<\/p>\n\n\n\n<p>15:00<br>Begr\u00fc\u00dfung<\/p>\n\n\n\n<p>Martin Eisend, Vizepr\u00e4sident f\u00fcr Forschung Europa-Universit\u00e4t Viadrina<br>Christian Hagemann, S\u00fcdosteuropa-Gesellschaft<br>Claudia Weber, Europa-Universit\u00e4t Viadrina<br>Elisa Satjukow, Universit\u00e4t Leipzig<br>Jacqueline Nie\u00dfer, Universit\u00e4t Regensburg<\/p>\n\n\n\n<p>16:00-17:00<br>Keynote: S\u00fcdosteuropaforschung gestern und heute: Indienstnahme und Verwissenschaftlichung, Theorien und Paradigmen (Hybrid)<br>Wolfgang H\u00f6pken, Universit\u00e4t Leipzig<br>Moderation:<br>Claudia Weber, Europa-Universit\u00e4t Viadrina<\/p>\n\n\n\n<p>17:15-18:45<br>Podiumsdiskussion: Zukunft Osteuropa? Wissenschaftspolitische Perspektiven auf Ost- und S\u00fcdosteuropaforschung (Hybrid)<br>Zs\u00f3fia Tur\u00f3czy, Universit\u00e4t Leipzig<br>Wolfgang H\u00f6pken, Universit\u00e4t Leipzig<br>Susann Worschech, Europa-Universit\u00e4t Viadrina<br>Katharina Bahlmann, Arbeitsstelle Kleine F\u00e4cher, Universit\u00e4t Mainz<\/p>\n\n\n\n<p>Dies ist eine Veranstaltung der Zweigstelle der S\u00fcdosteuropa-Gesellschaft und der Deutschen Gesellschaft f\u00fcr Osteuropa in Frankfurt\/Oder in Kooperation mit der Jungen DGO.<\/p>\n\n\n\n<p>DONNERSTAG, 14. OKTOBER 2021<br>09:30-10:45<br>Roundtable: Postcolonial Perspectives on East and Southeast European Studies (Hybrid)<br>Panelists:<br>Katarina Ku\u0161i\u0107, Department of International Politics at Aberystwyth University<br>\u010carna Brkovi\u0107, Department of Cultural Anthropology, University of G\u00f6ttingen<br>Clara Frysztacka, Department of History, Viadrina University Frankfurt\/Oder<br>Moderation:<br>Elisa Satjukow, Leipzig University<\/p>\n\n\n\n<p>11:00<br>Panel I: Positionalities \/ Positionierungen<\/p>\n\n\n\n<p>Panelists:<br>Gruia Badescu, Universit\u00e4t Konstanz: \u201eEven Romanians come research us now\u201c: On positionality and nested orientalism within Southeast European Studies<br>Roswitha Kersten-Pejani\u0107, Universit\u00e4t Rijeka: Nicht dramatisieren, nicht bagatellisieren \u2013sondern aufzeigen: Forschungsethische \u00dcberlegungen zu einer Ausstellung der Linguistic Landscape Nachkroatiens<br>Lea Horvat, Universit\u00e4t Hamburg &amp; Aleksandar Rankovi\u0107, Universit\u00e4t Wien: Galeb i golub: Heritage Scholars, Power, and Knowledge Production in (Post-)Yugoslav Studies<br>Irena Pavlovi\u0107, Universit\u00e4t Erlangen-N\u00fcrnberg: Epistemische Gewalt: (Post-)Koloniale Kritik der eurozentrischen Wissensproduktion<br>Moderation:<br>Wolfgang H\u00f6pken, Universit\u00e4t Leipzig<br>Comment:<br>Heike Karge, Universit\u00e4t Regensburg<\/p>\n\n\n\n<p>14:30<br>Panel II: Internationale Perspektiven \/ International Perspectives<\/p>\n\n\n\n<p>Panelists:<br>Tomislava A. Kosi\u0107, University of Z\u00fcrich: Balkanismen in der Schweiz seit der \u00ab\u00dcberfremdung\u00bb bis zur \u00abpostmigrantischen Gesellschaft\u00bb: Eine migrationsgeschichtliche Einordnung<br>Michiel Piersma, University of Liverpool: Academic knowledge production in &#8216;home&#8217; institutions: a call for material positionality in research on Bosnia and Herzegovina<br>Igor Stipi\u0107, University of Regensburg: The State and its Students: Hegemonic structures, subaltern narratives, and fractured community in Bosnia and Chile<br>Geert Luteijn, University of Amsterdam: Framing EU integration in the Netherlands and Germany<br>Moderation:<br>Sabine Rutar, Leibniz-Institut f\u00fcr Ost- und S\u00fcdosteuropaforschung Regensburg<br>Comment:<br>Ger Duijzings, Universit\u00e4t Regensburg<\/p>\n\n\n\n<p>17:00<br>Keynote: Southeast European Studies Between Debates and Trends (Hybrid)<br>Maria Todorova, Department of History, University of Illinois at Urbana-Champaign<br>Moderation:<br>Jacqueline Nie\u00dfer, Universit\u00e4t Regensburg &amp; Elisa Satjukow, Universit\u00e4t Leipzig<br>Kommentar:<br>Sabine Rutar, Leibniz-Institut f\u00fcr Ost- und S\u00fcdosteuropaforschung<\/p>\n\n\n\n<p>FREITAG, 15. OKTOBER<br>9:30-11:00<br>Roundtable: Southeast European Studies Compared: Questions, Methods, Challenges (Hybrid)<br>Panelists:<br>Nad\u00e8ge Ragaru, Center for International Studies, Sciences Po Paris<br>Ger Duijzings, University of Regensburg<br>Diana Mishkova, Centre for Advanced Studies, Sofia<br>Christina Koulouri, Panteion University, Athens<br>Moderation:<br>Jacqueline Nie\u00dfer, Universit\u00e4t Regensburg<\/p>\n\n\n\n<p>11:30-13:00<br>Panel III: Ethnographien &amp; audiovisuelle Kulturen \/ Ethnographies &amp; Audiovisual Cultures<br>Panelists:<br>Rosa Karolin Meyer, Universit\u00e4t Frankfurt: Influencing the halal way \u2013 Nutzung sozialer Medien durch InfluencerInnen der bosnisch-salafistischen Szene<br>Tatyana Churchulieva-Knight, Universit\u00e4t K\u00f6ln: Sounds of Transition? An Auto-Ethnography of Wedding Bands in Southern Bulgaria between Socialism and Post-Socialism<br>Jana St\u00f6xen, Universit\u00e4t Regensburg: Begegnungen mit S\u00fcdosteuropa. Regionalwissenschaften am Balkan-Grill<br>Anne Pirwitz, Universit\u00e4t Potsdam: Diskurse \u00fcber \u201aOst\u2018 und \u201aWest\u2018 im (s\u00fcd-) osteurop\u00e4ischen Migrationsfilm am Beispiel Rum\u00e4niens<br>Moderation:<br>Claudia Weber, Europa-Universit\u00e4t Viadrina<br>Comment:<br>Eckehardt Pistrick, Universit\u00e4t K\u00f6ln<\/p>\n\n\n\n<p>14:00-15:30<br>Panel IV: Praktiken \/ Practices<br>Panelists:<br>Bianca Hepp, Universit\u00e4t T\u00fcbingen: Gegen die Kontinuit\u00e4t. Vorschlag einer kulturwissenschaftlichen Perspektive f\u00fcr die S\u00fcdosteuropastudien<br>Marie Jelenka Kirchner, Universit\u00e4t Graz: S\u00fcdosteuropa gleichberechtigt begegnen: Die Chancen eines transnational feministischen Ansatzes in der Europawissenschaft f\u00fcr eine nachhaltige Europ\u00e4isierung ganz Europas<br>Eva Kowollik \/ Tijana Matijevi\u0107, Universit\u00e4t Halle-Wittenberg: Young Authors for Future &#8211; Krisenszenarien und (junge) Literatur im Ost-West-Dialog<br>Moderation:<br>Jacqueline Nie\u00dfer, Universit\u00e4t Regensburg<br>Comment:<br>Valeska Bopp-Filimonov, Universit\u00e4t Jena<\/p>\n\n\n\n<p>15:30<br>Abschlussdiskussion<\/p>\n\n\n\n<hr class=\"wp-block-separator\"\/>\n\n\n\n<p><a href=\"https:\/\/www.hsozkult.de\/event\/id\/event-112775\">https:\/\/www.hsozkult.de\/event\/id\/event-112775<\/a><\/p>\n\n\n\n<hr class=\"wp-block-separator\"\/>\n\n\n\n<p><a href=\"https:\/\/www.sogde.org\/de\/events\/x-dr-fritz-exner-kolloquium-zur-sudosteuropaforschung\/\">https:\/\/www.sogde.org\/de\/events\/x-dr-fritz-exner-kolloquium-zur-sudosteuropaforschung\/<\/a><\/p>\n\n\n\n<hr class=\"wp-block-separator\"\/>\n","protected":false},"excerpt":{"rendered":"","protected":false},"author":2,"featured_media":27795,"comment_status":"open","ping_status":"open","sticky":false,"template":"","format":"standard","meta":{"_acf_changed":false,"jetpack_post_was_ever_published":false,"_jetpack_newsletter_access":"","_jetpack_dont_email_post_to_subs":false,"_jetpack_newsletter_tier_id":0,"_jetpack_memberships_contains_paywalled_content":false,"_jetpack_memberships_contains_paid_content":false,"footnotes":"","jetpack_publicize_message":"","jetpack_publicize_feature_enabled":true,"jetpack_social_post_already_shared":true,"jetpack_social_options":{"image_generator_settings":{"template":"highway","default_image_id":0,"font":"","enabled":false},"version":2}},"categories":[3,9],"tags":[],"class_list":["post-27792","post","type-post","status-publish","format-standard","has-post-thumbnail","hentry","category-novosti","category-skupovi"],"acf":{"facebook_opis":""},"jetpack_publicize_connections":[],"jetpack_featured_media_url":"https:\/\/i0.wp.com\/historiografija.hr\/wp-content\/uploads\/2021\/10\/foto-S.jpg?fit=1100%2C281&ssl=1","jetpack_sharing_enabled":true,"jetpack-related-posts":[],"_links":{"self":[{"href":"https:\/\/historiografija.hr\/index.php?rest_route=\/wp\/v2\/posts\/27792","targetHints":{"allow":["GET"]}}],"collection":[{"href":"https:\/\/historiografija.hr\/index.php?rest_route=\/wp\/v2\/posts"}],"about":[{"href":"https:\/\/historiografija.hr\/index.php?rest_route=\/wp\/v2\/types\/post"}],"author":[{"embeddable":true,"href":"https:\/\/historiografija.hr\/index.php?rest_route=\/wp\/v2\/users\/2"}],"replies":[{"embeddable":true,"href":"https:\/\/historiografija.hr\/index.php?rest_route=%2Fwp%2Fv2%2Fcomments&post=27792"}],"version-history":[{"count":3,"href":"https:\/\/historiografija.hr\/index.php?rest_route=\/wp\/v2\/posts\/27792\/revisions"}],"predecessor-version":[{"id":27797,"href":"https:\/\/historiografija.hr\/index.php?rest_route=\/wp\/v2\/posts\/27792\/revisions\/27797"}],"wp:featuredmedia":[{"embeddable":true,"href":"https:\/\/historiografija.hr\/index.php?rest_route=\/wp\/v2\/media\/27795"}],"wp:attachment":[{"href":"https:\/\/historiografija.hr\/index.php?rest_route=%2Fwp%2Fv2%2Fmedia&parent=27792"}],"wp:term":[{"taxonomy":"category","embeddable":true,"href":"https:\/\/historiografija.hr\/index.php?rest_route=%2Fwp%2Fv2%2Fcategories&post=27792"},{"taxonomy":"post_tag","embeddable":true,"href":"https:\/\/historiografija.hr\/index.php?rest_route=%2Fwp%2Fv2%2Ftags&post=27792"}],"curies":[{"name":"wp","href":"https:\/\/api.w.org\/{rel}","templated":true}]}}