{"id":27788,"date":"2021-10-12T22:18:28","date_gmt":"2021-10-12T22:18:28","guid":{"rendered":"http:\/\/historiografija.hr\/?p=27788"},"modified":"2021-10-12T22:19:10","modified_gmt":"2021-10-12T22:19:10","slug":"novica-milic-jagnje-iz-bezdana-balkanski-ratovi-1991-1999","status":"publish","type":"post","link":"https:\/\/historiografija.hr\/?p=27788","title":{"rendered":"Novica Mili\u0107, \u201cJagnje iz bezdana. Balkanski ratovi 1991-1999\u201d"},"content":{"rendered":"\n<p>Polemi\u010dka knjiga protiv <em>polemosa<\/em>, rata, koja nastoji da demontira logiku poslednjih ratova na Balkanu 1991-1999. Kako su i za\u0161to po\u010deli i vodili se ratovi u Sloveniji, Hrvatskoj, Bosni i Hercegovini, Srbiji, odnosno oko Kosova? Kakav je bio geopoliti\u010dki i istorijski kontekst, \u0161ta su \u010dinile vojne snage a \u0161ta diplomatija, koji su medijski uticaji i u\u010dinci, za\u0161to su balkanske nacionalne ambivalencije postale \u201eambiviolencije\u201c?<\/p>\n\n\n\n<hr class=\"wp-block-separator\"\/>\n\n\n\n<p>Godina izdanja: 2021<\/p>\n\n\n\n<p>Broj stranica: 144 str.<\/p>\n\n\n\n<hr class=\"wp-block-separator\"\/>\n\n\n\n<p><strong>O<\/strong> <strong>autoru<\/strong><\/p>\n\n\n\n<p>Diplomirao na Odseku za op\u0161tu knji\u017eevnost i teoriju knji\u017eevnosti Filolo\u0161kog fakulteta u Beogradu 1982. godine; magistrirao radom \u201cKnji\u017eevna shvatanja Pola de Mana i teorija dekonstrukcije\u201d 1987. godine na istom fakultetu, doktorirao tezom \u201cTeorijski problemi \u010ditanja kao osnove modernog shvatranja knji\u017eevnosti\u201d 2001. godine na istom fakultetu. Izme\u0111u 1984. i 2001. godine radio kao nau\u010dni istra\u017eiva\u010d na Projektu za teoriju Instituta za knji\u017eevnost i umetnost u Beogradu; od 2001. do 2007. godina kao vanredni profesor na Filolo\u0161kom fakultezu (Katedra za op\u0161tu knji\u017eevnost i teoriju knji\u017eevnosti), a od 2007. godine kao redovni profesor semilogije medija na Fakultetu za medije i komunikacije Univerziteta Singidunum u Beogradu. Objavljene knjige: \u201cAntinomije kritike\u201d (1982), \u201cSlu\u010daj Ni\u010de\u201d (1997), \u201cABC dekonstrukcije\u201d (1998), \u201cLjuba ili o etici\u201d (1999), \u201cPredavanja o \u010ditanju\u201d (2000), \u201cPesni\u0161ta: Prilozi pesni\u010dkoj ontologiji Martina Hajdegera\u201d (2001), \u201cModerno shvatanje knji\u017eevnosti\u201d (2002), \u201cIstina apokalipse: Filozofija i pesni\u0161tvo na \u2018posldednjem sudu&#8217;\u201d (2003), \u201c\u0160ta je teorija\u201d (2006), \u201cOd znaka do smisla\u201d (2007). Predavao u Sjedinjenim ameri\u010dkim dr\u017eavama (Yale University) i Velikoj Britaniji (Sheffield University).<\/p>\n\n\n\n<hr class=\"wp-block-separator\"\/>\n\n\n\n<p>Izvor:<\/p>\n\n\n\n<figure class=\"wp-block-embed-wordpress wp-block-embed is-type-wp-embed is-provider-akademska-knjiga\"><div class=\"wp-block-embed__wrapper\">\n<blockquote class=\"wp-embedded-content\" data-secret=\"JpeDoqiSD6\"><a href=\"https:\/\/akademskaknjiga.com\/katalog\/jagnje-iz-bezdana-balkanski-ratovi-1991-%e2%80%95-1999\/\">JAGNJE IZ BEZDANA. Balkanski ratovi 1991 \u2015 1999<\/a><\/blockquote><iframe loading=\"lazy\" class=\"wp-embedded-content\" sandbox=\"allow-scripts\" security=\"restricted\" style=\"position: absolute; clip: rect(1px, 1px, 1px, 1px);\" title=\"&#8220;JAGNJE IZ BEZDANA. Balkanski ratovi 1991 \u2015 1999&#8221; &#8212; Akademska knjiga\" src=\"https:\/\/akademskaknjiga.com\/katalog\/jagnje-iz-bezdana-balkanski-ratovi-1991-%e2%80%95-1999\/embed\/#?secret=JpeDoqiSD6\" data-secret=\"JpeDoqiSD6\" width=\"600\" height=\"338\" frameborder=\"0\" marginwidth=\"0\" marginheight=\"0\" scrolling=\"no\"><\/iframe>\n<\/div><\/figure>\n\n\n\n<hr class=\"wp-block-separator\"\/>\n","protected":false},"excerpt":{"rendered":"","protected":false},"author":2,"featured_media":27789,"comment_status":"open","ping_status":"open","sticky":false,"template":"","format":"standard","meta":{"_acf_changed":false,"jetpack_post_was_ever_published":false,"_jetpack_newsletter_access":"","_jetpack_dont_email_post_to_subs":false,"_jetpack_newsletter_tier_id":0,"_jetpack_memberships_contains_paywalled_content":false,"_jetpack_memberships_contains_paid_content":false,"footnotes":"","jetpack_publicize_message":"","jetpack_publicize_feature_enabled":true,"jetpack_social_post_already_shared":true,"jetpack_social_options":{"image_generator_settings":{"template":"highway","default_image_id":0,"font":"","enabled":false},"version":2}},"categories":[8,3],"tags":[],"class_list":["post-27788","post","type-post","status-publish","format-standard","has-post-thumbnail","hentry","category-knjige","category-novosti"],"acf":{"facebook_opis":""},"jetpack_publicize_connections":[],"jetpack_featured_media_url":"https:\/\/i0.wp.com\/historiografija.hr\/wp-content\/uploads\/2021\/10\/JAGNJE-IZ-BEZDANA.png?fit=600%2C450&ssl=1","jetpack_sharing_enabled":true,"jetpack-related-posts":[],"_links":{"self":[{"href":"https:\/\/historiografija.hr\/index.php?rest_route=\/wp\/v2\/posts\/27788","targetHints":{"allow":["GET"]}}],"collection":[{"href":"https:\/\/historiografija.hr\/index.php?rest_route=\/wp\/v2\/posts"}],"about":[{"href":"https:\/\/historiografija.hr\/index.php?rest_route=\/wp\/v2\/types\/post"}],"author":[{"embeddable":true,"href":"https:\/\/historiografija.hr\/index.php?rest_route=\/wp\/v2\/users\/2"}],"replies":[{"embeddable":true,"href":"https:\/\/historiografija.hr\/index.php?rest_route=%2Fwp%2Fv2%2Fcomments&post=27788"}],"version-history":[{"count":2,"href":"https:\/\/historiografija.hr\/index.php?rest_route=\/wp\/v2\/posts\/27788\/revisions"}],"predecessor-version":[{"id":27791,"href":"https:\/\/historiografija.hr\/index.php?rest_route=\/wp\/v2\/posts\/27788\/revisions\/27791"}],"wp:featuredmedia":[{"embeddable":true,"href":"https:\/\/historiografija.hr\/index.php?rest_route=\/wp\/v2\/media\/27789"}],"wp:attachment":[{"href":"https:\/\/historiografija.hr\/index.php?rest_route=%2Fwp%2Fv2%2Fmedia&parent=27788"}],"wp:term":[{"taxonomy":"category","embeddable":true,"href":"https:\/\/historiografija.hr\/index.php?rest_route=%2Fwp%2Fv2%2Fcategories&post=27788"},{"taxonomy":"post_tag","embeddable":true,"href":"https:\/\/historiografija.hr\/index.php?rest_route=%2Fwp%2Fv2%2Ftags&post=27788"}],"curies":[{"name":"wp","href":"https:\/\/api.w.org\/{rel}","templated":true}]}}