{"id":27781,"date":"2021-10-12T21:58:22","date_gmt":"2021-10-12T21:58:22","guid":{"rendered":"http:\/\/historiografija.hr\/?p=27781"},"modified":"2021-10-12T21:59:48","modified_gmt":"2021-10-12T21:59:48","slug":"prva-medunarodna-konferencija-dariah-hr-a-digital-humanities-and-heritage","status":"publish","type":"post","link":"https:\/\/historiografija.hr\/?p=27781","title":{"rendered":"Prva me\u0111unarodna konferencija DARIAH-HR-a &#8220;Digital Humanities and Heritage&#8221;"},"content":{"rendered":"\n<p>Konferencija \u0107e se odr\u017eati na Sveu\u010dili\u0161tu u Zadru\u00a0od 13. do 15. listopada 2021. te online putem Zooma. Sudjelovanje je besplatno, no obavezna je <a rel=\"noreferrer noopener\" href=\"https:\/\/us06web.zoom.us\/meeting\/register\/tZ0vduiprTwrEtIQtQC5rsFElK5bYr7-xX28?_x_zm_rtaid=vxl5qTTETh2__nRomeh7kw.1633512117051.44b57013d8e7efeb51aa5bd070ea833d&amp;_x_zm_rhtaid=905\" target=\"_blank\">registracija<\/a>\u00a0zbog proceduralnih i epidemiolo\u0161kih razloga.<\/p>\n\n\n\n<p>U okviru ovog doga\u0111aja raspravljat \u0107e se o temama poput digitalnih humanisti\u010dkih znanosti i otvorene znanosti, kulturne ba\u0161tine u digitalnim humanisti\u010dkim znanostima, digitalnih metoda i alata, informacijske organizacije za digitalne humanisti\u010dke znanosti, kao i digitalne infrastrukture.<\/p>\n\n\n\n<p>Ovaj je doga\u0111aj namijenjen uspostavljanju mosta izme\u0111u znanstvenika i stru\u010dnjaka iz humanisti\u010dkih znanosti, osobito digitalnih humanisti\u010dkih znanosti, i profesionalaca iz podru\u010dja knji\u017eni\u010dne i informacijske znanosti, arhivistike i upravljanja muzejskim kulturnim resursima. Njegova je svrha promicanje uporabe digitalne tehnologije u istra\u017eivanju ba\u0161tine i humanisti\u010dkih znanosti kao metodologije i alata u svim podru\u010djima humanisti\u010dkih znanosti i znanosti o ba\u0161tini.<\/p>\n\n\n\n<p>Cilj je ove konferencije okupiti dionike koji se bave ba\u0161tinom i njezinom digitalnom transformacijom.<\/p>\n\n\n\n<p><a rel=\"noreferrer noopener\" href=\"https:\/\/dhh.dariah.hr\/en\/home\/\" target=\"_blank\">Program konferencije<\/a><\/p>\n\n\n\n<hr class=\"wp-block-separator\"\/>\n\n\n\n<p>Izvor:<\/p>\n\n\n\n<p><a href=\"http:\/\/dariah.hr\/hr\/dogadjaji-i-aktivnosti\/prva-medjunarodna-konferencija-dariah-hr-a-digital-humanities-and-heritage\/\">http:\/\/dariah.hr\/hr\/dogadjaji-i-aktivnosti\/prva-medjunarodna-konferencija-dariah-hr-a-digital-humanities-and-heritage\/<\/a><\/p>\n\n\n\n<hr class=\"wp-block-separator\"\/>\n","protected":false},"excerpt":{"rendered":"","protected":false},"author":2,"featured_media":27782,"comment_status":"open","ping_status":"open","sticky":false,"template":"","format":"standard","meta":{"_acf_changed":false,"jetpack_post_was_ever_published":false,"_jetpack_newsletter_access":"","_jetpack_dont_email_post_to_subs":false,"_jetpack_newsletter_tier_id":0,"_jetpack_memberships_contains_paywalled_content":false,"_jetpack_memberships_contains_paid_content":false,"footnotes":"","jetpack_publicize_message":"","jetpack_publicize_feature_enabled":true,"jetpack_social_post_already_shared":true,"jetpack_social_options":{"image_generator_settings":{"template":"highway","default_image_id":0,"font":"","enabled":false},"version":2}},"categories":[3,9],"tags":[],"class_list":["post-27781","post","type-post","status-publish","format-standard","has-post-thumbnail","hentry","category-novosti","category-skupovi"],"acf":{"facebook_opis":""},"jetpack_publicize_connections":[],"jetpack_featured_media_url":"https:\/\/i0.wp.com\/historiografija.hr\/wp-content\/uploads\/2021\/10\/DARIAH_fb.png?fit=820%2C360&ssl=1","jetpack_sharing_enabled":true,"jetpack-related-posts":[],"_links":{"self":[{"href":"https:\/\/historiografija.hr\/index.php?rest_route=\/wp\/v2\/posts\/27781","targetHints":{"allow":["GET"]}}],"collection":[{"href":"https:\/\/historiografija.hr\/index.php?rest_route=\/wp\/v2\/posts"}],"about":[{"href":"https:\/\/historiografija.hr\/index.php?rest_route=\/wp\/v2\/types\/post"}],"author":[{"embeddable":true,"href":"https:\/\/historiografija.hr\/index.php?rest_route=\/wp\/v2\/users\/2"}],"replies":[{"embeddable":true,"href":"https:\/\/historiografija.hr\/index.php?rest_route=%2Fwp%2Fv2%2Fcomments&post=27781"}],"version-history":[{"count":2,"href":"https:\/\/historiografija.hr\/index.php?rest_route=\/wp\/v2\/posts\/27781\/revisions"}],"predecessor-version":[{"id":27784,"href":"https:\/\/historiografija.hr\/index.php?rest_route=\/wp\/v2\/posts\/27781\/revisions\/27784"}],"wp:featuredmedia":[{"embeddable":true,"href":"https:\/\/historiografija.hr\/index.php?rest_route=\/wp\/v2\/media\/27782"}],"wp:attachment":[{"href":"https:\/\/historiografija.hr\/index.php?rest_route=%2Fwp%2Fv2%2Fmedia&parent=27781"}],"wp:term":[{"taxonomy":"category","embeddable":true,"href":"https:\/\/historiografija.hr\/index.php?rest_route=%2Fwp%2Fv2%2Fcategories&post=27781"},{"taxonomy":"post_tag","embeddable":true,"href":"https:\/\/historiografija.hr\/index.php?rest_route=%2Fwp%2Fv2%2Ftags&post=27781"}],"curies":[{"name":"wp","href":"https:\/\/api.w.org\/{rel}","templated":true}]}}