{"id":27771,"date":"2021-10-11T16:36:30","date_gmt":"2021-10-11T16:36:30","guid":{"rendered":"http:\/\/historiografija.hr\/?p=27771"},"modified":"2021-10-11T16:36:30","modified_gmt":"2021-10-11T16:36:30","slug":"josip-kajinic-kardinal-franjo-seper-uloga-i-znacenje-u-promjenama-u-katolickoj-crkvi-i-drustvu","status":"publish","type":"post","link":"https:\/\/historiografija.hr\/?p=27771","title":{"rendered":"Josip Kajini\u0107, \u201cKardinal Franjo \u0160eper. Uloga i zna\u010denje u promjenama u Katoli\u010dkoj Crkvi i dru\u0161tvu\u201d"},"content":{"rendered":"\n<p>Knjiga &#8220;Kardinal Franjo \u0160eper&#8221; donosi detalje iz \u017eivota i djelovanja kardinala Franje \u0160epera. Obna\u0161aju\u0107i va\u017ene du\u017enosti unutar Crkve, od kojih je svakako najbitnija bila ona prefekta Kongregacije za nauk vjere kardinal \u0160eper ostavio je velik trag u promjenama unutar Katoli\u010dke Crkve, kako na prostorima Hrvatske i nekada\u0161nje Jugoslavije, tako i u cijelom svijetu. Izneseni su mnogobrojni detalji iz \u0160eperova \u017eivota, neki poznati, ali i brojni novi i tek otkriveni. Pomo\u0107u mnogobrojne arhivske gra\u0111e iz Hrvatske i inozemstva, dostupne literature te slu\u017ebenih glasila i tiska iznesen je jedan novi pogled na njegovu ulogu i zna\u010denje za Crkvu i dru\u0161tvo. Tako\u0111er iznesene su i neke nove teze o njegovoj ulozi u mnogobrojnim crkvenim, ali i dru\u0161tvenim pitanjima poput primjerice pitanja u odnosu na prostornu organizaciju Crkve, pitanje potpisivanja Protokola izme\u0111u Svete Stolice i Jugoslavije.<\/p>\n\n\n\n<p><br>Knjiga kronolo\u0161ki donosi podatke o \u0160eperovoj ulozi u revitalizaciji vjerskog tiska i izdava\u010dke djelatnosti Crkve op\u0107enito, osnivanju novih \u017eupa, izgradnji i obnovi crkvenih objekata, ja\u010danju odgojno obrazovne komponente Katoli\u010dke Crkve te pove\u0107anju broja polaznika vjerskih \u0161kola, sjemeni\u0161taraca i bogoslova te u kona\u010dnici i broja sve\u0107enika. Prikazani su njegovi koncilski istupi s mnogo konstruktivnih prijedloga, kasnije uva\u017eenih, a s kojima je na koncu stekao povjerenje brojnih kardinala pa i samog Pape \u0161to je rezultiralo njegovim imenovanjem na mjesto prefekta Kongregacije za nauk vjere.<br><br>Knjiga ukazuje na njegovu pozitivnu ulogu, koja se ponajvi\u0161e mogla primijetiti u odnosima s dr\u017eavnim vlastima, gdje je svojom razborito\u0161\u0107u postigao zna\u010dajne pomake za Crkvu i njezine vjernike, u skladu dru\u0161tveno politi\u010dkim okolnostima.<\/p>\n\n\n\n<p><br>U kona\u010dnici ova knjiga doprinosi upoznavanju \u0161ire javnosti s likom kardinala \u0160epera, kojeg na\u017ealost neopravdano \u010de\u0161\u0107e znatno vi\u0161e prepoznaju u inozemstvu negoli u Hrvatskoj.<\/p>\n\n\n\n<hr class=\"wp-block-separator\"\/>\n\n\n\n<p>Izdava\u010d: \u0160kolska knjiga<\/p>\n\n\n\n<p>Broj stranica: 384<\/p>\n\n\n\n<p>Godina izdanja: 2021<\/p>\n\n\n\n<hr class=\"wp-block-separator\"\/>\n\n\n\n<p>Izvor:<\/p>\n\n\n\n<p><a href=\"https:\/\/shop.skolskaknjiga.hr\/kardinal-franjo-seper-uloga-i-znacenje-u-promjenama-u-katolickoj-crkvi-i-drustvu.html\">https:\/\/shop.skolskaknjiga.hr\/kardinal-franjo-seper-uloga-i-znacenje-u-promjenama-u-katolickoj-crkvi-i-drustvu.html<\/a><\/p>\n\n\n\n<hr class=\"wp-block-separator\"\/>\n","protected":false},"excerpt":{"rendered":"","protected":false},"author":2,"featured_media":27772,"comment_status":"open","ping_status":"open","sticky":false,"template":"","format":"standard","meta":{"_acf_changed":false,"jetpack_post_was_ever_published":false,"_jetpack_newsletter_access":"","_jetpack_dont_email_post_to_subs":false,"_jetpack_newsletter_tier_id":0,"_jetpack_memberships_contains_paywalled_content":false,"_jetpack_memberships_contains_paid_content":false,"footnotes":"","jetpack_publicize_message":"","jetpack_publicize_feature_enabled":true,"jetpack_social_post_already_shared":true,"jetpack_social_options":{"image_generator_settings":{"template":"highway","default_image_id":0,"font":"","enabled":false},"version":2}},"categories":[8,3],"tags":[],"class_list":["post-27771","post","type-post","status-publish","format-standard","has-post-thumbnail","hentry","category-knjige","category-novosti"],"acf":{"facebook_opis":""},"jetpack_publicize_connections":[],"jetpack_featured_media_url":"https:\/\/i0.wp.com\/historiografija.hr\/wp-content\/uploads\/2021\/10\/Seper.jpg?fit=775%2C1000&ssl=1","jetpack_sharing_enabled":true,"jetpack-related-posts":[],"_links":{"self":[{"href":"https:\/\/historiografija.hr\/index.php?rest_route=\/wp\/v2\/posts\/27771","targetHints":{"allow":["GET"]}}],"collection":[{"href":"https:\/\/historiografija.hr\/index.php?rest_route=\/wp\/v2\/posts"}],"about":[{"href":"https:\/\/historiografija.hr\/index.php?rest_route=\/wp\/v2\/types\/post"}],"author":[{"embeddable":true,"href":"https:\/\/historiografija.hr\/index.php?rest_route=\/wp\/v2\/users\/2"}],"replies":[{"embeddable":true,"href":"https:\/\/historiografija.hr\/index.php?rest_route=%2Fwp%2Fv2%2Fcomments&post=27771"}],"version-history":[{"count":1,"href":"https:\/\/historiografija.hr\/index.php?rest_route=\/wp\/v2\/posts\/27771\/revisions"}],"predecessor-version":[{"id":27773,"href":"https:\/\/historiografija.hr\/index.php?rest_route=\/wp\/v2\/posts\/27771\/revisions\/27773"}],"wp:featuredmedia":[{"embeddable":true,"href":"https:\/\/historiografija.hr\/index.php?rest_route=\/wp\/v2\/media\/27772"}],"wp:attachment":[{"href":"https:\/\/historiografija.hr\/index.php?rest_route=%2Fwp%2Fv2%2Fmedia&parent=27771"}],"wp:term":[{"taxonomy":"category","embeddable":true,"href":"https:\/\/historiografija.hr\/index.php?rest_route=%2Fwp%2Fv2%2Fcategories&post=27771"},{"taxonomy":"post_tag","embeddable":true,"href":"https:\/\/historiografija.hr\/index.php?rest_route=%2Fwp%2Fv2%2Ftags&post=27771"}],"curies":[{"name":"wp","href":"https:\/\/api.w.org\/{rel}","templated":true}]}}