{"id":27758,"date":"2021-10-08T22:37:24","date_gmt":"2021-10-08T22:37:24","guid":{"rendered":"http:\/\/historiografija.hr\/?p=27758"},"modified":"2021-10-08T22:39:51","modified_gmt":"2021-10-08T22:39:51","slug":"53-deutscher-historikertag","status":"publish","type":"post","link":"https:\/\/historiografija.hr\/?p=27758","title":{"rendered":"53. Deutscher Historikertag"},"content":{"rendered":"\n<p>53. njema\u010dki kongres povjesni\u010dara odr\u017ean je od 5. do 8. listopada 2021. u digitalnom obliku u organizaciji Sveu\u010dili\u0161ta Ludwig Maximilian u M\u00fcnchenu, sa sredi\u0161njom temom \u201cborbi oko tuma\u010denja\u201d (\u201eDeutungsk\u00e4mpfe\u201d).<\/p>\n\n\n\n<hr class=\"wp-block-separator\"\/>\n\n\n\n<p>Due to the pandemic, the programme of the 53rd Deutscher Historikertag from 5 to 8 October 2021 from your host, Ludwig-Maximilian-University in Munich, will take place digitally via a conference platform unless otherwise noted.<\/p>\n\n\n\n<figure class=\"wp-block-embed-wordpress wp-block-embed is-type-wp-embed is-provider-historikertag-2021\"><div class=\"wp-block-embed__wrapper\">\n<blockquote class=\"wp-embedded-content\" data-secret=\"5g9yCSMI4H\"><a href=\"https:\/\/www.historikertag.de\/Muenchen2021\/en\/programm-ankuendigung\/\">Programme<\/a><\/blockquote><iframe loading=\"lazy\" class=\"wp-embedded-content\" sandbox=\"allow-scripts\" security=\"restricted\" style=\"position: absolute; clip: rect(1px, 1px, 1px, 1px);\" title=\"&#8220;Programme&#8221; &#8212; Historikertag 2021\" src=\"https:\/\/www.historikertag.de\/Muenchen2021\/en\/programm-ankuendigung\/embed\/#?secret=5g9yCSMI4H\" data-secret=\"5g9yCSMI4H\" width=\"600\" height=\"338\" frameborder=\"0\" marginwidth=\"0\" marginheight=\"0\" scrolling=\"no\"><\/iframe>\n<\/div><\/figure>\n\n\n\n<hr class=\"wp-block-separator\"\/>\n\n\n\n<p>Obavijesti o prethodnim kongresima:<\/p>\n\n\n\n<figure class=\"wp-block-embed-wordpress wp-block-embed is-type-wp-embed is-provider-historiografija-hr\"><div class=\"wp-block-embed__wrapper\">\n<blockquote class=\"wp-embedded-content\" data-secret=\"iX72qz47Fz\"><a href=\"https:\/\/historiografija.hr\/?p=11351\">52. Deutscher Historikertag 2018<\/a><\/blockquote><iframe loading=\"lazy\" class=\"wp-embedded-content\" sandbox=\"allow-scripts\" security=\"restricted\" style=\"position: absolute; clip: rect(1px, 1px, 1px, 1px);\" title=\"&#8220;52. Deutscher Historikertag 2018&#8221; &#8212; Historiografija.hr\" src=\"https:\/\/historiografija.hr\/?p=11351&#038;embed=true#?secret=iX72qz47Fz\" data-secret=\"iX72qz47Fz\" width=\"600\" height=\"338\" frameborder=\"0\" marginwidth=\"0\" marginheight=\"0\" scrolling=\"no\"><\/iframe>\n<\/div><\/figure>\n\n\n\n<hr class=\"wp-block-separator\"\/>\n\n\n\n<figure class=\"wp-block-embed-wordpress wp-block-embed is-type-wp-embed is-provider-historiografija-hr\"><div class=\"wp-block-embed__wrapper\">\n<blockquote class=\"wp-embedded-content\" data-secret=\"zQaQCYm1wn\"><a href=\"https:\/\/historiografija.hr\/?p=2438\">51. Deutscher Historikertag 2016<\/a><\/blockquote><iframe loading=\"lazy\" class=\"wp-embedded-content\" sandbox=\"allow-scripts\" security=\"restricted\" style=\"position: absolute; clip: rect(1px, 1px, 1px, 1px);\" title=\"&#8220;51. Deutscher Historikertag 2016&#8221; &#8212; Historiografija.hr\" src=\"https:\/\/historiografija.hr\/?p=2438&#038;embed=true#?secret=zQaQCYm1wn\" data-secret=\"zQaQCYm1wn\" width=\"600\" height=\"338\" frameborder=\"0\" marginwidth=\"0\" marginheight=\"0\" scrolling=\"no\"><\/iframe>\n<\/div><\/figure>\n\n\n\n<hr class=\"wp-block-separator\"\/>\n","protected":false},"excerpt":{"rendered":"","protected":false},"author":2,"featured_media":27759,"comment_status":"open","ping_status":"open","sticky":false,"template":"","format":"standard","meta":{"_acf_changed":false,"jetpack_post_was_ever_published":false,"_jetpack_newsletter_access":"","_jetpack_dont_email_post_to_subs":false,"_jetpack_newsletter_tier_id":0,"_jetpack_memberships_contains_paywalled_content":false,"_jetpack_memberships_contains_paid_content":false,"footnotes":"","jetpack_publicize_message":"","jetpack_publicize_feature_enabled":true,"jetpack_social_post_already_shared":true,"jetpack_social_options":{"image_generator_settings":{"template":"highway","default_image_id":0,"font":"","enabled":false},"version":2}},"categories":[3,9],"tags":[],"class_list":["post-27758","post","type-post","status-publish","format-standard","has-post-thumbnail","hentry","category-novosti","category-skupovi"],"acf":{"facebook_opis":""},"jetpack_publicize_connections":[],"jetpack_featured_media_url":"https:\/\/i0.wp.com\/historiografija.hr\/wp-content\/uploads\/2021\/10\/og-image.jpg?fit=1200%2C630&ssl=1","jetpack_sharing_enabled":true,"jetpack-related-posts":[],"_links":{"self":[{"href":"https:\/\/historiografija.hr\/index.php?rest_route=\/wp\/v2\/posts\/27758","targetHints":{"allow":["GET"]}}],"collection":[{"href":"https:\/\/historiografija.hr\/index.php?rest_route=\/wp\/v2\/posts"}],"about":[{"href":"https:\/\/historiografija.hr\/index.php?rest_route=\/wp\/v2\/types\/post"}],"author":[{"embeddable":true,"href":"https:\/\/historiografija.hr\/index.php?rest_route=\/wp\/v2\/users\/2"}],"replies":[{"embeddable":true,"href":"https:\/\/historiografija.hr\/index.php?rest_route=%2Fwp%2Fv2%2Fcomments&post=27758"}],"version-history":[{"count":2,"href":"https:\/\/historiografija.hr\/index.php?rest_route=\/wp\/v2\/posts\/27758\/revisions"}],"predecessor-version":[{"id":27761,"href":"https:\/\/historiografija.hr\/index.php?rest_route=\/wp\/v2\/posts\/27758\/revisions\/27761"}],"wp:featuredmedia":[{"embeddable":true,"href":"https:\/\/historiografija.hr\/index.php?rest_route=\/wp\/v2\/media\/27759"}],"wp:attachment":[{"href":"https:\/\/historiografija.hr\/index.php?rest_route=%2Fwp%2Fv2%2Fmedia&parent=27758"}],"wp:term":[{"taxonomy":"category","embeddable":true,"href":"https:\/\/historiografija.hr\/index.php?rest_route=%2Fwp%2Fv2%2Fcategories&post=27758"},{"taxonomy":"post_tag","embeddable":true,"href":"https:\/\/historiografija.hr\/index.php?rest_route=%2Fwp%2Fv2%2Ftags&post=27758"}],"curies":[{"name":"wp","href":"https:\/\/api.w.org\/{rel}","templated":true}]}}