{"id":27755,"date":"2021-10-08T22:06:26","date_gmt":"2021-10-08T22:06:26","guid":{"rendered":"http:\/\/historiografija.hr\/?p=27755"},"modified":"2021-10-08T22:06:26","modified_gmt":"2021-10-08T22:06:26","slug":"dubrovacki-medijski-dani-dubrovnik-jucer-danas-i-sutra","status":"publish","type":"post","link":"https:\/\/historiografija.hr\/?p=27755","title":{"rendered":"Dubrova\u010dki medijski dani \u2013 Dubrovnik ju\u010der, danas i sutra"},"content":{"rendered":"\n<p><a href=\"https:\/\/www.info.hazu.hr\/znanstvena-vijeca\/znanstveno-vijece-za-antropologijska-istrazivanja\/\" target=\"_blank\" rel=\"noreferrer noopener\">Znanstveno vije\u0107e za antropologijska istra\u017eivanja HAZU<\/a> i Razred za prirodne znanosti HAZU suorganizatori su 15. me\u0111unarodne znanstvene konferencije Dubrova\u010dki medijski dani (DMD) odr\u017eane 1. i 2. listopada u organizaciji Odjela za komunikologiju Sveu\u010dili\u0161ta u Dubrovniku, u Sveu\u010dili\u0161nom kampusu.<\/p>\n\n\n\n<p>Tema ovogodi\u0161nje Konferencije bila je<\/p>\n\n\n\n<p><strong><a href=\"https:\/\/www.unidu.hr\/15-medunarodna-znanstvena-konferencija-dubrovacki-medijski-dani-na-odjelu-za-komunikologiju\/?cat=207\" target=\"_blank\" rel=\"noreferrer noopener\">\u201e30 godina od napada na Dubrovnik: Politi\u010dki, komunikolo\u0161ki i kulturolo\u0161ki aspekti grada pod opsadom\u201c<\/a><\/strong><\/p>\n\n\n\n<p>kao dio programa&nbsp; obilje\u017eavanja 30. obljetnice herojske obrane Dubrovnika u Domovinskom ratu u organizaciji Grada Dubrovnika.<\/p>\n\n\n\n<p><a rel=\"noreferrer noopener\" href=\"https:\/\/www.info.hazu.hr\/wp-content\/uploads\/2021\/10\/MEDIA-DAYS-2021-program-draft_ver2-1.pdf\" target=\"_blank\"><strong>PROGRAM KONFERENCIJE<\/strong><\/a><\/p>\n\n\n\n<hr class=\"wp-block-separator\"\/>\n\n\n\n<p>Izvor:<\/p>\n\n\n\n<figure class=\"wp-block-embed-wordpress wp-block-embed is-type-wp-embed is-provider-hazu\"><div class=\"wp-block-embed__wrapper\">\n<blockquote class=\"wp-embedded-content\" data-secret=\"IDSClc0W1Q\"><a href=\"https:\/\/www.info.hazu.hr\/2021\/10\/dubrovacki-medijski-dani-dubrovnik-jucer-danas-i-sutra\/\">Dubrova\u010dki medijski dani \u2013 Dubrovnik ju\u010der, danas i sutra<\/a><\/blockquote><iframe loading=\"lazy\" class=\"wp-embedded-content\" sandbox=\"allow-scripts\" security=\"restricted\" style=\"position: absolute; clip: rect(1px, 1px, 1px, 1px);\" title=\"&#8220;Dubrova\u010dki medijski dani \u2013 Dubrovnik ju\u010der, danas i sutra&#8221; &#8212; HAZU\" src=\"https:\/\/www.info.hazu.hr\/2021\/10\/dubrovacki-medijski-dani-dubrovnik-jucer-danas-i-sutra\/embed\/#?secret=IDSClc0W1Q\" data-secret=\"IDSClc0W1Q\" width=\"600\" height=\"338\" frameborder=\"0\" marginwidth=\"0\" marginheight=\"0\" scrolling=\"no\"><\/iframe>\n<\/div><\/figure>\n\n\n\n<hr class=\"wp-block-separator\"\/>\n","protected":false},"excerpt":{"rendered":"","protected":false},"author":2,"featured_media":27756,"comment_status":"open","ping_status":"open","sticky":false,"template":"","format":"standard","meta":{"_acf_changed":false,"jetpack_post_was_ever_published":false,"_jetpack_newsletter_access":"","_jetpack_dont_email_post_to_subs":false,"_jetpack_newsletter_tier_id":0,"_jetpack_memberships_contains_paywalled_content":false,"_jetpack_memberships_contains_paid_content":false,"footnotes":"","jetpack_publicize_message":"","jetpack_publicize_feature_enabled":true,"jetpack_social_post_already_shared":true,"jetpack_social_options":{"image_generator_settings":{"template":"highway","default_image_id":0,"font":"","enabled":false},"version":2}},"categories":[3,9],"tags":[],"class_list":["post-27755","post","type-post","status-publish","format-standard","has-post-thumbnail","hentry","category-novosti","category-skupovi"],"acf":{"facebook_opis":""},"jetpack_publicize_connections":[],"jetpack_featured_media_url":"https:\/\/i0.wp.com\/historiografija.hr\/wp-content\/uploads\/2021\/10\/MEDIA-DAYS-2021.jpg?fit=800%2C432&ssl=1","jetpack_sharing_enabled":true,"jetpack-related-posts":[],"_links":{"self":[{"href":"https:\/\/historiografija.hr\/index.php?rest_route=\/wp\/v2\/posts\/27755","targetHints":{"allow":["GET"]}}],"collection":[{"href":"https:\/\/historiografija.hr\/index.php?rest_route=\/wp\/v2\/posts"}],"about":[{"href":"https:\/\/historiografija.hr\/index.php?rest_route=\/wp\/v2\/types\/post"}],"author":[{"embeddable":true,"href":"https:\/\/historiografija.hr\/index.php?rest_route=\/wp\/v2\/users\/2"}],"replies":[{"embeddable":true,"href":"https:\/\/historiografija.hr\/index.php?rest_route=%2Fwp%2Fv2%2Fcomments&post=27755"}],"version-history":[{"count":1,"href":"https:\/\/historiografija.hr\/index.php?rest_route=\/wp\/v2\/posts\/27755\/revisions"}],"predecessor-version":[{"id":27757,"href":"https:\/\/historiografija.hr\/index.php?rest_route=\/wp\/v2\/posts\/27755\/revisions\/27757"}],"wp:featuredmedia":[{"embeddable":true,"href":"https:\/\/historiografija.hr\/index.php?rest_route=\/wp\/v2\/media\/27756"}],"wp:attachment":[{"href":"https:\/\/historiografija.hr\/index.php?rest_route=%2Fwp%2Fv2%2Fmedia&parent=27755"}],"wp:term":[{"taxonomy":"category","embeddable":true,"href":"https:\/\/historiografija.hr\/index.php?rest_route=%2Fwp%2Fv2%2Fcategories&post=27755"},{"taxonomy":"post_tag","embeddable":true,"href":"https:\/\/historiografija.hr\/index.php?rest_route=%2Fwp%2Fv2%2Ftags&post=27755"}],"curies":[{"name":"wp","href":"https:\/\/api.w.org\/{rel}","templated":true}]}}