{"id":27739,"date":"2021-10-08T21:08:16","date_gmt":"2021-10-08T21:08:16","guid":{"rendered":"http:\/\/historiografija.hr\/?p=27739"},"modified":"2021-10-08T21:08:16","modified_gmt":"2021-10-08T21:08:16","slug":"znanstveni-skup-salona-izmedu-sredozemlja-i-panonije","status":"publish","type":"post","link":"https:\/\/historiografija.hr\/?p=27739","title":{"rendered":"Znanstveni skup &#8220;Salona izme\u0111u Sredozemlja i Panonije&#8221;"},"content":{"rendered":"\n<p>U sklopu proslave dvjestote godi\u0161njice osnutka Arheolo\u0161kog muzeja u Splitu i dvjestote godi\u0161njice od po\u010detka sustavnih arheolo\u0161kih istra\u017eivanja u Saloni, Hrvatsko arheolo\u0161ko dru\u0161tvo i Arheolo\u0161ki muzej u Splitu organiziraju godi\u0161nji znanstveni skup Hrvatskog arheolo\u0161kog dru\u0161tva u Solinu. Tema skupa je &#8220;<strong>Salona i njen teritorij u antici i u srednjem vijeku<\/strong>&#8220;. Skup \u0107e se odr\u017eati od 11. do 15.10. 2021.<\/p>\n\n\n\n<p>Na skupu \u0107e biti rasvijetljena uloga glavnoga grada provincije Dalmacije, kao glavnog administrativnog, trgova\u010dkog i politi\u010dkog sredi\u0161ta, koji je povezivao civilizacije nastale na obalama Sredozemnog mora i one u unutra\u0161njosti Europe. Utjecaji su i\u0161li u oba pravca pa se tako o\u010dekuju i rasprave kojima se dokazuju utjecaji civilizacija sa sjevernih dijelova kontinenta na \u017eivot u Saloni i srednjoj Dalmaciji.<\/p>\n\n\n\n<p>Salona je, kao nekada\u0161nji, glavni grad rimske provincije Dalmacije, najve\u0107i anti\u010dki arheolo\u0161ki lokalitet, ali je, ujedno i jedan od najva\u017enijih srednovjekovnih lokaliteta u&nbsp; Republici Hrvatskoj. Uz isto\u010dne bedeme grada prona\u0111eni su ostatci vladarskih benediktinskih samostana, mauzoleja hrvatskih vladara i krunidbene bazilike kralja Zvonimira. Stoga \u0107e dio skupa biti posve\u0107en i ovom va\u017eanom razdoblju za nacionalnu povijest.<\/p>\n\n\n\n<p>Skup \u0107e u potpunosti biti odr\u017ean u Solinu, u hotelima koji imaju uvjete za smje\u0161taj svih sudionika i konferencijsku dvoranu. U sklopu skupa predvi\u0111eno je odr\u017eavanje Sve\u010dane akademije u Hrvatskom narodnom kazali\u0161tu u Splitu, postavljanje triju izlo\u017ebi u Splitu i Solinu te izleti na Klis s posjetom tvr\u0111avi, starokr\u0161\u0107anskom lokalitetu Klapavice, zatim lokalitetu Ri\u017einice, Gospinom otoku, te posjet park \u0161umi Marjan i sakralnim obektima koji se nalaze na njemu.<\/p>\n\n\n\n<p>Program znanstvenog skupa:<\/p>\n\n\n\n<p><a href=\"http:\/\/www.hrvatskoarheoloskodrustvo.hr\/skupovi.html\">http:\/\/www.hrvatskoarheoloskodrustvo.hr\/skupovi.html<\/a><\/p>\n\n\n\n<hr class=\"wp-block-separator\"\/>\n\n\n\n<p><strong>Dani hrvatske arheologije u Splitu i Solinu<\/strong><\/p>\n\n\n\n<p>U povodu obilje\u017eavanja dvjestote obljetnice osnivanja Arheolo\u0161kog muzeja u Splitu&nbsp;<a href=\"callto:(1820.%20-%202020\">(1820. &#8211; 2020<\/a>.) i dvjestote obljetnice sustavnih arheolo\u0161kih istra\u017eivanja u Saloni&nbsp;<a href=\"callto:(1821.%20-%202021\">(1821. &#8211; 2021<\/a>.) Arheolo\u0161ki muzej u Splitu i Hrvatsko arheolo\u0161ko dru\u0161tvo organiziraju <strong>Dane hrvatske arheologije u Splitu i Solinu<\/strong> od 11. do 15. listopada 2021. godine.<\/p>\n\n\n\n<p><strong>Program:<\/strong><\/p>\n\n\n\n<p><strong>11. listopada 2021.<\/strong><\/p>\n\n\n\n<p>Sjednica<\/p>\n\n\n\n<p><strong>Sjednica Sredi\u0161njeg odbora Hrvatskog arheolo\u0161kog dru\u0161tva<\/strong><\/p>\n\n\n\n<p>Hotel Salona Palace, Solin<\/p>\n\n\n\n<p><strong>12. \u2013 15. listopada 2021.<\/strong><\/p>\n\n\n\n<p>Znanstveni skup<\/p>\n\n\n\n<p><strong>Salona izme\u0111u Sredozemlja i Panonije<\/strong><\/p>\n\n\n\n<p>Organizatori: Hrvatsko arheolo\u0161ko dru\u0161tvo i Arheolo\u0161ki muzej u Splitu<\/p>\n\n\n\n<p>Hotel Salona Palace, Solin<\/p>\n\n\n\n<p><strong>12. listopada 2021. u 20 h<\/strong><\/p>\n\n\n\n<p>Izlo\u017eba<\/p>\n\n\n\n<p><strong>Vis-\u00e0-Vis 200. Arheolo\u0161ka ba\u0161tina otoka Visa<\/strong><\/p>\n\n\n\n<p>Autori<em>: Jelena Jovanovi\u0107, Boris \u010cargo i Maja Bona\u010di\u0107 Mandini\u0107<\/em><\/p>\n\n\n\n<p>Arheolo\u0161ki muzej u Splitu<\/p>\n\n\n\n<p><strong>13. listopada 2021. u 21 h<\/strong><\/p>\n\n\n\n<p>Izlo\u017eba<\/p>\n\n\n\n<p><strong>U temeljima hrvatske arheologije<\/strong><\/p>\n\n\n\n<p>Autor: <em>Arsen Duplan\u010di\u0107<\/em><\/p>\n\n\n\n<p>Dom kulture Zvonimir, Solin<\/p>\n\n\n\n<p><strong>14. listopada 2021. u 11 \u2013 13 h<\/strong><\/p>\n\n\n\n<p>Okrugli stol<\/p>\n\n\n\n<p><strong>Budu\u0107nost Salone<\/strong><\/p>\n\n\n\n<p>Hotel Salona Palace, Solin<\/p>\n\n\n\n<p><strong>15. listopada 2021. u 11 h<\/strong><\/p>\n\n\n\n<p>Izlo\u017eba<\/p>\n\n\n\n<p><strong>Krajolici i spomenici zadarskog podru\u010dja krajem 19. i po\u010detkom 20. stolje\u0107a u istra\u017eivanjima prof. dr. Luke Jeli\u0107a<\/strong><\/p>\n\n\n\n<p>Autori: <em>Martina Dubolni\u0107 Glavan i Robert Mar\u0161i\u0107<\/em><\/p>\n\n\n\n<p>Muzej hrvatskih arheolo\u0161kih spomenika<\/p>\n\n\n\n<p><em><strong>Vi\u0161e:<\/strong><\/em><\/p>\n\n\n\n<ul class=\"wp-block-list\"><li>Znanstveni skup <strong>Salona izme\u0111u Sredozemlja i Panonije<\/strong><\/li><li>Hotel &#8216;Salona Palace&#8217; u Solinu od 12. do 15. listopada 2021.<\/li><li>Organizatori: Hrvatsko arheolo\u0161ko dru\u0161tvo i Arheolo\u0161ki muzej u Splitu<\/li><\/ul>\n\n\n\n<p>Hrvatsko arheolo\u0161ko dru\u0161tvo i Arheolo\u0161ki muzej u Splitu organizatori su znanstvenog skupa pod nazivom <em><strong>Salona izme\u0111u Sredozemlja i Panonije<\/strong><\/em>. Skupom se obilje\u017eava 200 obljetnica od osnutka Arheolo\u0161kog muzeja u Splitu i 200-ta obljetnica po\u010detka sustavnih arheolo\u0161kih istra\u017eivanja u Saloni. Na skupu \u0107e sudjelovati oko 200 arheologa, povjesni\u010dara umjetnosti i povjesni\u010dara, s 50 predavanja.<\/p>\n\n\n\n<p>Najve\u0107i dio predavanja posve\u0107en je novijim arheolo\u0161kim istra\u017eivanjima u Saloni ali i lokalitetima sa \u0161ireg solinskog, sinjskog, imotskog i dubrova\u010dkog podru\u010dja te s istra\u017eivanja na otocima Bra\u010du, Hvaru, Visu, Bi\u0161evu i Kor\u010duli te u Podunavlju.<\/p>\n\n\n\n<p>U sklopu znanstvenog skupa Arheolo\u0161ki muzej u Splitu postavlja dvije izlo\u017ebe: <em><strong>Vis-\u00e0-Vis 200. Arheolo\u0161ka ba\u0161tina otoka Visa<\/strong><\/em><em><strong>i U temeljima hrvatske arheologije<\/strong><\/em><strong>, <\/strong>&nbsp;a <em>tre\u0107u<\/em><strong><em> Krajolici i spomenici zadarskog podru\u010dja krajem 19. i po\u010detkom 20. stolje\u0107a u istra\u017eivanjima prof. dr. don Luke Jeli\u0107a<\/em><\/strong> u suradnji s Arheolo\u0161kim muzejom u Zadru, Hrvatskom akademijom znanosti i umjetnosti, Zavodom za povijesne znanosti u Zadru i Muzejom hrvatskih arheolo\u0161kih spomenika u Splitu. Sve izlo\u017ebe posve\u0107ene su radu Arheolo\u0161kog muzeja u Splitu kroz razli\u010dita razdoblja njegovog djelovanja i na razli\u010ditom prostoru.<\/p>\n\n\n\n<p>14. listopada \u0107e biti odr\u017ean i Okrugli stol pod nazivom <em><strong>Budu\u0107nost <\/strong><\/em><strong>Salone<\/strong>, a sudjeluju: gradona\u010delnik grada Solina Dalibor Nin\u010devi\u0107, predsjednica Turisti\u010dke zajednice grada Solina Jelena Stupalo, Na\u010delnica <strong>sektora za konzervatorske odjele i inspekciju<\/strong> dr. sc. Tatjana Loli\u0107, Glavni konzervator mr.sc. Zoran Wiewegh, pro\u010delnik Konzervatorskog odjela u Splitu dr. sc. Radoslav Bu\u017ean\u010di\u0107, predsjednica Hrvatskog arheolo\u0161kog dru\u0161tva dr. sc. Jacqueline Balen, pro\u010delnica Odsjeka za konzervaciju i restauraciju Umjetni\u010dke akademije u Splitu dr. sc. doc. Miona Mili\u0161a, predstavnici privatnih arheolo\u0161kih firmi Anita Penovi\u0107 i Vedran Katavi\u0107 te ravnatelji Muzeja hrvatskih arheolo\u0161kih spomenika dr.sc. Miroslav Kati\u0107, Muzeja grada Ka\u0161tela Ivan \u0160uta i Arheolo\u0161kog muzeja u Splitu dr. sc. Ante Jur\u010devi\u0107.<\/p>\n\n\n\n<hr class=\"wp-block-separator\"\/>\n\n\n\n<p>Izvor i dodatne informacije:<\/p>\n\n\n\n<p><a href=\"https:\/\/www.mdc.hr\/\">https:\/\/www.mdc.hr\/<\/a><\/p>\n\n\n\n<hr class=\"wp-block-separator\"\/>\n","protected":false},"excerpt":{"rendered":"","protected":false},"author":2,"featured_media":27740,"comment_status":"open","ping_status":"open","sticky":false,"template":"","format":"standard","meta":{"_acf_changed":false,"jetpack_post_was_ever_published":false,"_jetpack_newsletter_access":"","_jetpack_dont_email_post_to_subs":false,"_jetpack_newsletter_tier_id":0,"_jetpack_memberships_contains_paywalled_content":false,"_jetpack_memberships_contains_paid_content":false,"footnotes":"","jetpack_publicize_message":"","jetpack_publicize_feature_enabled":true,"jetpack_social_post_already_shared":true,"jetpack_social_options":{"image_generator_settings":{"template":"highway","default_image_id":0,"font":"","enabled":false},"version":2}},"categories":[3,9],"tags":[],"class_list":["post-27739","post","type-post","status-publish","format-standard","has-post-thumbnail","hentry","category-novosti","category-skupovi"],"acf":{"facebook_opis":""},"jetpack_publicize_connections":[],"jetpack_featured_media_url":"https:\/\/i0.wp.com\/historiografija.hr\/wp-content\/uploads\/2021\/10\/sal2.jpg?fit=720%2C360&ssl=1","jetpack_sharing_enabled":true,"jetpack-related-posts":[],"_links":{"self":[{"href":"https:\/\/historiografija.hr\/index.php?rest_route=\/wp\/v2\/posts\/27739","targetHints":{"allow":["GET"]}}],"collection":[{"href":"https:\/\/historiografija.hr\/index.php?rest_route=\/wp\/v2\/posts"}],"about":[{"href":"https:\/\/historiografija.hr\/index.php?rest_route=\/wp\/v2\/types\/post"}],"author":[{"embeddable":true,"href":"https:\/\/historiografija.hr\/index.php?rest_route=\/wp\/v2\/users\/2"}],"replies":[{"embeddable":true,"href":"https:\/\/historiografija.hr\/index.php?rest_route=%2Fwp%2Fv2%2Fcomments&post=27739"}],"version-history":[{"count":1,"href":"https:\/\/historiografija.hr\/index.php?rest_route=\/wp\/v2\/posts\/27739\/revisions"}],"predecessor-version":[{"id":27741,"href":"https:\/\/historiografija.hr\/index.php?rest_route=\/wp\/v2\/posts\/27739\/revisions\/27741"}],"wp:featuredmedia":[{"embeddable":true,"href":"https:\/\/historiografija.hr\/index.php?rest_route=\/wp\/v2\/media\/27740"}],"wp:attachment":[{"href":"https:\/\/historiografija.hr\/index.php?rest_route=%2Fwp%2Fv2%2Fmedia&parent=27739"}],"wp:term":[{"taxonomy":"category","embeddable":true,"href":"https:\/\/historiografija.hr\/index.php?rest_route=%2Fwp%2Fv2%2Fcategories&post=27739"},{"taxonomy":"post_tag","embeddable":true,"href":"https:\/\/historiografija.hr\/index.php?rest_route=%2Fwp%2Fv2%2Ftags&post=27739"}],"curies":[{"name":"wp","href":"https:\/\/api.w.org\/{rel}","templated":true}]}}