{"id":27733,"date":"2021-10-07T21:17:38","date_gmt":"2021-10-07T21:17:38","guid":{"rendered":"http:\/\/historiografija.hr\/?p=27733"},"modified":"2021-10-07T21:17:38","modified_gmt":"2021-10-07T21:17:38","slug":"annie-ernaux-godine","status":"publish","type":"post","link":"https:\/\/historiografija.hr\/?p=27733","title":{"rendered":"Annie Ernaux, \u201cGodine\u201d"},"content":{"rendered":"\n<p>Slavljena kao remek-djelo autobiografske proze, prevedena na brojne svjetske jezike, ova jedinstvena knjiga donosi pri\u010du o vi\u0161e od \u0161ezdeset godina Francuske, koja se od kraja rata razvija u suvremeno dru\u0161tvo kasnoga kapitalizma. Protkan vlastitim sje\u0107anjima, fotografijama, povijesnim doga\u0111ajima, jezikom pojedina razdoblja, popularnom kulturom, radijskim i televizijskim emisijama, modama, proizvodima, \u017eeljama i htijenjima generacija, roman je \u017eivo svjedo\u010danstvo o preobrazbama jednog dru\u0161tva, kulture, ali i cijeloga svijeta. Ernaux nas vra\u0107a u rat u Al\u017eiru, susre\u0107emo Sartrea i de Beauvoir, Edith Piaf, Agn\u00e8s Varda, vra\u0107amo se u svibanj 1968., u doba manifesta za pravo na poba\u010daj, nuklearne prijetnje, pratimo napredak tehnologije, eksploziju konzumerizma, rast nezaposlenosti.\u00a0 Neizreciv protok vremena Annie Ernaux bilje\u017ei i sla\u017ee poput palimpsesta kako bi u pojedina\u010dnu sje\u0107anju izrazila \u201epro\u017eivljenu dimenziju povijesti\u201c i pisanjem \u201eoblikovala svoju budu\u0107u odsutnost\u201c rekonstruiraju\u0107i ono na\u0161e, zajedni\u010dko vrijeme koje \u201eiz davnina sipi do danas\u201c. Tako autorica uspijeva ispisati \u017eivot u sasvim novoj formi autobiografije koja je istovremeno subjektivna i neosobna, privatna i kolektivna.<\/p>\n\n\n\n<hr class=\"wp-block-separator\"\/>\n\n\n\n<p>Iz medija:<\/p>\n\n\n\n<p>\u201eZa one koji jo\u0161 uvijek sumnjaju u mjesto koje Annie Ernaux zauzima u francuskoj knji\u017eevnosti \u2013 a to je sam vrh \u2013 ne mo\u017eemo dovoljno preporu\u010diti <em>Godine<\/em>. \u0160irinom svoga spisateljskog pothvata i stilskom disciplinirano\u0161\u0107u, Ernaux maestralno uranja u vrijeme i sje\u0107anje jedne \u017eene tijekom vi\u0161e od \u0161ezdeset godina.\u201c<\/p>\n\n\n\n<p><em>Le Monde<\/em><\/p>\n\n\n\n<p>\u201e\u010citati Annie Ernaux jest \u0161ok, iskustvo, i \u0161to je glavno \u2013 va\u017eno je. S njom privatno postaje politi\u010dko, politika se preta\u010de u razgovor, a sve zajedno oblikuje se u eksplozivnu, aktualnu i poeti\u010dnu knji\u017eevnost\u2026 remek-djelo.\u201c<\/p>\n\n\n\n<p><em>Der Spiegel<\/em><\/p>\n\n\n\n<p>\u201eSva kriti\u010dka snaga koju tra\u017eimo od romana nalazi se ovdje, u jednoj od klju\u010dnih knjiga na\u0161eg vremena.\u201c<\/p>\n\n\n\n<p><em>Corriere della Sera<\/em><\/p>\n\n\n\n<p>\u201eProces \u010ditanja <em>Godina<\/em> nalikuje otkri\u0107u kutije s blagom. To je knjiga koju \u0107ete zatvarati nakon nekoliko pro\u010ditanih stranica, zaneseni gorko-slatkim dojmom koji vam ostaje u mislima.\u201c<\/p>\n\n\n\n<p><em>Los Angeles Review of Books&nbsp;<\/em><\/p>\n\n\n\n<p>\u201eOvo je autobiografija kakvu niste nikad \u010ditali. Roman <em>Godine<\/em> ozbiljna je i hrabra knjiga, <em>U traganju za izgubljenim vremenom<\/em> na\u0161eg doba medijske dominacije i konzumerizma, na\u0161e epohe apsolutnog robnog feti\u0161izma.\u201c<\/p>\n\n\n\n<p><em>New York Times Book Review<\/em><\/p>\n\n\n\n<hr class=\"wp-block-separator\"\/>\n\n\n\n<p>Prijevod: Vlatka Valenti\u0107<\/p>\n\n\n\n<p>Jezik izvornika: Francuski<\/p>\n\n\n\n<p>Broj stranica: 220<\/p>\n\n\n\n<p>Datum izdanja: 2021.<\/p>\n\n\n\n<hr class=\"wp-block-separator\"\/>\n\n\n\n<p><strong>Annie Ernaux<\/strong> ro\u0111ena je 1940. u francuskoj pokrajini Normandiji gdje je u rodnome Lillebonneu i potom u Yvetotu provela djetinjstvo. Studirala je na Sveu\u010dili\u0161tu u Rouenu te mnogo godina radila kao profesorica knji\u017eevnosti u srednjoj \u0161koli te u Nacionalnom centru za obrazovanje na daljinu. Uz u\u010diteljski posao pisala je i sedamdesetih po\u010dela objavljivati svoje prve knjige koje su vrlo brzo stekle poklonike. Danas se smatra suvremenim klasikom i jednim od najva\u017enijih i najanga\u017eiranijih glasova francuske knji\u017eevne i kulturne scene, a njezino se djelo prou\u010dava na katedrama za knji\u017eevnost diljem svijeta. Za svoj je opus, koji \u010dini preko dvadeset naslova, objavljivanih na brojnim svjetskim jezicima, primila niz istaknutih nagrada. Izdava\u010dka ku\u0107a Gallimard ve\u0107inu njezinih knjiga sabrala je u kolekciji Quarto \u010dime je Ernaux postala prva \u017eena koja je za \u017eivota u\u0161la u tu presti\u017enu biblioteku.\u00a0<\/p>\n\n\n\n<hr class=\"wp-block-separator\"\/>\n\n\n\n<p>Izvor: <a href=\"https:\/\/www.oceanmore.hr\/index.php?opt=shop&amp;act=show&amp;id=193&amp;lang=hr\">https:\/\/www.oceanmore.hr\/index.php?opt=shop&amp;act=show&amp;id=193&amp;lang=hr<\/a><\/p>\n\n\n\n<hr class=\"wp-block-separator\"\/>\n","protected":false},"excerpt":{"rendered":"","protected":false},"author":2,"featured_media":27734,"comment_status":"open","ping_status":"open","sticky":false,"template":"","format":"standard","meta":{"_acf_changed":false,"jetpack_post_was_ever_published":false,"_jetpack_newsletter_access":"","_jetpack_dont_email_post_to_subs":false,"_jetpack_newsletter_tier_id":0,"_jetpack_memberships_contains_paywalled_content":false,"_jetpack_memberships_contains_paid_content":false,"footnotes":"","jetpack_publicize_message":"","jetpack_publicize_feature_enabled":true,"jetpack_social_post_already_shared":true,"jetpack_social_options":{"image_generator_settings":{"template":"highway","default_image_id":0,"font":"","enabled":false},"version":2}},"categories":[3,12],"tags":[],"class_list":["post-27733","post","type-post","status-publish","format-standard","has-post-thumbnail","hentry","category-novosti","category-knjizevnost"],"acf":{"facebook_opis":""},"jetpack_publicize_connections":[],"jetpack_featured_media_url":"https:\/\/i0.wp.com\/historiografija.hr\/wp-content\/uploads\/2021\/10\/Ernaux_naslovnica.jpg?fit=500%2C791&ssl=1","jetpack_sharing_enabled":true,"jetpack-related-posts":[],"_links":{"self":[{"href":"https:\/\/historiografija.hr\/index.php?rest_route=\/wp\/v2\/posts\/27733","targetHints":{"allow":["GET"]}}],"collection":[{"href":"https:\/\/historiografija.hr\/index.php?rest_route=\/wp\/v2\/posts"}],"about":[{"href":"https:\/\/historiografija.hr\/index.php?rest_route=\/wp\/v2\/types\/post"}],"author":[{"embeddable":true,"href":"https:\/\/historiografija.hr\/index.php?rest_route=\/wp\/v2\/users\/2"}],"replies":[{"embeddable":true,"href":"https:\/\/historiografija.hr\/index.php?rest_route=%2Fwp%2Fv2%2Fcomments&post=27733"}],"version-history":[{"count":1,"href":"https:\/\/historiografija.hr\/index.php?rest_route=\/wp\/v2\/posts\/27733\/revisions"}],"predecessor-version":[{"id":27735,"href":"https:\/\/historiografija.hr\/index.php?rest_route=\/wp\/v2\/posts\/27733\/revisions\/27735"}],"wp:featuredmedia":[{"embeddable":true,"href":"https:\/\/historiografija.hr\/index.php?rest_route=\/wp\/v2\/media\/27734"}],"wp:attachment":[{"href":"https:\/\/historiografija.hr\/index.php?rest_route=%2Fwp%2Fv2%2Fmedia&parent=27733"}],"wp:term":[{"taxonomy":"category","embeddable":true,"href":"https:\/\/historiografija.hr\/index.php?rest_route=%2Fwp%2Fv2%2Fcategories&post=27733"},{"taxonomy":"post_tag","embeddable":true,"href":"https:\/\/historiografija.hr\/index.php?rest_route=%2Fwp%2Fv2%2Ftags&post=27733"}],"curies":[{"name":"wp","href":"https:\/\/api.w.org\/{rel}","templated":true}]}}