{"id":27728,"date":"2021-10-07T20:54:09","date_gmt":"2021-10-07T20:54:09","guid":{"rendered":"http:\/\/historiografija.hr\/?p=27728"},"modified":"2021-10-07T20:54:09","modified_gmt":"2021-10-07T20:54:09","slug":"izlozba-najduze-putovanje-prva-plovidba-oko-svijeta","status":"publish","type":"post","link":"https:\/\/historiografija.hr\/?p=27728","title":{"rendered":"Izlo\u017eba \u201cNAJDU\u017dE PUTOVANJE \u2013 prva plovidba oko svijeta\u201d"},"content":{"rendered":"\n<p>Prije 500 godina u Sevilli (\u0160panjolska) zapo\u010delo je putovanje koje je \u010dovje\u010danstvo dugo sanjalo: trebalo je sti\u0107i do mitskog istoka i Za\u010dinskih otoka do tada neistra\u017eenim putem plove\u0107i preko Atlantskog oceana na zapad. Putovanje je 1519. zapo\u010deo Ferdinand Magellan, a zavr\u0161ili su ga tri godine &nbsp;kasnije, tj. 1522.,&nbsp; Juan Sebasti\u00e1n Elcano i posada broda Victoria, \u010dime se ono pretvorilo u najdu\u017ee putovanje tog doba i prvo oplovljavanje svijeta. Ova izlo\u017eba kronolo\u0161ki opisuje kako je tekao cijeli pothvat vezan za organizaciju i realizaciju te nesvakida\u0161nje avanture, no osim datuma, \u010dinjenica i brojki, ona publici otkriva i ljudsku stranu pomoraca koji su sanjali o do tada nezamislivom putovanju, krenuli u nepoznato, pro\u0161li sva isku\u0161enja i vratili se, izmijeniv\u0161i time tijek povijesti.<\/p>\n\n\n\n<p>Od 5 brodova koji su 10. kolovoza 1519. isplovili iz Seville, natrag se vratio samo jedan \u2013 Nao Victoria. Od 245 \u010dlanova posade koji su na njima plovili, nazad ih se vratilo samo 18, \u0161to vjerno do\u010darava koliko je te\u0161ko bilo to putovanje. Ovaj juna\u010dki pothvat je ujedno dokazao da je zemlja okrugla, da je njezin promjer mnogo ve\u0107i nego \u0161to se mislilo i da se izme\u0111u Ameri\u010dkog kontinenta i Indijskog oceana stere ogromni Tihi ocean, dotada nepoznat Europljanima.<\/p>\n\n\n\n<p>Izlo\u017eba daje glas protagonistima ekspedicije putem pisanih svjedo\u010danstva onih koji su putovanje planirali, pripremili i realizirali. Obja\u0161njava nam ne samo kako je svijet prvi put oplovljen, ve\u0107 i kakav je uop\u0107e bio u to vrijeme, te kako su njegove do tada odijeljene stvarnosti po prvi put me\u0111usobno povezane u jednu globalnu cjelinu.<\/p>\n\n\n\n<p>Od prvog predstavljanja u Sevilli 2019. g. izlo\u017eba je obi\u0161la razne \u0161panjolske i svjetske gradove. Za njezino prvo predstavljanje u Hrvatskoj odabran je Dubrovnik zbog svoje stoljetne i posebne povezanosti s morem i pomorstvom. Nakon otvorenja po\u010detkom rujna, u dubrova\u010dkom Dr\u017eavnom arhivu prona\u0111eni su prijepisi pisama dvojice \u010dlanova ove hrabre ekspedicije. Jedno od njih je do sada bilo slabije poznato javnosti, no iznimno je va\u017eno jer je jedini poznati sa\u010duvani primjerak tog pisma. Fotografije pisama pridru\u017eene su postavu i bit \u0107e izlo\u017eene i u sklopu izlo\u017ebe u Zagrebu, a nakon toga nastavit \u0107e putovanje po Hrvatskoj.<\/p>\n\n\n\n<ul class=\"wp-block-list\"><li><a href=\"https:\/\/web2020.ffzg.unizg.hr\/wp-content\/uploads\/2021\/10\/NAJDU\u017dE-PUTOVANJE-Novi-snovi-novi-izazovi-.pdf\"><strong>NAJDU\u017dE PUTOVANJE: Novi snovi, novi izazovi <\/strong>\u2013 Eduardo Garc\u00eda Llama<\/a><\/li><li><a href=\"https:\/\/web2020.ffzg.unizg.hr\/wp-content\/uploads\/2021\/10\/MAGELLANOV-TJESNAC.pdf\"><strong>Magellanov tjesnac<\/strong> \u2013 Ignacio Fern\u00e1ndez Vial<\/a><\/li><li><a href=\"https:\/\/web2020.ffzg.unizg.hr\/wp-content\/uploads\/2021\/10\/Brod-Trinidad-drugo-oplovljavanje-svijeta-.pdf\"><strong>Brod Trinidad: drugo oplovljavanje svijeta<\/strong> \u2013 Braulio V\u00e1zquez Campos<\/a><\/li><li><a href=\"https:\/\/web2020.ffzg.unizg.hr\/wp-content\/uploads\/2021\/10\/Elcanovo-pismo-Carlosu-V.pdf\"><strong>Elcanovo pismo Carlosu V.<\/strong> \u2013 Mar\u00eda Antonia Colomar Albajar<\/a><\/li><li><strong>TEHNI\u010cKI PODACI<\/strong><ul><li><strong>Organizatori<\/strong>: \u0160panjolska kulturna akcija, Ministarstvo kulture i sporta Kraljevine \u0160panjolske i Filozofski fakultet<\/li><li><strong>Kustosi<\/strong>: Antonio Fern\u00e1ndez Torres, Guillermo Mor\u00e1n Dauchez (Archivo General de Indias), Braulio V\u00e1zquez Campos (Archivo General de Indias)<\/li><\/ul><\/li><li><strong>OSNOVNE INFORMACIJE<\/strong><\/li><\/ul>\n\n\n\n<ul class=\"wp-block-list\"><li>Trajanje izlo\u017ebe: <strong>04. \u2013 24.10.2021.<\/strong><\/li><li>Mjesto: <strong>Aula Knji\u017enice Filozofskog fakulteta Sveu\u010dili\u0161ta u Zagrebu<\/strong><\/li><\/ul>\n\n\n\n<hr class=\"wp-block-separator\"\/>\n\n\n\n<p>Izvor:<\/p>\n\n\n\n<figure class=\"wp-block-embed-wordpress wp-block-embed is-type-wp-embed is-provider-filozofski-fakultet-sveucilista-u-zagrebu\"><div class=\"wp-block-embed__wrapper\">\n<blockquote class=\"wp-embedded-content\" data-secret=\"4VnAZCw8Yu\"><a href=\"https:\/\/web2020.ffzg.unizg.hr\/blog\/2021\/10\/04\/izlozba-najduze-putovanje-prva-plovidba-oko-svijeta\/\">Izlo\u017eba: NAJDU\u017dE PUTOVANJE &#8211; prva plovidba oko svijeta<\/a><\/blockquote><iframe loading=\"lazy\" class=\"wp-embedded-content\" sandbox=\"allow-scripts\" security=\"restricted\" style=\"position: absolute; clip: rect(1px, 1px, 1px, 1px);\" title=\"&#8220;Izlo\u017eba: NAJDU\u017dE PUTOVANJE &#8211; prva plovidba oko svijeta&#8221; &#8212; Filozofski fakultet Sveu\u010dili\u0161ta u Zagrebu\" src=\"https:\/\/web2020.ffzg.unizg.hr\/blog\/2021\/10\/04\/izlozba-najduze-putovanje-prva-plovidba-oko-svijeta\/embed\/#?secret=4VnAZCw8Yu\" data-secret=\"4VnAZCw8Yu\" width=\"600\" height=\"338\" frameborder=\"0\" marginwidth=\"0\" marginheight=\"0\" scrolling=\"no\"><\/iframe>\n<\/div><\/figure>\n\n\n\n<hr class=\"wp-block-separator\"\/>\n","protected":false},"excerpt":{"rendered":"","protected":false},"author":2,"featured_media":27729,"comment_status":"open","ping_status":"open","sticky":false,"template":"","format":"standard","meta":{"_acf_changed":false,"jetpack_post_was_ever_published":false,"_jetpack_newsletter_access":"","_jetpack_dont_email_post_to_subs":false,"_jetpack_newsletter_tier_id":0,"_jetpack_memberships_contains_paywalled_content":false,"_jetpack_memberships_contains_paid_content":false,"footnotes":"","jetpack_publicize_message":"","jetpack_publicize_feature_enabled":true,"jetpack_social_post_already_shared":true,"jetpack_social_options":{"image_generator_settings":{"template":"highway","default_image_id":0,"font":"","enabled":false},"version":2}},"categories":[10,3],"tags":[],"class_list":["post-27728","post","type-post","status-publish","format-standard","has-post-thumbnail","hentry","category-izlozbe","category-novosti"],"acf":{"facebook_opis":""},"jetpack_publicize_connections":[],"jetpack_featured_media_url":"https:\/\/i0.wp.com\/historiografija.hr\/wp-content\/uploads\/2021\/10\/Deplijan-izlozba-ZG.jpg?fit=600%2C464&ssl=1","jetpack_sharing_enabled":true,"jetpack-related-posts":[],"_links":{"self":[{"href":"https:\/\/historiografija.hr\/index.php?rest_route=\/wp\/v2\/posts\/27728","targetHints":{"allow":["GET"]}}],"collection":[{"href":"https:\/\/historiografija.hr\/index.php?rest_route=\/wp\/v2\/posts"}],"about":[{"href":"https:\/\/historiografija.hr\/index.php?rest_route=\/wp\/v2\/types\/post"}],"author":[{"embeddable":true,"href":"https:\/\/historiografija.hr\/index.php?rest_route=\/wp\/v2\/users\/2"}],"replies":[{"embeddable":true,"href":"https:\/\/historiografija.hr\/index.php?rest_route=%2Fwp%2Fv2%2Fcomments&post=27728"}],"version-history":[{"count":1,"href":"https:\/\/historiografija.hr\/index.php?rest_route=\/wp\/v2\/posts\/27728\/revisions"}],"predecessor-version":[{"id":27730,"href":"https:\/\/historiografija.hr\/index.php?rest_route=\/wp\/v2\/posts\/27728\/revisions\/27730"}],"wp:featuredmedia":[{"embeddable":true,"href":"https:\/\/historiografija.hr\/index.php?rest_route=\/wp\/v2\/media\/27729"}],"wp:attachment":[{"href":"https:\/\/historiografija.hr\/index.php?rest_route=%2Fwp%2Fv2%2Fmedia&parent=27728"}],"wp:term":[{"taxonomy":"category","embeddable":true,"href":"https:\/\/historiografija.hr\/index.php?rest_route=%2Fwp%2Fv2%2Fcategories&post=27728"},{"taxonomy":"post_tag","embeddable":true,"href":"https:\/\/historiografija.hr\/index.php?rest_route=%2Fwp%2Fv2%2Ftags&post=27728"}],"curies":[{"name":"wp","href":"https:\/\/api.w.org\/{rel}","templated":true}]}}