{"id":27715,"date":"2021-10-06T09:33:28","date_gmt":"2021-10-06T09:33:28","guid":{"rendered":"http:\/\/historiografija.hr\/?p=27715"},"modified":"2021-10-06T09:36:34","modified_gmt":"2021-10-06T09:36:34","slug":"izlozba-rakovicki-ustanak-1871-i-eugen-kvaternik-od-pobune-do-kulta-nacionalnog-junaka","status":"publish","type":"post","link":"https:\/\/historiografija.hr\/?p=27715","title":{"rendered":"Izlo\u017eba \u201eRakovi\u010dki ustanak 1871. i Eugen Kvaternik: od pobune do kulta nacionalnog junaka\u201c"},"content":{"rendered":"\n<p>Obavje\u0161tavamo vas kako \u0107e se u \u010detvrtak, 7. listopada 2021., u Hrvatskom dr\u017eavnom arhivu povodom obilje\u017eavanja 150. obljetnice Rakovi\u010dkog ustanka 1871. odr\u017eati znanstveni skup i sve\u010dano otvoriti izlo\u017eba \u201eRakovi\u010dki ustanak 1871. i Eugen Kvaternik: od pobune do kulta nacionalnog junaka\u201c. Znanstveni skup i prigodna izlo\u017eba nastali su u suradnji Hrvatskog dr\u017eavnog arhiva, Hrvatskog povijesnog muzeja, Hrvatskog instituta za povijest, Nacionalne i sveu\u010dili\u0161ne knji\u017enice u Zagrebu te Ministarstva kulture i medija Republike Hrvatske.<\/p>\n\n\n\n<p>Izlo\u017eba se odr\u017eava pod visokim pokroviteljstvom Vlade Republike Hrvatske i bit \u0107e otvorena u razdoblju od 7. listopada do 15. prosinca 2021. Svi zainteresirani mo\u0107i \u0107e je pogledati svakim radnim danom od 9 do 14 sati uz prethodnu najavu na e-adresu: <a href=\"mailto:kpa@arhiv.hr\">kpa@arhiv.hr<\/a><\/p>\n\n\n\n<hr class=\"wp-block-separator\"\/>\n\n\n\n<p>Hrvatska historiografija Rakovi\u010dkom ustanku pridaje jedno od sredi\u0161njih mjesta u oblikovanju ideje o nacionalnoj dr\u017eavi i hrvatskoj samostalnosti, ali istodobno propituje smislenost toga neuspjeloga pothvata. Sto pedeseta obljetnica Rakovi\u010dkog ustanka, odjeci kojega su se u razli\u010ditim vidovima provukli do dana\u0161njih dana, prigoda je za prisje\u0107anje, obilje\u017eavanje, upoznavanje uzroka i okolnosti u kojima se tijekom druge polovice 19. stolje\u0107a stvara politi\u010dka misao o modernoj i neovisnoj dr\u017eavi na ovom prostoru.<\/p>\n\n\n\n<p><\/p>\n\n\n\n<p>Izlo\u017eba prati europski prostor i njegove klju\u010dne mijene od sredine 19. stolje\u0107a, u\u017ei prostor Habsbur\u0161ke, odnosno Austro-Ugarske Monarhije, kao i hrvatske zemlje s naglaskom na prikaz stanja Vojne Krajine kao mjesta o\u017eivotvorenja ustanka i djelovanja njegovih protagonista. Posebna pozornost posve\u0107ena je \u017eivotnomu putu i sudbinama idejnoga za\u010detnika toga doga\u0111aja Eugena Kvaternika, ali i njegovih najbli\u017eih suradnika i suorganizatora pokreta Vjekoslava Bacha, Ante Rakija\u0161a, Petra Vrdoljaka i Rade \u010cui\u0107a. Dio izlo\u017ebe posve\u0107en je nizu uzastopnih doga\u0111aja koji su pridonijeli stvaranju kulta Eugena Kvaternika kao nacionalnoga junaka, a ideji ustanka pridali dr\u017eavotvorni zna\u010daj. Historiografija, publicistika, knji\u017eevnost i umjetnost dale su obol prepoznavanju doga\u0111aja i klju\u010dnih osoba, pa se izvornim gradivom arhiva, muzeja i knji\u017enica ovom izlo\u017ebom nastoje o\u017eivjeti prostor, vrijeme i ideje,svjesno i nesvjesno utkane u nacionalnu memoriju.<\/p>\n\n\n\n<p><br>Mo\u017eda je upravo ponovnim sjedinjenjem Kvaternikovih okrvavljenih spisa i kov\u010dega u kojima ih je ponio u posljednju borbu simboli\u010dki utjelovljena i uspje\u0161na suradnja srodnih kulturnih i znanstvenih institucija, Hrvatskog dr\u017eavnog arhiva, Hrvatskog povijesnog muzeja, Hrvatskog instituta za povijest te Nacionalne i sveu\u010dili\u0161ne knji\u017enice.<\/p>\n\n\n\n<hr class=\"wp-block-separator\"\/>\n\n\n\n<p>IZLO\u017dBENE CJELINE:<\/p>\n\n\n\n<p>Hrvatska i Europa \u2013 kronologija<br>Civilna Hrvatska pred ustanak<br>Vojna Krajina<br>Eugen Kvaternik<br>Ustanici i \u017ertve<br>Ustaj, ustaj, rode hrvatski!<br>Posljedice ustanka<br>Naslje\u0111e ustanka i kult nacionalnog junaka<\/p>\n\n\n\n<p>IMPRESUM IZLO\u017dBE:<\/p>\n\n\n\n<p>ORGANIZATORI<br>Hrvatski dr\u017eavni arhiv<br>Hrvatski povijesni muzej<br>Hrvatski institut za povijest<br>Nacionalna i sveu\u010dili\u0161na knji\u017enica u Zagrebu<\/p>\n\n\n\n<p>AUTORI IZLO\u017dBE I KATALOGA<br>Diana Mik\u0161i\u0107, Hrvoje Bari\u010devi\u0107 (Hrvatski dr\u017eavni arhiv)<br>Leon Bo\u0161njak (Hrvatski povijesni muzej)<\/p>\n\n\n\n<p>STRU\u010cNI SURADNICI<br>Alexander Buczynski (Hrvatski institut za povijest)<br>Stjepan Matkovi\u0107 (Hrvatski institut za povijest)<\/p>\n\n\n\n<p>DIZAJN IZLO\u017dBE I KATALOGA<br>Maja Kari\u0107<\/p>\n\n\n\n<p>POSUDITELJI IZVORNE ARHIVSKE, KNJI\u017dNI\u010cNE I MUZEJSKE GRA\u0110E<br>Hrvatski dr\u017eavni arhiv, Hrvatski povijesni muzej, Nacionalna i sveu\u010dili\u0161na knji\u017enica u Zagrebu, Nacionalni muzej moderne umjetnosti<\/p>\n\n\n\n<p>FOTOGRAFIJE<br>Hrvatski dr\u017eavni arhiv, Hrvatski povijesni muzej, Nacionalna i sveu\u010dili\u0161na knji\u017enica u Zagrebu, Austrijski dr\u017eavni arhiv, Nadbiskupijski arhiv u Zagrebu, Nacionalni muzej moderne umjetnosti, Hrvatska akademija znanosti i umjetnosti, Srpska akademija nauka i umetnosti, Muzej grada Zagreba<\/p>\n\n\n\n<p>Izlo\u017eba i katalog financirani su sredstvima Ministarstva kulture i medija Republike Hrvatske.<\/p>\n\n\n\n<hr class=\"wp-block-separator\"\/>\n\n\n\n<p>Izvori:<\/p>\n\n\n\n<p><a href=\"http:\/\/www.arhiv.hr\/hr-hr\/Izlozbe-i-dogadjanja\/ArticleId\/1495\/oamid\/1633\">http:\/\/www.arhiv.hr\/hr-hr\/Izlozbe-i-dogadjanja\/ArticleId\/1495\/oamid\/1633<\/a><\/p>\n\n\n\n<p><a href=\"https:\/\/www.hismus.hr\/hr\/novosti\/aktualno\/izlozba\/izlozba-rakovicki-ustanak-1871-i-eugen-kvaternik-od-pobune-do-kulta-nacionalnog-junaka\/\">https:\/\/www.hismus.hr\/hr\/novosti\/aktualno\/izlozba\/izlozba-rakovicki-ustanak-1871-i-eugen-kvaternik-od-pobune-do-kulta-nacionalnog-junaka\/<\/a><\/p>\n\n\n\n<hr class=\"wp-block-separator\"\/>\n\n\n\n<figure class=\"wp-block-embed-wordpress wp-block-embed is-type-wp-embed is-provider-historiografija-hr\"><div class=\"wp-block-embed__wrapper\">\n<blockquote class=\"wp-embedded-content\" data-secret=\"XpZOjDYMLU\"><a href=\"https:\/\/historiografija.hr\/?p=27673\">Rakovi\u010dki ustanak 1871. \u2013 znanstvena konferencija u povodu obilje\u017eavanja 150. godi\u0161njice<\/a><\/blockquote><iframe loading=\"lazy\" class=\"wp-embedded-content\" sandbox=\"allow-scripts\" security=\"restricted\" style=\"position: absolute; clip: rect(1px, 1px, 1px, 1px);\" title=\"&#8220;Rakovi\u010dki ustanak 1871. \u2013 znanstvena konferencija u povodu obilje\u017eavanja 150. godi\u0161njice&#8221; &#8212; Historiografija.hr\" src=\"https:\/\/historiografija.hr\/?p=27673&#038;embed=true#?secret=XpZOjDYMLU\" data-secret=\"XpZOjDYMLU\" width=\"600\" height=\"338\" frameborder=\"0\" marginwidth=\"0\" marginheight=\"0\" scrolling=\"no\"><\/iframe>\n<\/div><\/figure>\n\n\n\n<hr class=\"wp-block-separator\"\/>\n","protected":false},"excerpt":{"rendered":"","protected":false},"author":2,"featured_media":27716,"comment_status":"open","ping_status":"open","sticky":false,"template":"","format":"standard","meta":{"_acf_changed":false,"jetpack_post_was_ever_published":false,"_jetpack_newsletter_access":"","_jetpack_dont_email_post_to_subs":false,"_jetpack_newsletter_tier_id":0,"_jetpack_memberships_contains_paywalled_content":false,"_jetpack_memberships_contains_paid_content":false,"footnotes":"","jetpack_publicize_message":"","jetpack_publicize_feature_enabled":true,"jetpack_social_post_already_shared":true,"jetpack_social_options":{"image_generator_settings":{"template":"highway","default_image_id":0,"font":"","enabled":false},"version":2}},"categories":[10,3],"tags":[],"class_list":["post-27715","post","type-post","status-publish","format-standard","has-post-thumbnail","hentry","category-izlozbe","category-novosti"],"acf":{"facebook_opis":""},"jetpack_publicize_connections":[],"jetpack_featured_media_url":"https:\/\/i0.wp.com\/historiografija.hr\/wp-content\/uploads\/2021\/10\/Naslovnica_Kvaternik.png?fit=1248%2C864&ssl=1","jetpack_sharing_enabled":true,"jetpack-related-posts":[],"_links":{"self":[{"href":"https:\/\/historiografija.hr\/index.php?rest_route=\/wp\/v2\/posts\/27715","targetHints":{"allow":["GET"]}}],"collection":[{"href":"https:\/\/historiografija.hr\/index.php?rest_route=\/wp\/v2\/posts"}],"about":[{"href":"https:\/\/historiografija.hr\/index.php?rest_route=\/wp\/v2\/types\/post"}],"author":[{"embeddable":true,"href":"https:\/\/historiografija.hr\/index.php?rest_route=\/wp\/v2\/users\/2"}],"replies":[{"embeddable":true,"href":"https:\/\/historiografija.hr\/index.php?rest_route=%2Fwp%2Fv2%2Fcomments&post=27715"}],"version-history":[{"count":3,"href":"https:\/\/historiografija.hr\/index.php?rest_route=\/wp\/v2\/posts\/27715\/revisions"}],"predecessor-version":[{"id":27719,"href":"https:\/\/historiografija.hr\/index.php?rest_route=\/wp\/v2\/posts\/27715\/revisions\/27719"}],"wp:featuredmedia":[{"embeddable":true,"href":"https:\/\/historiografija.hr\/index.php?rest_route=\/wp\/v2\/media\/27716"}],"wp:attachment":[{"href":"https:\/\/historiografija.hr\/index.php?rest_route=%2Fwp%2Fv2%2Fmedia&parent=27715"}],"wp:term":[{"taxonomy":"category","embeddable":true,"href":"https:\/\/historiografija.hr\/index.php?rest_route=%2Fwp%2Fv2%2Fcategories&post=27715"},{"taxonomy":"post_tag","embeddable":true,"href":"https:\/\/historiografija.hr\/index.php?rest_route=%2Fwp%2Fv2%2Ftags&post=27715"}],"curies":[{"name":"wp","href":"https:\/\/api.w.org\/{rel}","templated":true}]}}