{"id":27693,"date":"2021-10-05T10:15:42","date_gmt":"2021-10-05T10:15:42","guid":{"rendered":"http:\/\/historiografija.hr\/?p=27693"},"modified":"2021-10-05T10:15:42","modified_gmt":"2021-10-05T10:15:42","slug":"za-grgu-gamulina-znanstveni-skup-povodom-stotinu-i-desete-obljetnice-rodenja-grge-gamulina-1910-1997","status":"publish","type":"post","link":"https:\/\/historiografija.hr\/?p=27693","title":{"rendered":"Za Grgu Gamulina: znanstveni skup povodom stotinu i desete obljetnice ro\u0111enja Grge Gamulina (1910.-1997.)"},"content":{"rendered":"\n<p>Znanstveni skup povodom stotinu i desete obljetnice ro\u0111enja Grge Gamulina (Jelsa, 1910. \u2013 Zagreb, 1997.), dugogodi\u0161njeg profesora Odsjeka za povijest umjetnosti i suosniva\u010da Instituta za povijest umjetnosti, odr\u017eat \u0107e se na Filozofskom fakultetu (D VI) <strong>7. i 8. listopada<\/strong> 2021. u organizaciji Instituta za povijest umjetnosti i Odsjeka za povijest umjetnosti Filozofskog fakulteta Sveu\u010dili\u0161ta u Zagrebu.<\/p>\n\n\n\n<p><a href=\"https:\/\/web2020.ffzg.unizg.hr\/wp-content\/uploads\/2021\/10\/ProgramZaGrguGamulina.pdf\">Raspored izlaganja<\/a><\/p>\n\n\n\n<p><a href=\"https:\/\/web2020.ffzg.unizg.hr\/wp-content\/uploads\/2021\/10\/ZaGrguGamulina_Knjiga_sazetaka.pdf\">Knjiga sa\u017eetaka<\/a><\/p>\n\n\n\n<hr class=\"wp-block-separator\"\/>\n\n\n\n<p>Izvori:<\/p>\n\n\n\n<figure class=\"wp-block-embed-wordpress wp-block-embed is-type-wp-embed is-provider-filozofski-fakultet-sveucilista-u-zagrebu\"><div class=\"wp-block-embed__wrapper\">\n<blockquote class=\"wp-embedded-content\" data-secret=\"oAeTeQkR5h\"><a href=\"https:\/\/web2020.ffzg.unizg.hr\/blog\/2021\/10\/04\/za-grgu-gamulina-znanstveni-skup-povodom-stotinu-i-desete-obljetnice-rodenja-grge-gamulina-1910-1997\/\">Za Grgu Gamulina: znanstveni skup povodom stotinu i desete obljetnice ro\u0111enja Grge Gamulina (1910.-1997.)<\/a><\/blockquote><iframe loading=\"lazy\" class=\"wp-embedded-content\" sandbox=\"allow-scripts\" security=\"restricted\" style=\"position: absolute; clip: rect(1px, 1px, 1px, 1px);\" title=\"&#8220;Za Grgu Gamulina: znanstveni skup povodom stotinu i desete obljetnice ro\u0111enja Grge Gamulina (1910.-1997.)&#8221; &#8212; Filozofski fakultet Sveu\u010dili\u0161ta u Zagrebu\" src=\"https:\/\/web2020.ffzg.unizg.hr\/blog\/2021\/10\/04\/za-grgu-gamulina-znanstveni-skup-povodom-stotinu-i-desete-obljetnice-rodenja-grge-gamulina-1910-1997\/embed\/#?secret=oAeTeQkR5h\" data-secret=\"oAeTeQkR5h\" width=\"600\" height=\"338\" frameborder=\"0\" marginwidth=\"0\" marginheight=\"0\" scrolling=\"no\"><\/iframe>\n<\/div><\/figure>\n\n\n\n<p><a href=\"https:\/\/www.ipu.hr\/article\/hr\/1116\/za-grgu-gamulina\">https:\/\/www.ipu.hr\/article\/hr\/1116\/za-grgu-gamulina<\/a><\/p>\n\n\n\n<hr class=\"wp-block-separator\"\/>\n","protected":false},"excerpt":{"rendered":"","protected":false},"author":2,"featured_media":27694,"comment_status":"open","ping_status":"open","sticky":false,"template":"","format":"standard","meta":{"_acf_changed":false,"jetpack_post_was_ever_published":false,"_jetpack_newsletter_access":"","_jetpack_dont_email_post_to_subs":false,"_jetpack_newsletter_tier_id":0,"_jetpack_memberships_contains_paywalled_content":false,"_jetpack_memberships_contains_paid_content":false,"footnotes":"","jetpack_publicize_message":"","jetpack_publicize_feature_enabled":true,"jetpack_social_post_already_shared":true,"jetpack_social_options":{"image_generator_settings":{"template":"highway","default_image_id":0,"font":"","enabled":false},"version":2}},"categories":[3,9],"tags":[],"class_list":["post-27693","post","type-post","status-publish","format-standard","has-post-thumbnail","hentry","category-novosti","category-skupovi"],"acf":{"facebook_opis":""},"jetpack_publicize_connections":[],"jetpack_featured_media_url":"https:\/\/i0.wp.com\/historiografija.hr\/wp-content\/uploads\/2021\/10\/ZaGrguGamulina.jpg?fit=800%2C500&ssl=1","jetpack_sharing_enabled":true,"jetpack-related-posts":[],"_links":{"self":[{"href":"https:\/\/historiografija.hr\/index.php?rest_route=\/wp\/v2\/posts\/27693","targetHints":{"allow":["GET"]}}],"collection":[{"href":"https:\/\/historiografija.hr\/index.php?rest_route=\/wp\/v2\/posts"}],"about":[{"href":"https:\/\/historiografija.hr\/index.php?rest_route=\/wp\/v2\/types\/post"}],"author":[{"embeddable":true,"href":"https:\/\/historiografija.hr\/index.php?rest_route=\/wp\/v2\/users\/2"}],"replies":[{"embeddable":true,"href":"https:\/\/historiografija.hr\/index.php?rest_route=%2Fwp%2Fv2%2Fcomments&post=27693"}],"version-history":[{"count":1,"href":"https:\/\/historiografija.hr\/index.php?rest_route=\/wp\/v2\/posts\/27693\/revisions"}],"predecessor-version":[{"id":27695,"href":"https:\/\/historiografija.hr\/index.php?rest_route=\/wp\/v2\/posts\/27693\/revisions\/27695"}],"wp:featuredmedia":[{"embeddable":true,"href":"https:\/\/historiografija.hr\/index.php?rest_route=\/wp\/v2\/media\/27694"}],"wp:attachment":[{"href":"https:\/\/historiografija.hr\/index.php?rest_route=%2Fwp%2Fv2%2Fmedia&parent=27693"}],"wp:term":[{"taxonomy":"category","embeddable":true,"href":"https:\/\/historiografija.hr\/index.php?rest_route=%2Fwp%2Fv2%2Fcategories&post=27693"},{"taxonomy":"post_tag","embeddable":true,"href":"https:\/\/historiografija.hr\/index.php?rest_route=%2Fwp%2Fv2%2Ftags&post=27693"}],"curies":[{"name":"wp","href":"https:\/\/api.w.org\/{rel}","templated":true}]}}