{"id":2769,"date":"2016-12-26T23:00:05","date_gmt":"2016-12-26T23:00:05","guid":{"rendered":"http:\/\/historiografija.hr\/?p=2769"},"modified":"2017-10-09T09:54:05","modified_gmt":"2017-10-09T09:54:05","slug":"luka-pejic-historija-klasicnog-anarhizma-u-hrvatskoj-fragmenti-subverzije","status":"publish","type":"post","link":"https:\/\/historiografija.hr\/?p=2769","title":{"rendered":"Luka Peji\u0107, &#8220;Historija klasi\u010dnog anarhizma u Hrvatskoj \u2013 fragmenti subverzije&#8221;"},"content":{"rendered":"<p align=\"justify\"><span style=\"font-size: medium;\"><br \/>\n<\/span><\/p>\n<p style=\"margin: 0cm 0cm 10pt;\" align=\"justify\"><b style=\"mso-bidi-font-weight: normal;\"><span style=\"font-family: Calibri; font-size: medium;\">SADR\u017dAJ<\/span><\/b><\/p>\n<p align=\"justify\"><span style=\"font-size: medium;\"><br \/>\n<\/span><\/p>\n<p style=\"margin: 0cm 0cm 10pt;\" align=\"justify\"><span style=\"font-family: Calibri; font-size: medium;\">\u00a0<\/span><span style=\"font-size: medium;\"><br \/>\n<\/span><\/p>\n<p style=\"margin: 0cm 0cm 10pt;\" align=\"justify\"><span style=\"font-family: Calibri; font-size: medium;\">Predgovor<\/span><span style=\"font-size: medium;\"><br \/>\n<\/span><\/p>\n<p style=\"margin: 0cm 0cm 10pt;\" align=\"justify\"><span style=\"font-family: Calibri; font-size: medium;\">Uvod\u00a0<\/span><span style=\"font-size: medium;\"><br \/>\n<\/span><\/p>\n<p style=\"margin: 0cm 0cm 10pt;\" align=\"justify\"><span style=\"font-family: Calibri; font-size: medium;\">Historiografski izazov anarhizm<\/span><span style=\"font-family: Calibri; font-size: medium;\">a<\/span><span style=\"font-size: medium;\"><br \/>\n<\/span><\/p>\n<p style=\"margin: 0cm 0cm 10pt;\" align=\"justify\"><span style=\"font-family: Calibri; font-size: medium;\">Anarhija &#8211; nijanse i slojevi ideje<\/span><span style=\"font-size: medium;\"><br \/>\n<\/span><\/p>\n<p style=\"margin: 0cm 0cm 10pt;\" align=\"justify\"><span style=\"font-family: Calibri; font-size: medium;\">Nacija i revolucija<\/span><span style=\"font-size: medium;\"><br \/>\n<\/span><\/p>\n<p style=\"margin: 0cm 0cm 10pt;\" align=\"justify\"><span style=\"font-family: Calibri; font-size: medium;\">Industrijalizacija i radni\u010dki pokret<\/span><span style=\"font-size: medium;\"><br \/>\n<\/span><\/p>\n<p style=\"margin: 0cm 0cm 10pt;\" align=\"justify\"><span style=\"font-family: Calibri; font-size: medium;\">Odjeci Pari\u0161ke komune<\/span><span style=\"font-size: medium;\"><br \/>\n<\/span><\/p>\n<p style=\"margin: 0cm 0cm 10pt;\" align=\"justify\"><span style=\"font-family: Calibri; font-size: medium;\">\u201ePropaganda djelom\u201c<\/span><span style=\"font-size: medium;\"><br \/>\n<\/span><\/p>\n<p style=\"margin: 0cm 0cm 10pt;\" align=\"justify\"><span style=\"font-family: Calibri; font-size: medium;\">Milo\u0161 Krpan<\/span><span style=\"font-size: medium;\"><br \/>\n<\/span><\/p>\n<p style=\"margin: 0cm 0cm 10pt;\" align=\"justify\"><span style=\"font-family: Calibri; font-size: medium;\">Stjepan Fabijanovi\u0107<\/span><span style=\"font-size: medium;\"><br \/>\n<\/span><\/p>\n<p style=\"margin: 0cm 0cm 10pt;\" align=\"justify\"><span style=\"font-family: Calibri; font-size: medium;\">Me\u0111uratno razdoblje i \u0160panjolski gra\u0111anski rat<\/span><span style=\"font-size: medium;\"><br \/>\n<\/span><\/p>\n<p style=\"margin: 0cm 0cm 10pt;\" align=\"justify\"><span style=\"font-family: Calibri; font-size: medium;\">Umjetnost<\/span><span style=\"font-size: medium;\"><br \/>\n<\/span><\/p>\n<p style=\"margin: 0cm 0cm 10pt;\" align=\"justify\"><span style=\"font-family: Calibri; font-size: medium;\">Za kraj<\/span><span style=\"font-size: medium;\"><br \/>\n<\/span><\/p>\n<p style=\"margin: 0cm 0cm 10pt;\" align=\"justify\"><span style=\"font-family: Calibri; font-size: medium;\">Kronologija<\/span><span style=\"font-size: medium;\"><br \/>\n<\/span><\/p>\n<p style=\"margin: 0cm 0cm 10pt;\" align=\"justify\"><span style=\"font-family: Calibri; font-size: medium;\">Grafi\u010dki prilozi<\/span><span style=\"font-size: medium;\"><br \/>\n<\/span><\/p>\n<p style=\"margin: 0cm 0cm 10pt;\" align=\"justify\"><span lang=\"FR\" style=\"mso-ansi-language: FR;\"><span style=\"font-family: Calibri; font-size: medium;\">Literatura<\/span><\/span><span style=\"font-size: medium;\"><br \/>\n<\/span><\/p>\n<p style=\"margin: 0cm 0cm 10pt;\" align=\"justify\"><span lang=\"FR\" style=\"mso-ansi-language: FR;\"><span style=\"font-family: Calibri; font-size: medium;\">Kazalo imena<\/span><\/span><span style=\"font-size: medium;\"><br \/>\n<\/span><\/p>\n<p style=\"margin: 0cm 0cm 10pt;\" align=\"justify\"><span lang=\"FR\" style=\"mso-ansi-language: FR;\"><span style=\"font-family: Calibri; font-size: medium;\">Zahvale<\/span><\/span><span style=\"font-size: medium;\"><br \/>\n<\/span><\/p>\n<p style=\"margin: 0cm 0cm 10pt;\" align=\"justify\"><span lang=\"FR\" style=\"mso-ansi-language: FR;\"><span style=\"font-family: Calibri; font-size: medium;\">Bilje\u0161ka o autoru<br style=\"page-break-before: always; mso-special-character: line-break;\" clear=\"all\" \/> <\/span><\/span><\/p>\n<p align=\"justify\"><span style=\"font-size: medium;\"><br \/>\n<\/span><\/p>\n<p align=\"justify\">&#8212;<\/p>\n<p align=\"justify\">\n<p align=\"justify\">KNJIGA JE DOSTUPNA U PDF-FORMATU:<\/p>\n<p align=\"justify\">\n<p align=\"justify\"><span style=\"font-size: medium;\"><a href=\"https:\/\/historiografija.hr\/wp-content\/uploads\/2016\/12\/historija-klasicnog-anarhizma-pejic-2016.pdf\">historija-klasicnog-anarhizma-pejic (2016)<\/a><\/span><\/p>\n<p align=\"justify\">\n<p style=\"margin: 0cm 0cm 10pt;\" align=\"justify\"><span lang=\"FR\" style=\"mso-ansi-language: FR;\"><span style=\"font-family: Calibri;\"><span style=\"font-size: medium;\">&#8212;<span style=\"mso-spacerun: yes;\">\u00a0 <\/span><\/span><\/span><\/span><\/p>\n<p align=\"justify\"><span style=\"font-size: medium;\"><br \/>\n<\/span><\/p>\n<p style=\"margin: 0cm 0cm 10pt;\" align=\"justify\"><span lang=\"FR\" style=\"mso-ansi-language: FR;\"><span style=\"font-family: Calibri; font-size: medium;\">\u00a0<\/span><\/span><\/p>\n<p align=\"justify\"><span style=\"font-size: medium;\"><br \/>\n<\/span><\/p>\n<p style=\"margin: 0cm 0cm 10pt;\" align=\"justify\"><b style=\"mso-bidi-font-weight: normal;\"><span lang=\"FR\" style=\"mso-ansi-language: FR;\"><span style=\"font-family: Calibri; font-size: medium;\">Odjeci knjige:<\/span><\/span><\/b><\/p>\n<p align=\"justify\"><span style=\"font-size: medium;\"><br \/>\n<\/span><\/p>\n<p style=\"margin: 0cm 0cm 10pt;\" align=\"justify\"><span lang=\"FR\" style=\"mso-ansi-language: FR;\"><span style=\"font-family: Calibri; font-size: medium;\">\u00a0<\/span><\/span><\/p>\n<p align=\"justify\"><span style=\"font-size: medium;\"><br \/>\n<\/span><\/p>\n<p style=\"margin: 0cm 0cm 10pt;\" align=\"justify\"><span style=\"font-family: Calibri;\"><span style=\"font-size: medium;\"><b style=\"mso-bidi-font-weight: normal;\"><i style=\"mso-bidi-font-style: normal;\"><span lang=\"FR\" style=\"mso-ansi-language: FR;\">Novi list<\/span><\/i><\/b><span lang=\"FR\" style=\"mso-ansi-language: FR;\">, 25. prosinca 2016.<\/span><\/span><\/span><\/p>\n<p align=\"justify\"><span style=\"font-size: medium;\"><br \/>\n<\/span><\/p>\n<p style=\"margin: 0cm 0cm 10pt;\" align=\"justify\"><span lang=\"FR\" style=\"mso-ansi-language: FR;\"><span style=\"font-family: Calibri; font-size: medium;\">\u00a0<\/span><\/span><\/p>\n<p align=\"justify\"><span style=\"font-size: medium;\"><br \/>\n<\/span><\/p>\n<p style=\"margin: 0cm 0cm 10pt;\" align=\"justify\"><span lang=\"FR\" style=\"mso-ansi-language: FR;\"><span style=\"font-family: Calibri; font-size: medium;\"><a href=\"http:\/\/www.novilist.hr\/Kultura\/Knjizevnost\/Barutana-i-Historija-klasicnog-anarhizma-u-Hrvatskoj-Pripovijest-o-bitnim-drustvenim-temama\">http:\/\/www.novilist.hr\/Kultura\/Knjizevnost\/Barutana-i-Historija-klasicnog-anarhizma-u-Hrvatskoj-Pripovijest-o-bitnim-drustvenim-temama<\/a><\/span><\/span><\/p>\n<p>&nbsp;<\/p>\n<p><span style=\"font-family: Calibri; font-size: medium;\">\u00a0<\/span><\/p>\n<p>&nbsp;<\/p>\n<p>&#8212;<\/p>\n<p style=\"margin: 0cm 0cm 10pt;\" align=\"justify\"><span lang=\"FR\" style=\"mso-ansi-language: FR;\"><span style=\"font-family: Calibri; font-size: medium;\">\u00a0<\/span><\/span><\/p>\n<p style=\"margin: 0cm 0cm 10pt;\"><b style=\"mso-bidi-font-weight: normal;\"><i style=\"mso-bidi-font-style: normal;\"><span lang=\"FR\" style=\"mso-ansi-language: FR;\">Glas Slavonije<\/span><\/i><\/b><span lang=\"FR\" style=\"mso-ansi-language: FR;\">, 4. velja\u010de 2017.<\/span><\/p>\n<p style=\"margin: 0cm 0cm 10pt;\"><span lang=\"FR\" style=\"mso-ansi-language: FR;\">\u00a0<\/span><\/p>\n<p style=\"margin: 0cm 0cm 10pt;\"><span lang=\"FR\" style=\"mso-ansi-language: FR;\">\u00a0<\/span><\/p>\n<p style=\"margin: 0cm 0cm 10pt;\"><span lang=\"FR\" style=\"mso-ansi-language: FR;\"><a href=\"http:\/\/www.glas-slavonije.hr\/324225\/11\/Pokret-je-prezivio-Nove-strategije-za-novo-opasno-doba\"><span style=\"color: #0000ff;\">http:\/\/www.glas-slavonije.hr\/324225\/11\/Pokret-je-prezivio-Nove-strategije-za-novo-opasno-doba<\/span><\/a><\/span><\/p>\n<p style=\"margin: 0cm 0cm 10pt;\">Prijevod\u00a0intervjua na francuski, Dragan Grcic:<\/p>\n<p style=\"margin: 0cm 0cm 10pt;\"><a href=\"http:\/\/serbie-droitshumains.blogspot.hr\/2017\/02\/histoire-de-lanarchisme-classique-en.html\">http:\/\/serbie-droitshumains.blogspot.hr\/2017\/02\/histoire-de-lanarchisme-classique-en.html<\/a><\/p>\n<p style=\"margin: 0cm 0cm 10pt;\"><span lang=\"FR\" style=\"mso-ansi-language: FR;\">\u00a0<\/span><\/p>\n<p style=\"margin: 0cm 0cm 10pt;\">&#8212;<\/p>\n<p class=\"MsoNormal\"><b style=\"mso-bidi-font-weight: normal;\"><span lang=\"EN-GB\">Hina<\/span><\/b><span lang=\"EN-GB\">, 8. velja\u010de 2017.<\/span><\/p>\n<p class=\"MsoNormal\"><span lang=\"EN-GB\">\u00a0<\/span><\/p>\n<p class=\"MsoNormal\"><a href=\"http:\/\/www.jutarnji.hr\/kultura\/knjizevnost\/anarhizam-u-hrvatskoj-split-je-1912-dobio-nogometni-klub-anarh-koji-je-odbio-izvjesiti-crnu-zastavu-nakon-ubojstva-franje-ferdinanda\/5606167\/\"><span lang=\"EN-GB\">http:\/\/www.jutarnji.hr\/kultura\/knjizevnost\/anarhizam-u-hrvatskoj-split-je-1912-dobio-nogometni-klub-anarh-koji-je-odbio-izvjesiti-crnu-zastavu-nakon-ubojstva-franje-ferdinanda\/5606167\/<\/span><\/a><\/p>\n<p style=\"margin: 0cm 0cm 10pt;\"><span lang=\"FR\" style=\"mso-ansi-language: FR;\">\u00a0<\/span><\/p>\n<p style=\"margin: 0cm 0cm 10pt;\"><span lang=\"FR\" style=\"mso-ansi-language: FR;\">&#8212;<br \/>\n<\/span><\/p>\n<p style=\"margin: 0cm 0cm 10pt;\"><span lang=\"FR\" style=\"mso-ansi-language: FR;\">\u00a0<\/span><\/p>\n<p style=\"margin: 0cm 0cm 10pt;\"><b style=\"mso-bidi-font-weight: normal;\"><span lang=\"FR\" style=\"mso-ansi-language: FR;\">Razgovor o knjizi <i style=\"mso-bidi-font-style: normal;\">Historija klasi\u010dnog anarhizma u Hrvatskoj \u2013 fragmenti subverzije<\/i> <\/span><\/b><\/p>\n<p style=\"margin: 0cm 0cm 10pt;\">petak, 17. 2. 2017. u 20:00<\/p>\n<p style=\"margin: 0cm 0cm 10pt;\">knji\u017enica\/infoshop Pippilotta, Zagreb<\/p>\n<p style=\"margin: 0cm 0cm 10pt;\"><a href=\"http:\/\/infoshop-library-pippilotta.blogspot.hr\/2017\/01\/1722017-razgovor-o-knjizi-historija.html\">http:\/\/infoshop-library-pippilotta.blogspot.hr\/2017\/01\/1722017-razgovor-o-knjizi-historija.html<\/a><\/p>\n<p style=\"margin: 0cm 0cm 10pt;\" align=\"justify\">\u00a0&#8212;<\/p>\n<p>&nbsp;<\/p>\n<p><em><strong>Glas Slavonije<\/strong><\/em>, 25. velja\u010de 2017.<\/p>\n<p>&nbsp;<\/p>\n<p>Osje\u010dki povjesni\u010dar o historiji klasi\u010dnog anarhizma u Hrvatskoj<\/p>\n<p>&nbsp;<\/p>\n<p>U sklopu Muzejskog \u010detvrtka, Osje\u010danin Luka Peji\u0107 predstavio je 23. velja\u010de 2017. u Muzeju Slavonije svoju prvu knjigu naslovljenu \u201cHistorija klasi\u010dnog anarhizma u Hrvatskoj &#8211; fragmenti subverzije\u201d.<\/p>\n<p>&nbsp;<\/p>\n<p><a href=\"http:\/\/www.glas-slavonije.hr\/326160\/3\/Osjecki-povjesnicar-o-historiji-klasicnog-anarhizma-u-Hrvatskoj\">http:\/\/www.glas-slavonije.hr\/326160\/3\/Osjecki-povjesnicar-o-historiji-klasicnog-anarhizma-u-Hrvatskoj<\/a><\/p>\n<p>&nbsp;<\/p>\n<p>&#8212;<\/p>\n<p>&nbsp;<\/p>\n<p><em><strong>Moderna vremena<\/strong><\/em>, 3. o\u017eujka 2017.<\/p>\n<p>&nbsp;<\/p>\n<p>Kritika<\/p>\n<p>&nbsp;<\/p>\n<p>Pi\u0161e: Dubravka Zima<\/p>\n<p>&nbsp;<\/p>\n<p><a href=\"http:\/\/www.mvinfo.hr\/clanak\/luka-pejic-historija-klasicnog-anarhizma-u-hrvatskoj\">http:\/\/www.mvinfo.hr\/clanak\/luka-pejic-historija-klasicnog-anarhizma-u-hrvatskoj<\/a><\/p>\n<p>&nbsp;<\/p>\n<p>&nbsp;<\/p>\n<p align=\"justify\"><span style=\"font-size: medium;\">\u00a0<\/span><\/p>\n","protected":false},"excerpt":{"rendered":"","protected":false},"author":1,"featured_media":3082,"comment_status":"open","ping_status":"open","sticky":false,"template":"","format":"standard","meta":{"_acf_changed":false,"jetpack_post_was_ever_published":false,"_jetpack_newsletter_access":"","_jetpack_dont_email_post_to_subs":true,"_jetpack_newsletter_tier_id":0,"_jetpack_memberships_contains_paywalled_content":false,"_jetpack_memberships_contains_paid_content":false,"footnotes":"","jetpack_publicize_message":"","jetpack_publicize_feature_enabled":true,"jetpack_social_post_already_shared":false,"jetpack_social_options":{"image_generator_settings":{"template":"highway","default_image_id":0,"font":"","enabled":false},"version":2}},"categories":[8,3],"tags":[],"class_list":["post-2769","post","type-post","status-publish","format-standard","has-post-thumbnail","hentry","category-knjige","category-novosti"],"acf":{"facebook_opis":""},"jetpack_publicize_connections":[],"jetpack_featured_media_url":"https:\/\/i0.wp.com\/historiografija.hr\/wp-content\/uploads\/2016\/12\/anarhizam-naslovnica.jpg?fit=562%2C785&ssl=1","jetpack_sharing_enabled":true,"jetpack-related-posts":[],"_links":{"self":[{"href":"https:\/\/historiografija.hr\/index.php?rest_route=\/wp\/v2\/posts\/2769","targetHints":{"allow":["GET"]}}],"collection":[{"href":"https:\/\/historiografija.hr\/index.php?rest_route=\/wp\/v2\/posts"}],"about":[{"href":"https:\/\/historiografija.hr\/index.php?rest_route=\/wp\/v2\/types\/post"}],"author":[{"embeddable":true,"href":"https:\/\/historiografija.hr\/index.php?rest_route=\/wp\/v2\/users\/1"}],"replies":[{"embeddable":true,"href":"https:\/\/historiografija.hr\/index.php?rest_route=%2Fwp%2Fv2%2Fcomments&post=2769"}],"version-history":[{"count":6,"href":"https:\/\/historiografija.hr\/index.php?rest_route=\/wp\/v2\/posts\/2769\/revisions"}],"predecessor-version":[{"id":6253,"href":"https:\/\/historiografija.hr\/index.php?rest_route=\/wp\/v2\/posts\/2769\/revisions\/6253"}],"wp:featuredmedia":[{"embeddable":true,"href":"https:\/\/historiografija.hr\/index.php?rest_route=\/wp\/v2\/media\/3082"}],"wp:attachment":[{"href":"https:\/\/historiografija.hr\/index.php?rest_route=%2Fwp%2Fv2%2Fmedia&parent=2769"}],"wp:term":[{"taxonomy":"category","embeddable":true,"href":"https:\/\/historiografija.hr\/index.php?rest_route=%2Fwp%2Fv2%2Fcategories&post=2769"},{"taxonomy":"post_tag","embeddable":true,"href":"https:\/\/historiografija.hr\/index.php?rest_route=%2Fwp%2Fv2%2Ftags&post=2769"}],"curies":[{"name":"wp","href":"https:\/\/api.w.org\/{rel}","templated":true}]}}