{"id":27685,"date":"2021-10-04T14:31:09","date_gmt":"2021-10-04T14:31:09","guid":{"rendered":"http:\/\/historiografija.hr\/?p=27685"},"modified":"2021-10-04T14:31:09","modified_gmt":"2021-10-04T14:31:09","slug":"42-zagrebacki-knjizevni-razgovori-6-9-x-2021-disidentska-knjizevnost-ili-knjizevnost-zaborava","status":"publish","type":"post","link":"https:\/\/historiografija.hr\/?p=27685","title":{"rendered":"42. Zagreba\u010dki knji\u017eevni razgovori (6.-9.X.2021): Disidentska knji\u017eevnost ili knji\u017eevnost zaborava"},"content":{"rendered":"\n<p>Dru\u0161tvo hrvatskih knji\u017eevnika po\u010detkom listopada tradicionalno organizira Zagreba\u010dke knji\u017eevne razgovore \u2013 jednu od najdugovje\u010dnijih knji\u017eevnih manifestacija u Republici Hrvatskoj i \u0161ire. Rije\u010d je o kultnom knji\u017eevnom susretanju utemeljenom krajem \u0161ezdesetih godina pro\u0161log stolje\u0107a koje u Zagrebu ugo\u0161\u0107uje ugledne pisce, jezikoslovce, knji\u017eevne kriti\u010dare, prevoditelje i kulturologe iz Republike Hrvatske te \u0161ireg okru\u017eenja i svijeta. Objavljivanjem posebno zapa\u017eenih predavanja i tekstova koje je na Zagreba\u010dkim knji\u017eevnim razgovorima do sada izlo\u017eilo gotovo tisu\u0107u sudionika, ostvaruje se dvojaka uloga ove manifestacije, kojom se poti\u010de knji\u017eevni govor, ali i pisano pam\u0107enje. Izlo\u017eena predavanja i tekstovi objavljuju se u periodici DHK-a (Republika i Most) te se time dobiva uvid u razvoj promi\u0161ljanja knji\u017eevnosti, a Zagreba\u010dki knji\u017eevni razgovori, kao i Dru\u0161tvo hrvatskih knji\u017eevnika, oblikuju temelje za kulturolo\u0161ka istra\u017eivanja.<\/p>\n\n\n\n<p>Sudionike i sa\u017eetke njihovih izlaganja donosimo u programskoj knji\u017eici ZKR-a na kraju ove obavijesti&nbsp;(pod &#8220;dokumenti&#8221;,&nbsp;&#8220;download pdf.&#8221;).<\/p>\n\n\n\n<p>Ulaz na sva izlaganja je slobodan! Ukoliko niste u mogu\u0107nosti do\u0107i pozivamo Vas da sva izlaganja popratite na na\u0161em YouTube kanalu&nbsp;<a href=\"https:\/\/www.youtube.com\/channel\/UCs7pp2354FuIZyK916s1L6w\">https:\/\/www.youtube.com\/channel\/UCs7pp2354FuIZyK916s1L6w<\/a>&nbsp;preko snimke koja \u0107e biti objavljena drugog dana nakon izlaganja u realnom vremenu&nbsp;<\/p>\n\n\n\n<p>*Doga\u0111aj se odr\u017eava uz pridr\u017eavanje svih va\u017ee\u0107ih epidemiolo\u0161kih mjera.<\/p>\n\n\n\n<p>Financijska potpora: Ministarstvo kulture i medija RH u Godini \u010ditanja i Grad Zagreb.<\/p>\n\n\n\n<hr class=\"wp-block-separator\"\/>\n\n\n\n<p>Izvor:<\/p>\n\n\n\n<p><a href=\"http:\/\/dhk.hr\/zagrebacki-knjizevni-razgovori\/hrvatska\/pocinju-43.-zagrebacki-knjizevni-razgovori\">http:\/\/dhk.hr\/zagrebacki-knjizevni-razgovori\/hrvatska\/pocinju-43.-zagrebacki-knjizevni-razgovori<\/a><\/p>\n\n\n\n<hr class=\"wp-block-separator\"\/>\n","protected":false},"excerpt":{"rendered":"","protected":false},"author":2,"featured_media":27686,"comment_status":"open","ping_status":"open","sticky":false,"template":"","format":"standard","meta":{"_acf_changed":false,"jetpack_post_was_ever_published":false,"_jetpack_newsletter_access":"","_jetpack_dont_email_post_to_subs":false,"_jetpack_newsletter_tier_id":0,"_jetpack_memberships_contains_paywalled_content":false,"_jetpack_memberships_contains_paid_content":false,"footnotes":"","jetpack_publicize_message":"","jetpack_publicize_feature_enabled":true,"jetpack_social_post_already_shared":true,"jetpack_social_options":{"image_generator_settings":{"template":"highway","default_image_id":0,"font":"","enabled":false},"version":2}},"categories":[3,9],"tags":[],"class_list":["post-27685","post","type-post","status-publish","format-standard","has-post-thumbnail","hentry","category-novosti","category-skupovi"],"acf":{"facebook_opis":""},"jetpack_publicize_connections":[],"jetpack_featured_media_url":"https:\/\/i0.wp.com\/historiografija.hr\/wp-content\/uploads\/2021\/10\/program_zkr_2.jpg?fit=1242%2C841&ssl=1","jetpack_sharing_enabled":true,"jetpack-related-posts":[],"_links":{"self":[{"href":"https:\/\/historiografija.hr\/index.php?rest_route=\/wp\/v2\/posts\/27685","targetHints":{"allow":["GET"]}}],"collection":[{"href":"https:\/\/historiografija.hr\/index.php?rest_route=\/wp\/v2\/posts"}],"about":[{"href":"https:\/\/historiografija.hr\/index.php?rest_route=\/wp\/v2\/types\/post"}],"author":[{"embeddable":true,"href":"https:\/\/historiografija.hr\/index.php?rest_route=\/wp\/v2\/users\/2"}],"replies":[{"embeddable":true,"href":"https:\/\/historiografija.hr\/index.php?rest_route=%2Fwp%2Fv2%2Fcomments&post=27685"}],"version-history":[{"count":1,"href":"https:\/\/historiografija.hr\/index.php?rest_route=\/wp\/v2\/posts\/27685\/revisions"}],"predecessor-version":[{"id":27687,"href":"https:\/\/historiografija.hr\/index.php?rest_route=\/wp\/v2\/posts\/27685\/revisions\/27687"}],"wp:featuredmedia":[{"embeddable":true,"href":"https:\/\/historiografija.hr\/index.php?rest_route=\/wp\/v2\/media\/27686"}],"wp:attachment":[{"href":"https:\/\/historiografija.hr\/index.php?rest_route=%2Fwp%2Fv2%2Fmedia&parent=27685"}],"wp:term":[{"taxonomy":"category","embeddable":true,"href":"https:\/\/historiografija.hr\/index.php?rest_route=%2Fwp%2Fv2%2Fcategories&post=27685"},{"taxonomy":"post_tag","embeddable":true,"href":"https:\/\/historiografija.hr\/index.php?rest_route=%2Fwp%2Fv2%2Ftags&post=27685"}],"curies":[{"name":"wp","href":"https:\/\/api.w.org\/{rel}","templated":true}]}}