{"id":27678,"date":"2021-10-04T14:08:34","date_gmt":"2021-10-04T14:08:34","guid":{"rendered":"http:\/\/historiografija.hr\/?p=27678"},"modified":"2021-10-04T14:08:34","modified_gmt":"2021-10-04T14:08:34","slug":"znanstveni-skup-o-knjizevnom-povjesnicaru-slavku-jezicu","status":"publish","type":"post","link":"https:\/\/historiografija.hr\/?p=27678","title":{"rendered":"Znanstveni skup o knji\u017eevnom povjesni\u010daru Slavku Je\u017ei\u0107u"},"content":{"rendered":"\n<p>Fakultet hrvatskih studija Sveu\u010dili\u0161ta u Zagrebu organizira Znanstveni skup o hrvatskom knji\u017eevnom povjesni\u010daru <strong>Slavku Je\u017ei\u0107u<\/strong>, povodom 125. obljetnice znanstvenikova ro\u0111enja od 7. do 9. listopada 2021. u Zagrebu i Zadru pod pokroviteljstvom Hrvatske akademije znanosti i umjetnosti \/ Razreda za knji\u017eevnost. To je <strong>osamnaesti<\/strong> znanstveni skup u nizu <em>Hrvatski knji\u017eevni povjesni\u010dari<\/em>. Skup \u0107e zapo\u010deti s radom <strong>7. listopada 2021. u 9,00<\/strong> sati na Fakultetu filozofije i religijskih znanosti Sveu\u010dili\u0161ta u Zagrebu i nastaviti radom 8. listopada 2021. na Sveu\u010dili\u0161tu u Zadru.<\/p>\n\n\n\n<p>Slavko Je\u017ei\u0107 (Dubrava, 1895. \u2013 Zagreb, 1969.), hrvatski knji\u017eevnik, knji\u017eevni povjesni\u010dar i prevoditelj, autor je prve cjelovite povijesti hrvatske knji\u017eevnosti (<em>Hrvatska knji\u017eevnost od po\u010detka do danas: 1100\u20131941.,<\/em> 1944.) koja je do danas neizostavan znanstveni priru\u010dnik za prou\u010davanje hrvatske knji\u017eevnosti. Autor je i povijesti francuske knji\u017eevnosti, priredio je kriti\u010dka izdanja sabranih djela brojnih klasika hrvatske knji\u017eevnosti, bio je intendant HNK, sastavio je nekoliko antologija, prevodio je s vi\u0161e jezika, osobito s francuskoga, a djelovao je i kao knji\u017eevnik. Jedan je od utemeljitelja hrvatskoga PEN-kluba.<\/p>\n\n\n\n<p>Suorganizatori Znanstvenoga skupa o Slavku Je\u017ei\u0107u su: Fakultet filozofije i religijskih znanosti Sveu\u010dili\u0161ta u Zagrebu, Filozofski fakultet Sveu\u010dili\u0161ta Josipa Jurja Strossmayera iz Osijeka, Filozofski fakultet Sveu\u010dili\u0161ta u Zagrebu, Sveu\u010dili\u0161te Jurja Dobrile u Puli, Sveu\u010dili\u0161te u Zadru, Hrvatsko filolo\u0161ko dru\u0161tvo, Ogranak Dru\u0161tva hrvatskih knji\u017eevnika \u2013 Zadar, Ogranak Matice hrvatske Vara\u017edin. Na skupu \u0107e sudjelovati 30-ak znanstvenika iz Hrvatske i inozemstva, a nakon skupa, do po\u010detka 2022. planirana je objava <em>Zbornika o Slavku Je\u017ei\u0107u<\/em>. Predvi\u0111eno je i da sudionici skupa posjete Dubravu, rodno mjesto Slavka Je\u017ei\u0107a.<\/p>\n\n\n\n<p>Napominjemo da je prije 26 godina, u Zagrebu i Zadru od 19. do 22. listopada 1995., odr\u017ean prvi znanstveni skup o Slavku Je\u017ei\u0107u povodom njegove 100. obljetnice ro\u0111enja. Godine 1997. u Zagrebu, kao drugi svezak edicije HKP, objavljen je <em>Zbornik o Slavku Je\u017ei\u0107u<\/em> sa znanstvenim radovima priop\u0107enim na tom skupu. U proteklih \u010detvrt stolje\u0107a od prvog znanstvenog skupa o Slavku Je\u017ei\u0107u znanost je utvrdila mnoge nove i va\u017ene \u010dinjenice vezane uz suvremenu recepciju Je\u017ei\u0107eva znanstvenoga opusa. Otvoreno je mnogo novih knji\u017eevno-teoretskih i komparatisti\u010dkih pristupa knji\u017eevnoj historiografiji, posebice pak onih interdisciplinarnih i multidisciplinarnih. U hrvatskoj znanosti o knji\u017eevnosti stasala je nova generacija znanstvenika koja ima potrebu iskazati svoje poglede na sveukupno stvarala\u0161tvo Slavka Je\u017ei\u0107a a za \u0161to im je dobra prilika odr\u017eavanje znanstvenog skupa o tom ugledniku hrvatske filolo\u0161ke znanosti. Ne manje va\u017ena jest i \u010dinjenica da \u0107e skup biti odr\u017ean s me\u0111unarodnom suradnjom.<\/p>\n\n\n\n<p><a href=\"https:\/\/www.info.hazu.hr\/wp-content\/uploads\/2021\/09\/PLAKAT-JEZIC-SKUP-\u2013-26-9-2021.pdf\" target=\"_blank\" rel=\"noreferrer noopener\">Plakat<\/a><\/p>\n\n\n\n<p><a rel=\"noreferrer noopener\" href=\"https:\/\/www.info.hazu.hr\/wp-content\/uploads\/2021\/09\/PROGRAM-ZN-SKUP-o-S-JEZICU-27-9-2021.pdf\" target=\"_blank\">Program i knji\u017eica sa\u017eetaka<\/a><\/p>\n\n\n\n<hr class=\"wp-block-separator\"\/>\n\n\n\n<p>Izvor:<\/p>\n\n\n\n<figure class=\"wp-block-embed-wordpress wp-block-embed is-type-wp-embed is-provider-hazu\"><div class=\"wp-block-embed__wrapper\">\n<blockquote class=\"wp-embedded-content\" data-secret=\"diJoapECAd\"><a href=\"https:\/\/www.info.hazu.hr\/events\/znanstveni-skup-o-slavku-jezicu-pod-pokroviteljstvom-hazu\/\">Znanstveni skup o Slavku Je\u017ei\u0107u pod pokroviteljstvom HAZU<\/a><\/blockquote><iframe loading=\"lazy\" class=\"wp-embedded-content\" sandbox=\"allow-scripts\" security=\"restricted\" style=\"position: absolute; clip: rect(1px, 1px, 1px, 1px);\" title=\"&#8220;Znanstveni skup o Slavku Je\u017ei\u0107u pod pokroviteljstvom HAZU&#8221; &#8212; HAZU\" src=\"https:\/\/www.info.hazu.hr\/events\/znanstveni-skup-o-slavku-jezicu-pod-pokroviteljstvom-hazu\/embed\/#?secret=diJoapECAd\" data-secret=\"diJoapECAd\" width=\"600\" height=\"338\" frameborder=\"0\" marginwidth=\"0\" marginheight=\"0\" scrolling=\"no\"><\/iframe>\n<\/div><\/figure>\n\n\n\n<hr class=\"wp-block-separator\"\/>\n","protected":false},"excerpt":{"rendered":"","protected":false},"author":2,"featured_media":27679,"comment_status":"open","ping_status":"open","sticky":false,"template":"","format":"standard","meta":{"_acf_changed":false,"jetpack_post_was_ever_published":false,"_jetpack_newsletter_access":"","_jetpack_dont_email_post_to_subs":false,"_jetpack_newsletter_tier_id":0,"_jetpack_memberships_contains_paywalled_content":false,"_jetpack_memberships_contains_paid_content":false,"footnotes":"","jetpack_publicize_message":"","jetpack_publicize_feature_enabled":true,"jetpack_social_post_already_shared":true,"jetpack_social_options":{"image_generator_settings":{"template":"highway","default_image_id":0,"font":"","enabled":false},"version":2}},"categories":[3,9],"tags":[],"class_list":["post-27678","post","type-post","status-publish","format-standard","has-post-thumbnail","hentry","category-novosti","category-skupovi"],"acf":{"facebook_opis":""},"jetpack_publicize_connections":[],"jetpack_featured_media_url":"https:\/\/i0.wp.com\/historiografija.hr\/wp-content\/uploads\/2021\/10\/jezic-pozivnica.jpg?fit=870%2C409&ssl=1","jetpack_sharing_enabled":true,"jetpack-related-posts":[],"_links":{"self":[{"href":"https:\/\/historiografija.hr\/index.php?rest_route=\/wp\/v2\/posts\/27678","targetHints":{"allow":["GET"]}}],"collection":[{"href":"https:\/\/historiografija.hr\/index.php?rest_route=\/wp\/v2\/posts"}],"about":[{"href":"https:\/\/historiografija.hr\/index.php?rest_route=\/wp\/v2\/types\/post"}],"author":[{"embeddable":true,"href":"https:\/\/historiografija.hr\/index.php?rest_route=\/wp\/v2\/users\/2"}],"replies":[{"embeddable":true,"href":"https:\/\/historiografija.hr\/index.php?rest_route=%2Fwp%2Fv2%2Fcomments&post=27678"}],"version-history":[{"count":1,"href":"https:\/\/historiografija.hr\/index.php?rest_route=\/wp\/v2\/posts\/27678\/revisions"}],"predecessor-version":[{"id":27680,"href":"https:\/\/historiografija.hr\/index.php?rest_route=\/wp\/v2\/posts\/27678\/revisions\/27680"}],"wp:featuredmedia":[{"embeddable":true,"href":"https:\/\/historiografija.hr\/index.php?rest_route=\/wp\/v2\/media\/27679"}],"wp:attachment":[{"href":"https:\/\/historiografija.hr\/index.php?rest_route=%2Fwp%2Fv2%2Fmedia&parent=27678"}],"wp:term":[{"taxonomy":"category","embeddable":true,"href":"https:\/\/historiografija.hr\/index.php?rest_route=%2Fwp%2Fv2%2Fcategories&post=27678"},{"taxonomy":"post_tag","embeddable":true,"href":"https:\/\/historiografija.hr\/index.php?rest_route=%2Fwp%2Fv2%2Ftags&post=27678"}],"curies":[{"name":"wp","href":"https:\/\/api.w.org\/{rel}","templated":true}]}}