{"id":27665,"date":"2021-10-01T22:54:36","date_gmt":"2021-10-01T22:54:36","guid":{"rendered":"http:\/\/historiografija.hr\/?p=27665"},"modified":"2021-10-01T22:54:36","modified_gmt":"2021-10-01T22:54:36","slug":"14-subversive-festival","status":"publish","type":"post","link":"https:\/\/historiografija.hr\/?p=27665","title":{"rendered":"14. Subversive Festival"},"content":{"rendered":"\n<p><strong>\u010cetrnaesto izdanje Subversive Festivala<\/strong> odr\u017eat \u0107e se <strong>od 3. do 23. listopada<\/strong> na nekoliko zagreba\u010dkih lokacija (<strong>Kino Tu\u0161kanac<\/strong>, <strong>Dokukino KIC<\/strong>, <strong>Kulturno informativni centar<\/strong>, <strong>Leksikografski Zavod Miroslav Krle\u017ea<\/strong> i <strong>SKD Prosvjeta<\/strong>) te na online platformi <strong>volimdokumentarce.net<\/strong>. O\u010dekuje nas bogati diskurzivni, natjecateljski i popratni filmski program, promocije knjiga, izlo\u017eba, predavanja i paneli uz prisustvo brojnih svjetskih intelektualaca, umjetnika, filma\u0161a i aktivista i uz ovogodi\u0161nju festivalsku temu <strong><em>Post-COVID demokracija: Etika borbe i poetika solidarnosti<\/em><\/strong>.<\/p>\n\n\n\n<p>Festivalska tema sa\u017eeta u sintagmi <strong>Post-COVID demokracije<\/strong> daje ukupnost perspektiva i zahtjeva za radikalnim prekidom s kontinuitetom dominacije i potrage za novim univerzumom u kojem senzualnost, igra, mir i ljepota postaju oblici egzistencije i stoga oblik samog dru\u0161tva, dok <strong>Etika borbe i poetika solidarnosti<\/strong> izra\u017eava temeljni uvjet stvaranja otpora protiv izrabljivanja \u017eivotinja, uni\u0161tavanja prirode, odustajanja od sre\u0107e, opresije nad \u017eenama, obmanjivanja djece, despotizma vojske i policije, razdvojenosti od samih sebe i op\u0107enito zatiranja sloboda.<\/p>\n\n\n\n<p><strong>PROGRAM SUBVERSIVE FILM FESTIVALA<\/strong><\/p>\n\n\n\n<p>Natjecateljski i popratni program&nbsp;<strong>14. Subversive Film Festivala<\/strong>&nbsp;odr\u017eat \u0107e se <strong>od 3. do 10. listopada<\/strong> i donosi tridesetak recentnih filmskih naslova koji su obilje\u017eili teku\u0107u godinu. Filmovi iz selekcije <strong>Dine Pokrajac<\/strong>&nbsp;i&nbsp;<strong>Dragana Rube\u0161e <\/strong>natjecat \u0107e se za nagrade <strong>Wild Dreamer <\/strong>za najbolji dokumentarni i igrani film, a ocjenjivat \u0107e ih tro\u010dlani \u017eiri u sastavu&nbsp;<strong>Pary El-Qalqili<\/strong> (redateljica i spisateljica), <strong>Callisto Mc Nulty<\/strong> (redateljica i spisateljica) i <strong>Ivan Ramljak<\/strong> (redatelj i kustos).<\/p>\n\n\n\n<p>Filmski program otvorit \u0107e u <strong>nedjelju<\/strong>, <strong>3. listopada<\/strong> u kinu Tu\u0161kanac nagra\u0111ivani hrvatski dokumentarac <strong><em>Tvornice radnicima<\/em><\/strong> <strong>Sr\u0111ana Kova\u010devi\u0107a<\/strong> o zlosretnoj sudbini samoupravljanja uz panel u kojem \u0107e sudjelovati i protagonisti filma, radnici tvornice ITAS.<\/p>\n\n\n\n<p>U dokumentarnoj konkurenciji isti\u010du se jo\u0161 dvostruki pobjednik Visions du R\u00e9el <strong><em>Faya Dayi<\/em><\/strong> <strong>Jessice Beshir <\/strong>spiritualno putovanje u \u010dijem su sredi\u0161tu rituali <em>khata<\/em>, najunosnijeg usjeva u Etiopiji i pobjednik Hot Docsa <strong><em>Ostrov <\/em>&nbsp;Svetlane Rodine<\/strong> i <strong>Laurenta Stoopa<\/strong> o stanovnicima izgubljenog otoka usred Kaspijskog mora. Tu su i <strong><em>Povratak u Reims (Fragmenti)<\/em><\/strong> <strong>Jean-Gabriel P\u00e9riota<\/strong> inspiriran istoimenim romanom <strong>Didiera Eribona<\/strong> a naratorica je slavna glumica <strong>Ad\u00e8le Haenel<\/strong> te fri\u0161ko sa svjetske premijere u Cannesu <strong><em>Futura<\/em><\/strong>, portret Italije kroz o\u010di tinejd\u017eera, koji potpisuje renomirani trio sineasta <strong>Pietro Marcello, Francesco Munzi<\/strong> i <strong>Alice Rohrwacher<\/strong>.<\/p>\n\n\n\n<p>Iz igrane konkurencije izdvaja se gruzijsko remek-djelo <strong><em>\u0160to vidimo kada gledamo u nebo?<\/em><\/strong> <strong>Aleksandrea Koberid\u017eea,<\/strong> dobitnik nagrade FIPRESCI na ovogodi\u0161njem Berlinaleu te \u010deznutljiva ljetna pri\u010da i idealan protulijek izolaciji <strong><em>Tsugua dnevnici<\/em><\/strong> proslavljenog portugalskog autora <strong>Miguela Gomesa<\/strong> i njegove partnerice <strong>Maureen Fazendeiro<\/strong>. Prema brojnim renomiranim filmskim kriti\u010darima u pitanje je dosad najuspje\u0161niji filmski izdanak <em>lockdowna.<\/em><\/p>\n\n\n\n<p>Tu su i pobjednik Locarna <strong><em>Osveta je moja, svi drugi pla\u0107aju gotovinom,<\/em><\/strong> zaigrana posveta i dekonstrukcija azijskih B-akcijskih filmova, u re\u017eiji indonezijskog redatelja <strong>Edwina<\/strong> te <strong><em>Kutija uspomena<\/em><\/strong> libanonskog dvojica <strong>Joana Hadjithomas<\/strong> i <strong>Khalil Joreige<\/strong>, jedan od miljenika publike na ovogodi\u0161njem Berlinaleu, koji u\u017eas libanonskog gra\u0111anskog rata prezentira kroz pri\u010du o k\u0107erki koja u Montrealu otkriva Pandorinu kutiju punu maj\u010dinih bilje\u017enica, fotografija i kaseta iz odrastanja u Beirutu tijekom 1980-ih. Isti\u010du se i pobjednik ovogodi\u0161nje sekcije<em> Encounters<\/em> na Berlinaleu, vijetnamska vizualna rapsodija <strong><em>Okus <\/em>L\u00ea B\u1ea3oa<\/strong> te <strong><em>Dragi drugovi!<\/em> Andreja Kon\u010dalovskog<\/strong>, dobitnik Posebne nagrade \u017eirija u Veneciji o masakru pobunjenih radnika u ruskom industrijskom gradi\u0107u.<\/p>\n\n\n\n<p><strong>POPRATNI FILMSKI PROGRAM<\/strong><\/p>\n\n\n\n<p>Iz popratnog filmskog programa izdvaja se retrospektiva \u0161vicarskog autorskog militanta <strong>Fredija M. Murera<\/strong> \u010diji dokumentarno-igrani hibridi pokazuju kako je usprkos naizgled idili\u010dnom miljeu u \u0160vicarskoj itekako mogu\u0107e stvarati filmske naracije otpora i denuncirati dru\u0161tvo kontrole. \u0160vicarski maestro dobitnik je presti\u017ene nagrade za \u017eivotno djelo<em> Pardo alla carriera<\/em> koja mu je uru\u010dena 2019. na Locarno Film Festivalu.<\/p>\n\n\n\n<p>U sklopu programa <strong>Film XX <\/strong>koji je posve\u0107en \u017eenskim filmskim narativima predstavljamo legendarnu njema\u010dku vizualnu umjetnicu i sineasticu <strong>Ulrike Ottinger<\/strong>, poznatu po svojim osebujnim komadima koji isprepli\u0107u etnografiju, povijest i fantaziju. Prikazujemo njezin najnoviji dokumentarni film <em>Pari\u0161ki kaligrami<\/em> (2020), filmsku poemu Parizu tijekom 1960-ih i redatelji\u010dinim formativnim godinama.<\/p>\n\n\n\n<p>Ovogodi\u0161nji <strong>Hommage <\/strong>posve\u0107en je <strong>Amosu Vogelu<\/strong> (1921-2012), voditelju filmskog kluba Cinema 16 i autoru <em>Film kao subverzivna umjetnost<\/em>, nezaobilazne knjige za svakog pravog filmofila. Povodom <strong>100. obljetnice njegova ro\u0111enja<\/strong> kustosica <strong>Petra Belc<\/strong> priredila je prigodni filmsko-diskurzivni program. &nbsp;U sklopu projekta <strong><em>Kinematografije otpora<\/em><\/strong> u suradnji s MSU Zagreb i kustosicom <strong>Leilom Topi\u0107 <\/strong>prikazujemo najnoviji film multimedijalne umjetnice <strong>Nicole Hewitt<\/strong>, spekulativno putovanje tragom neolitskih figurina u Podunavlju, <em>\u017dene minorne spekulacije<\/em>, koje \u0107e zatvoriti filmski dio festivala.<\/p>\n\n\n\n<p><strong>SUBVERSIVE FORUM U\u017dIVO I ONLINE UZ SUDJELOVANJE RENOMIRANIH FEMINISTI\u010cKIH AUTORICA<\/strong><\/p>\n\n\n\n<p><strong>14. Subversive Forum<\/strong> pod voditeljstvom <strong>Karoline Hrge<\/strong> odr\u017eat \u0107e se kombinacijom doga\u0111anja u\u017eivo i online uz sudjelovanje svjetskih autorica i autora. Feministkinja, filozofkinja i politologinja <strong>Nancy Fraser <\/strong>odr\u017eat \u0107e online predavanje koje \u0107e se baviti COVID-krizom i socijalnom reprodukcijom u postpandemijskom kapitalizmu. Profesor filozofije s Politehni\u010dkog instituta Worcester, kriti\u010dki animalist <strong>John Sanbonmatsu <\/strong>odr\u017eat \u0107e predavanje na temu antispecizma i klasne dimenzije opresije \u017eivotinja. Pridru\u017eit \u0107e im se i <strong>Ashley Bohrer<\/strong>, \u010dija su u\u017ea polja istra\u017eivanja intersekcionalnost, marksizam i dru\u0161tveni pokreti, te <strong>Lilijana Burcar<\/strong>, autorica u nas prevedene knjige <em>Restauracija kapitalizma, repatrijarhalizacija dru\u0161tva<\/em>. <strong>Alfredo Saad Filho<\/strong>, profesor politi\u010dke ekonomije i me\u0111unarodnog razvoja na King\u2019s College u Londonu, odr\u017eat \u0107e predavanje na temu autoritarijanizma u doba neoliberalnog kapitalizma s fokusom na Bolsonarovu administraciju.<\/p>\n\n\n\n<p><strong>DVIJE PROMOCIJE KNJIGA<\/strong><\/p>\n\n\n\n<p>Izdvajamo i dvije promocije knjiga, veliki <strong>Jacques Ranci\u00e8re<\/strong> i <strong>Leonardo Kova\u010devi\u0107<\/strong> predstavit \u0107e hrvatski prijevod nove <strong>Ranci\u00e8reove <\/strong>knjige <strong><em>U kojem vremenu \u017eivimo?<\/em> <\/strong>u izdanju udruge Bijeli val, dok \u0107e autorski trio <strong>Pa\u0161ko Bili\u0107, Toni Prug<\/strong> i <strong>Mislav \u017ditko<\/strong> uz gostuju\u0107u online komentatoricu <strong>Ursulu Huws<\/strong> predstaviti svoju knjigu <strong><em>Politi\u010dka ekonomija digitalnih monopola: proturje\u010dja i alternative komodifikaciji podataka <\/em><\/strong>u izdanju Bristol University Pressa.<\/p>\n\n\n\n<p><strong>ALTEREKONOMSKI FORUM<\/strong><\/p>\n\n\n\n<p><strong>Alterekonomski forum<\/strong> kroz nekoliko panela koje \u0107e voditi <strong>Dimitrije Bira\u010d<\/strong> tematski fokusira 30. godi\u0161njicu raspada SFRJ, kao i najavljeno uvo\u0111enje eura. Kroz razgovor s poznatim ekonomistom <strong>Costasom Lapavitsasom<\/strong>&nbsp; diskutirat \u0107e se je li Hrvatska, kao zemlja europske periferije, spremna za euro i \u0161to \u0107e on zna\u010diti za strukturu njene ekonomije. Uo\u010di panela <strong>od 13. do 18. listopada<\/strong> u suradnji sa <strong>SKD Prosvjeta<\/strong> i <strong>Arhivom Srba<\/strong> te kustosicom <strong>Davorkom Peri\u0107<\/strong> donosimo izlo\u017ebu <strong><em>Detonacija u umjetnosti<\/em><\/strong> na kojoj \u0107e biti izlo\u017een \u010deli\u010dni komadi\u0107 <em>Spomenika pobjedi naroda Slavonije<\/em>, djelo kipara Vojina Baki\u0107a, preostao nakon njegova ru\u0161enja. Poetska jednostavnost i kriti\u010dki moment upisuju ponovo Kamensku divu u kolektivnu memoriju, u medijski i fizi\u010dki javni prostor, konkretnim materijalnim fragmentom skulpture koja i danas pru\u017ea otpor.<\/p>\n\n\n\n<p><strong>DVA SIMPOZIJA I \u0160KOLA SUVREMENE HUMANISTIKE<\/strong><\/p>\n\n\n\n<p>Iz bogatog programa izdvajamo jo\u0161 <strong>simpozij <em>Privilegija manjine<\/em><\/strong> u suradnji sa Srpskim narodnim vije\u0107em posve\u0107en piscu i filozofu <strong>Radomiru Konstantinovi\u0107u<\/strong> koji su osmislili <strong>Tomislav Brlek<\/strong> i <strong>Nenad Rizvanovi\u0107<\/strong> a odr\u017eat \u0107e se 22. i 23. listopada u SKD Prosvjeta;\u00a0 <strong><em>Antikapitalisti\u010dki seminar <\/em><\/strong>koji se odr\u017eava u sklopu<strong><em> \u0160kole suvremene humanistike<\/em><\/strong>, u suradnji s portalom Slobodni Filozofski, te <strong>simpozij <em>Gramsci danas <\/em><\/strong>posve\u0107en talijanskom marksisti\u010dkom filozofu i piscu Antoniju Gramsciju kojim \u0107emo najaviti novi broj \u010dasopisa <em>Dossier Up&amp;Underground <\/em>koji povodom<strong> 130. godi\u0161njice Gramscijeva ro\u0111enja <\/strong>donosi izbor iz <em>Zatvorskih bilje\u017enica<\/em> te popratne eseje, a urednik je <strong>Luka Bogdani\u0107<\/strong>.<\/p>\n\n\n\n<hr class=\"wp-block-separator\"\/>\n\n\n\n<p>Izvor i dodatne informacije:<\/p>\n\n\n\n<figure class=\"wp-block-embed-wordpress wp-block-embed is-type-wp-embed is-provider-14-subversive-festival\"><div class=\"wp-block-embed__wrapper\">\n<blockquote class=\"wp-embedded-content\" data-secret=\"cGWqlwyNcG\"><a href=\"https:\/\/subversivefestival.com\/sf21\/pocetak-listopada-u-znaku-14-izdanja-subversive-festivala-uzivo-i-online\/\">Listopad u znaku 14. izdanja Subversive Festivala \u2013 u\u017eivo i online!<\/a><\/blockquote><iframe loading=\"lazy\" class=\"wp-embedded-content\" sandbox=\"allow-scripts\" security=\"restricted\" style=\"position: absolute; clip: rect(1px, 1px, 1px, 1px);\" title=\"&#8220;Listopad u znaku 14. izdanja Subversive Festivala \u2013 u\u017eivo i online!&#8221; &#8212; 14. Subversive Festival\" src=\"https:\/\/subversivefestival.com\/sf21\/pocetak-listopada-u-znaku-14-izdanja-subversive-festivala-uzivo-i-online\/embed\/#?secret=cGWqlwyNcG\" data-secret=\"cGWqlwyNcG\" width=\"600\" height=\"338\" frameborder=\"0\" marginwidth=\"0\" marginheight=\"0\" scrolling=\"no\"><\/iframe>\n<\/div><\/figure>\n\n\n\n<hr class=\"wp-block-separator\"\/>\n","protected":false},"excerpt":{"rendered":"","protected":false},"author":2,"featured_media":27666,"comment_status":"open","ping_status":"open","sticky":false,"template":"","format":"standard","meta":{"_acf_changed":false,"jetpack_post_was_ever_published":false,"_jetpack_newsletter_access":"","_jetpack_dont_email_post_to_subs":false,"_jetpack_newsletter_tier_id":0,"_jetpack_memberships_contains_paywalled_content":false,"_jetpack_memberships_contains_paid_content":false,"footnotes":"","jetpack_publicize_message":"","jetpack_publicize_feature_enabled":true,"jetpack_social_post_already_shared":true,"jetpack_social_options":{"image_generator_settings":{"template":"highway","default_image_id":0,"font":"","enabled":false},"version":2}},"categories":[13,3],"tags":[],"class_list":["post-27665","post","type-post","status-publish","format-standard","has-post-thumbnail","hentry","category-filmovi-i-serije","category-novosti"],"acf":{"facebook_opis":""},"jetpack_publicize_connections":[],"jetpack_featured_media_url":"https:\/\/i0.wp.com\/historiografija.hr\/wp-content\/uploads\/2021\/10\/festivalski-vizual.png?fit=750%2C393&ssl=1","jetpack_sharing_enabled":true,"jetpack-related-posts":[{"id":52502,"url":"https:\/\/historiografija.hr\/?p=52502","url_meta":{"origin":27665,"position":0},"title":"Novi znanstveni projekt Hrvatskog instituta za povijest: \u201c\u017drtve ratova i dr\u017eavnog\/politi\u010dkog nasilja u hrvatskoj povijesti 20. stolje\u0107a\u201d","author":"Branimir Jankovi\u0107","date":"17. travnja 2026.","format":false,"excerpt":"Na redovitoj sjednici Vlade RH, 16. travnja 2026., donijet je Zaklju\u010dak kojim se pokre\u0107e znanstveni projekt \u201c\u017drtve ratova i dr\u017eavnog\/politi\u010dkog nasilja u hrvatskoj povijesti 20. stolje\u0107a\u201d. Projekt \u0107e provoditi i koordinirati Hrvatski institut za povijest u razdoblju trajanja projekta od pet godina. Zakljucak Vlade RH Iz teksta projektnog prijedloga: Problematika\u2026","rel":"","context":"U &quot;Novosti&quot;","block_context":{"text":"Novosti","link":"https:\/\/historiografija.hr\/?cat=3"},"img":{"alt_text":"","src":"https:\/\/i0.wp.com\/historiografija.hr\/wp-content\/uploads\/2026\/04\/Vlada-RH.jpg?fit=1200%2C557&ssl=1&resize=350%2C200","width":350,"height":200,"srcset":"https:\/\/i0.wp.com\/historiografija.hr\/wp-content\/uploads\/2026\/04\/Vlada-RH.jpg?fit=1200%2C557&ssl=1&resize=350%2C200 1x, https:\/\/i0.wp.com\/historiografija.hr\/wp-content\/uploads\/2026\/04\/Vlada-RH.jpg?fit=1200%2C557&ssl=1&resize=525%2C300 1.5x, https:\/\/i0.wp.com\/historiografija.hr\/wp-content\/uploads\/2026\/04\/Vlada-RH.jpg?fit=1200%2C557&ssl=1&resize=700%2C400 2x, https:\/\/i0.wp.com\/historiografija.hr\/wp-content\/uploads\/2026\/04\/Vlada-RH.jpg?fit=1200%2C557&ssl=1&resize=1050%2C600 3x"},"classes":[]},{"id":52573,"url":"https:\/\/historiografija.hr\/?p=52573","url_meta":{"origin":27665,"position":1},"title":"Znanstvena konferencija &#8220;Filozofija odgoja: povijest, praksa, perspektive&#8221;","author":"Branimir Jankovi\u0107","date":"21. travnja 2026.","format":false,"excerpt":"Znanstvena konferencija \"Filozofija odgoja: povijest, praksa, perspektive\" odr\u017eat \u0107e se 23. i 24. travnja 2026. u Konferencijskoj dvorani Knji\u017enice Filozofskog fakulteta u Zagrebu (2. kat).\u00a0Konferencija je organizirana u okviru projekta\u00a0SUMKOS (voditeljica prof. dr. sc. Ivana Zagorac, financiran\u00a0sredstvima NextGenerationEU), uz potporu Odsjeka za filozofiju.\u00a0 Uz izlaga\u010dki dio, konferencija obuhva\u0107a i izlo\u017ebu\u2026","rel":"","context":"U &quot;Novosti&quot;","block_context":{"text":"Novosti","link":"https:\/\/historiografija.hr\/?cat=3"},"img":{"alt_text":"","src":"","width":0,"height":0},"classes":[]},{"id":52511,"url":"https:\/\/historiografija.hr\/?p=52511","url_meta":{"origin":27665,"position":2},"title":"Izlo\u017eba &#8220;Lica Sljemena&#8221;","author":"Branimir Jankovi\u0107","date":"17. travnja 2026.","format":false,"excerpt":"Srda\u010dno vas pozivamo na otvorenje izlo\u017ebe Lica Sljemena koje \u0107e se odr\u017eati u srijedu 22. travnja 2026. u 18 h ispred Muzeja Prigorja (Trg Dragutina Domjani\u0107a 5, Sesvete). Izlo\u017eba proizlazi iz istra\u017eivanja Nevene \u0160krbi\u0107 Alempijevi\u0107, Petre Kelemen i Sanje Potkonjak te intervjua sa Sljemena\u0161icama i Sljemena\u0161ima, koji su provedeni u\u2026","rel":"","context":"U &quot;Izlo\u017ebe&quot;","block_context":{"text":"Izlo\u017ebe","link":"https:\/\/historiografija.hr\/?cat=10"},"img":{"alt_text":"","src":"https:\/\/i0.wp.com\/historiografija.hr\/wp-content\/uploads\/2026\/04\/Izlozba-Lica-Sljemena.png?fit=1080%2C686&ssl=1&resize=350%2C200","width":350,"height":200,"srcset":"https:\/\/i0.wp.com\/historiografija.hr\/wp-content\/uploads\/2026\/04\/Izlozba-Lica-Sljemena.png?fit=1080%2C686&ssl=1&resize=350%2C200 1x, https:\/\/i0.wp.com\/historiografija.hr\/wp-content\/uploads\/2026\/04\/Izlozba-Lica-Sljemena.png?fit=1080%2C686&ssl=1&resize=525%2C300 1.5x, https:\/\/i0.wp.com\/historiografija.hr\/wp-content\/uploads\/2026\/04\/Izlozba-Lica-Sljemena.png?fit=1080%2C686&ssl=1&resize=700%2C400 2x, https:\/\/i0.wp.com\/historiografija.hr\/wp-content\/uploads\/2026\/04\/Izlozba-Lica-Sljemena.png?fit=1080%2C686&ssl=1&resize=1050%2C600 3x"},"classes":[]},{"id":52666,"url":"https:\/\/historiografija.hr\/?p=52666","url_meta":{"origin":27665,"position":3},"title":"Najava programa Festivala povijesti Kliofest (5-8. V. 2026)","author":"Branimir Jankovi\u0107","date":"24. travnja 2026.","format":false,"excerpt":"Po trinaesti put odr\u017eava se Festival povijesti Kliofest! Do petka \u0107emo odr\u017eati osam okruglih stolova i dva kolokvija te niz predstavljanja knjiga i projekata razli\u010dite tematike, od antike do suvremenosti. Bit \u0107e predstavljeno i nekoliko izlo\u017ebi te odr\u017ean jedan povijesni kviz. Prikazat \u0107emo i jedan film \u2013 o generalu Boroevi\u0107u.\u2026","rel":"","context":"U &quot;Novosti&quot;","block_context":{"text":"Novosti","link":"https:\/\/historiografija.hr\/?cat=3"},"img":{"alt_text":"","src":"https:\/\/i0.wp.com\/historiografija.hr\/wp-content\/uploads\/2026\/04\/Kliofest-2026.jpg?fit=526%2C526&ssl=1&resize=350%2C200","width":350,"height":200,"srcset":"https:\/\/i0.wp.com\/historiografija.hr\/wp-content\/uploads\/2026\/04\/Kliofest-2026.jpg?fit=526%2C526&ssl=1&resize=350%2C200 1x, https:\/\/i0.wp.com\/historiografija.hr\/wp-content\/uploads\/2026\/04\/Kliofest-2026.jpg?fit=526%2C526&ssl=1&resize=525%2C300 1.5x"},"classes":[]},{"id":52669,"url":"https:\/\/historiografija.hr\/?p=52669","url_meta":{"origin":27665,"position":4},"title":"Predavanje Igora Dude &#8220;Odmor kao \u017eivotna potreba: o slobodnom vremenu u socijalisti\u010dkoj Jugoslaviji&#8221;","author":"Branimir Jankovi\u0107","date":"27. travnja 2026.","format":false,"excerpt":"U sklopu proljetnog ciklusa programa\u00a0Kriti\u010dka dramaturgija: pauza, u\u00a0subotu, 25. travnja 2026. u 19 sati\u00a0u prostoru Udru\u017eenja hrvatskih arhitekata povjesni\u010dar Igor Duda\u00a0odr\u017eao je predavanje naslovljeno\u00a0Odmor kao \u017eivotna potreba: o slobodnom vremenu u socijalisti\u010dkoj Jugoslaviji. Industrijalizacija i urbanizacija dru\u0161tava u povijesti su zna\u010dile i prelazak s predindustrijskog na industrijsko shva\u0107anje vremena. Ono\u2026","rel":"","context":"U &quot;Novosti&quot;","block_context":{"text":"Novosti","link":"https:\/\/historiografija.hr\/?cat=3"},"img":{"alt_text":"","src":"https:\/\/i0.wp.com\/historiografija.hr\/wp-content\/uploads\/2026\/04\/Duda.png?fit=1200%2C628&ssl=1&resize=350%2C200","width":350,"height":200,"srcset":"https:\/\/i0.wp.com\/historiografija.hr\/wp-content\/uploads\/2026\/04\/Duda.png?fit=1200%2C628&ssl=1&resize=350%2C200 1x, https:\/\/i0.wp.com\/historiografija.hr\/wp-content\/uploads\/2026\/04\/Duda.png?fit=1200%2C628&ssl=1&resize=525%2C300 1.5x, https:\/\/i0.wp.com\/historiografija.hr\/wp-content\/uploads\/2026\/04\/Duda.png?fit=1200%2C628&ssl=1&resize=700%2C400 2x, https:\/\/i0.wp.com\/historiografija.hr\/wp-content\/uploads\/2026\/04\/Duda.png?fit=1200%2C628&ssl=1&resize=1050%2C600 3x"},"classes":[]},{"id":52646,"url":"https:\/\/historiografija.hr\/?p=52646","url_meta":{"origin":27665,"position":5},"title":"5. MALI FESTIVAL POVIJESTI U LASTOVU","author":"Branimir Jankovi\u0107","date":"24. travnja 2026.","format":false,"excerpt":"Peti Mali festival povijesti odr\u017eava se od 25. do 27. travnja 2026. na Lastovu, u suradnji Zavoda za povijesne znanosti HAZU u Dubrovniku, Op\u0107ine Lastovo i Turisti\u010dke zajednice te uz potporu Dubrova\u010dko-neretvanske \u017eupanije. Predavanja: Dr. sc. Jasna \u010capo \u201eKu\u0107a kao zalog budu\u0107nosti i most izme\u0111u iseljenika i domovine\u201c Dr. sc.\u2026","rel":"","context":"U &quot;Novosti&quot;","block_context":{"text":"Novosti","link":"https:\/\/historiografija.hr\/?cat=3"},"img":{"alt_text":"","src":"https:\/\/i0.wp.com\/historiografija.hr\/wp-content\/uploads\/2026\/04\/Lastovo.jpg?fit=1200%2C700&ssl=1&resize=350%2C200","width":350,"height":200,"srcset":"https:\/\/i0.wp.com\/historiografija.hr\/wp-content\/uploads\/2026\/04\/Lastovo.jpg?fit=1200%2C700&ssl=1&resize=350%2C200 1x, https:\/\/i0.wp.com\/historiografija.hr\/wp-content\/uploads\/2026\/04\/Lastovo.jpg?fit=1200%2C700&ssl=1&resize=525%2C300 1.5x, https:\/\/i0.wp.com\/historiografija.hr\/wp-content\/uploads\/2026\/04\/Lastovo.jpg?fit=1200%2C700&ssl=1&resize=700%2C400 2x, https:\/\/i0.wp.com\/historiografija.hr\/wp-content\/uploads\/2026\/04\/Lastovo.jpg?fit=1200%2C700&ssl=1&resize=1050%2C600 3x"},"classes":[]}],"_links":{"self":[{"href":"https:\/\/historiografija.hr\/index.php?rest_route=\/wp\/v2\/posts\/27665","targetHints":{"allow":["GET"]}}],"collection":[{"href":"https:\/\/historiografija.hr\/index.php?rest_route=\/wp\/v2\/posts"}],"about":[{"href":"https:\/\/historiografija.hr\/index.php?rest_route=\/wp\/v2\/types\/post"}],"author":[{"embeddable":true,"href":"https:\/\/historiografija.hr\/index.php?rest_route=\/wp\/v2\/users\/2"}],"replies":[{"embeddable":true,"href":"https:\/\/historiografija.hr\/index.php?rest_route=%2Fwp%2Fv2%2Fcomments&post=27665"}],"version-history":[{"count":1,"href":"https:\/\/historiografija.hr\/index.php?rest_route=\/wp\/v2\/posts\/27665\/revisions"}],"predecessor-version":[{"id":27667,"href":"https:\/\/historiografija.hr\/index.php?rest_route=\/wp\/v2\/posts\/27665\/revisions\/27667"}],"wp:featuredmedia":[{"embeddable":true,"href":"https:\/\/historiografija.hr\/index.php?rest_route=\/wp\/v2\/media\/27666"}],"wp:attachment":[{"href":"https:\/\/historiografija.hr\/index.php?rest_route=%2Fwp%2Fv2%2Fmedia&parent=27665"}],"wp:term":[{"taxonomy":"category","embeddable":true,"href":"https:\/\/historiografija.hr\/index.php?rest_route=%2Fwp%2Fv2%2Fcategories&post=27665"},{"taxonomy":"post_tag","embeddable":true,"href":"https:\/\/historiografija.hr\/index.php?rest_route=%2Fwp%2Fv2%2Ftags&post=27665"}],"curies":[{"name":"wp","href":"https:\/\/api.w.org\/{rel}","templated":true}]}}