{"id":27659,"date":"2021-10-01T22:43:07","date_gmt":"2021-10-01T22:43:07","guid":{"rendered":"http:\/\/historiografija.hr\/?p=27659"},"modified":"2021-10-01T22:43:07","modified_gmt":"2021-10-01T22:43:07","slug":"59th-international-academic-week-memory-cultures-since-1945-german-southeast-european-entangled-history","status":"publish","type":"post","link":"https:\/\/historiografija.hr\/?p=27659","title":{"rendered":"59th International Academic Week \u2013 Memory Cultures since 1945: German-Southeast European Entangled History"},"content":{"rendered":"\n<p><strong>Due to the hybrid format of the conference, there are still free places for online participation in certain panels. To participate online, please use the registration form on the right side of this page.<\/strong><\/p>\n\n\n\n<h4 class=\"wp-block-heading\">Conference committee:<\/h4>\n\n\n\n<ul class=\"wp-block-list\"><li><strong>Christian Voss,<\/strong> Professor, Head of Department for South Slavic Studies, Humboldt University of Berlin<\/li><li><strong>Sabina Ferhadbegovi\u0107,<\/strong> Post-Doc Researcher, Friedrich Schiller University, Jena<\/li><li><strong>Kate\u0159ina Kr\u00e1lov\u00e1,<\/strong> Associate Professor, Charles University, Prague \/ Humboldt Research Fellow, Humboldt University of Berlin<\/li><\/ul>\n\n\n\n<p>The International Academic Week is the Southeast Europe Association\u2019s (S\u00fcdosteuropa-Gesellschaft \u2013 SOG) annual key event to bring together early-career researchers (MA\/ PhD\/ Post-Doc levels) and experienced scholars from all over Europe and beyond to present and discuss their research on the region. This year\u2019s conference is hosted by Prof. Dr. Christian Voss, Dr. Sabina Ferhadbegovi\u0107, and A\/Prof. Dr. Kate\u0159ina Kr\u00e1lov\u00e1 and will focus on the topic of Memory Cultures since 1945.&nbsp;<\/p>\n\n\n\n<p>The 59th International Academic Week will take place in cooperation with the Akademie f\u00fcr Politische Bildung at the beautiful Lake Starnberg in Tutzing and in parts online.&nbsp;<\/p>\n\n\n\n<h4 class=\"wp-block-heading\">Conference Programme<\/h4>\n\n\n\n<h4 class=\"wp-block-heading\">MONDAY, 4 OCTOBER 2021&nbsp;<\/h4>\n\n\n\n<h4 class=\"wp-block-heading\">17:00<br>Welcome Adresses<\/h4>\n\n\n\n<p><strong>Beate Winterer,<\/strong> Academy for Civic Education, Tutzing<br><strong>Manuel Sarrazin,<\/strong> MP, President of the Southeast Europe Association, Berlin<\/p>\n\n\n\n<h4 class=\"wp-block-heading\">17:15<br>Award Ceremony<\/h4>\n\n\n\n<p>Award for best Master Thesis in Southeast European Studies<\/p>\n\n\n\n<h4 class=\"wp-block-heading\"><strong>Award Winner<\/strong><\/h4>\n\n\n\n<p><strong>Moritz M\u00fcller,<\/strong> Humboldt University of Berlin: Der ewige Augenblick \u2013 Ismet Prcics Shards und die Gegenwart des Krieges<\/p>\n\n\n\n<h4 class=\"wp-block-heading\"><strong>Laudation<\/strong><\/h4>\n\n\n\n<p><strong>Franz-Lothar Altmann,<\/strong> Assoc. Prof., Member of the Board of the Southeast Europe Association, Munich<\/p>\n\n\n\n<h4 class=\"wp-block-heading\">17:30<br>Opening Panel<\/h4>\n\n\n\n<p><strong>Sabina Ferhadbegovi\u0107,<\/strong> Friedrich Schiller University, Jena<br><strong>Kate\u0159ina Kr\u00e1lov\u00e1,<\/strong> Charles University, Prague<br><strong>Christian Voss,<\/strong> Humboldt University of Berlin<\/p>\n\n\n\n<h4 class=\"wp-block-heading\">18:00 &#8211; 18:45<br>Keynote<\/h4>\n\n\n\n<p><strong>Ljiljana Radoni\u0107, <\/strong>Austrian Academy of Sciences, Vienna: Europeanization of Central and Southeast European WWII Memory Cultures<\/p>\n\n\n\n<h4 class=\"wp-block-heading\">TUESDAY, 5 OCTOBER 2021<\/h4>\n\n\n\n<h4 class=\"wp-block-heading\">09:00 &#8211; 10:30<br>Panel I: Memory Cultures during the Cold War<\/h4>\n\n\n\n<p>The dealing with the World War II past has been influenced in the aftermath by the East-West polarization during the Cold War and the inclusion of Southeast Europe into the communist social experiment. The focus on the 1950s-1980s shall carve out the discursive predispositions in different socialist countries (case studies from Albania, Russia\/Ukraine, and Romania) that influenced bi- and international agreements as well as textbook policy and national cultures of remembrance.<\/p>\n\n\n\n<h4 class=\"wp-block-heading\"><strong>Chair<\/strong><\/h4>\n\n\n\n<p><strong>Ljiljana Radoni\u0107,<\/strong> Austrian Academy of Sciences, Vienna<\/p>\n\n\n\n<h4 class=\"wp-block-heading\"><strong>Panelists<\/strong><\/h4>\n\n\n\n<ul class=\"wp-block-list\"><li><strong>Artan Puto,<\/strong> Tirana State University: Myths and memory in communist Albania (1944-1990): Gjergj Kastrioti Skenderbej and Enver Hoxha<\/li><li><strong>Jan Claas Behrends, <\/strong>Leibniz Centre for Contemporary History, Potsdam: Remembering \u201cthe Great Patriotic War\u201d in Soviet Russia and Ukraine<\/li><li><strong>Melinda Harlov-Csort\u00e1n,<\/strong> Institute of Advanced Studies, K\u0151szeg: Memory culture during the Cold War period: Is Hungary any different?<\/li><\/ul>\n\n\n\n<h4 class=\"wp-block-heading\">11:00 &#8211; 12:00<br><strong>Chair<\/strong><\/h4>\n\n\n\n<p><strong>Ioannis Stylianidis<\/strong>, Heidelberg College for Jewish Studies \/ University of Heidelberg<\/p>\n\n\n\n<h4 class=\"wp-block-heading\"><strong>Panelists<\/strong><\/h4>\n\n\n\n<ul class=\"wp-block-list\"><li><strong>Zolt\u00e1n Tibori-Szab\u00f3,<\/strong> Babe\u015f-Bolyai University, Cluj-Napoca: Memorialization of the Holocaust in Transylvania during the early post-war period<\/li><li><strong>Nikola Karasov\u00e1,<\/strong> Charles University, Prague: The memory of Greek civil war refugees in Czechoslovakia: Conflicting narratives, differing interpretations<\/li><\/ul>\n\n\n\n<h4 class=\"wp-block-heading\"><strong>13:30 &#8211; 14:00<\/strong><br><strong>Chair<\/strong><\/h4>\n\n\n\n<p><strong>Ioannis Stylianidis<\/strong><\/p>\n\n\n\n<h4 class=\"wp-block-heading\"><strong>Panelist<\/strong><\/h4>\n\n\n\n<ul class=\"wp-block-list\"><li><strong>Francesco Trupia, <\/strong>Nicolaus Copernicus University, Toru\u0144: Edinstvo (\u201cUnity\u201d) and the Oriental: The duality of (post-)coloniality in communist Bulgaria<\/li><\/ul>\n\n\n\n<h4 class=\"wp-block-heading\">14:00 \u2013 15:30<br>Panel II: World War II: The Yugoslav Legacy<\/h4>\n\n\n\n<p>In the communists\u2019 founding myth, the Yugoslav people rose not only against the occupiers during World War II. They also overturned the \u201cbourgeois system\u201d and carried out a revolution. Two dominant narratives of Socialist Yugoslavia &#8211; the image of \u201cBrotherhood and Unity\u201d of the Yugoslav population and the narrative of the \u201cpeople\u2019s liberation movement\u201d \u2013 have their origin in World War II. In this panel, we intend to discuss how the remembrance of World War II was used to enforce and legitimize social and political developments in Yugoslavia.<\/p>\n\n\n\n<h4 class=\"wp-block-heading\"><strong>Chair<\/strong><\/h4>\n\n\n\n<p><strong>Franziska Zaugg,<\/strong> University of Bern<\/p>\n\n\n\n<h4 class=\"wp-block-heading\"><strong>Panelists<\/strong><\/h4>\n\n\n\n<ul class=\"wp-block-list\"><li><strong>Jelena Batini\u0107, <\/strong>Stanford University: Women and Yugoslav partisans: Mass mobilization, revolution, legacy<\/li><li><strong>Tea Sindbaek Andersen,<\/strong> University of Copenhagen: Usable history? Representations of Yugoslavia\u2019s difficult past from 1945 to 2000<\/li><li><strong>Heike Karge, <\/strong>University of Regensburg: &#8220;We are Tito, Tito is ours&#8221;. Remembering the Second World War in Tito-Yugoslavia<\/li><\/ul>\n\n\n\n<h4 class=\"wp-block-heading\">16:00 \u2013 17:30<br>Chair<\/h4>\n\n\n\n<p><strong>Zolt\u00e1n Tibori-Szab\u00f3, <\/strong>Babe\u015f-Bolyai University, Cluj-Napoca<\/p>\n\n\n\n<h4 class=\"wp-block-heading\">Panelists<\/h4>\n\n\n\n<ul class=\"wp-block-list\"><li><strong>Vuka\u0161in Zori\u0107, <\/strong>University of Belgrade: Supporting liberation, exporting revolution: The role of memory in the cooperation between SUBNOR, the Third World veteran and anti-colonial organizations<\/li><li><strong>Roswitha Kersten-Pejani\u0107,<\/strong> University of Rijeka: Lands of (banal) nationalism: Epistemological issues in the classification of nationalism(s) in a post-conflict semiotic landscape<\/li><li><strong>Vladimir \u0110or\u0111evi\u0107,<\/strong> Mendel University, Brno: Contemporary far-right in the post-Yugoslav space: Croats as defenders of Christian European vs. Serbs as ultimate anti-European<\/li><\/ul>\n\n\n\n<h4 class=\"wp-block-heading\">17:30 \u2013 18:00<br>Mini-Workshop: Social Media as a Tool for Science Communication<\/h4>\n\n\n\n<p>Held by <strong>Aleksandra Salamurovi\u0107,<\/strong> Friedrich Schiller University, Jena, and <strong>Zs\u00f3fia Tur\u00f3czy, <\/strong>Leipzig University. The first part of the workshop will be available for all those interested jointly in the conference hall. The second part will be split and held for the different dinner-groups separately.&nbsp;<\/p>\n\n\n\n<h4 class=\"wp-block-heading\">19:30 \u2013 21:30<br>Poster Session<\/h4>\n\n\n\n<ul class=\"wp-block-list\"><li><strong>Antonio Grgi\u0107,<\/strong> Graz University of Technology: The Yugoslav monumental memorial ensembles to WWII as pseudo-religious architectural typology<\/li><li><strong>Michael Ilg, <\/strong>University of Augsburg: Bratstvo i Jevrejstvo. Holocaust memorials in Bosnia and Hercegovina<\/li><li><strong>Nata\u0161a Jagdhuhn, <\/strong>Berlin: Broken museality. Reframing World War II heritage in the post-Yugoslav transition<\/li><li><strong>Micha\u0142 Kucharski, <\/strong>Adam Mickiewicz University, Pozna\u0144: Croatian policies of remembrance towards the memory of the German-speaking community in Slavonia after 1990<\/li><li><strong>Claudia Mayr-Veselinovi\u0107,<\/strong> University of Graz: Brotherhood, unity and Pionirska<\/li><li><strong>Mehdi Sejdiu, <\/strong>Heidelberg University: The cultural memory of names in creating a collective identity in Kosovo<\/li><li><strong>Ioannis Stylianidis,<\/strong> Heidelberg College for Jewish Studies \/ University of Heidelberg: Confronting amnesia culture in Greece: Post-Holocaust reflections on the desecrations of the Jewish cultural heritage<\/li><li><strong>Anjeza Xhaferaj, <\/strong>European University of Tirana: Making and breaking friends \u2013 discursive strategies of Albania during communism<\/li><\/ul>\n\n\n\n<h4 class=\"wp-block-heading\">WEDNESDAY, 6 OCTOBER 2021<\/h4>\n\n\n\n<h4 class=\"wp-block-heading\">09:00-10:30<br>Panel III: The Holocaust and Genocides<\/h4>\n\n\n\n<p>When in 1944 Raphael Lemkin introduced the term genocide in his book on the Axis powers in Europe, he was also thinking about Armenia in 1915. The term\u2019s definition soon became part of the UN Genocide Convention. Often disputed academically but also widespread outside of historical research and Holocaust studies, in this panel we will discuss genocide not only theoretically but also interpreted within case studies on contested perpetrators and in the context of the Holocaust aftermath.<\/p>\n\n\n\n<h4 class=\"wp-block-heading\">Chair<\/h4>\n\n\n\n<p><strong>Alexander Korb, <\/strong>University of Leicester<\/p>\n\n\n\n<h4 class=\"wp-block-heading\">Panelists<\/h4>\n\n\n\n<ul class=\"wp-block-list\"><li><strong>Emil Kerenji, <\/strong>United States Holocaust Memorial Museum, Washington, D.C.: Holocaust and Holocaust survivors in the Balkans<\/li><li><strong>Ga\u00eblle Fisher, <\/strong>Center for Holocaust Studies, Leibniz Institute for Contemporary History, Munich: Memory, justice, and belonging: The postwar narratives of Holocaust survivors from Bukovina<\/li><li><strong>Annette Becker,<\/strong> Paris Nanterre University: Raphael Lemkin, the concept of genocide(s) and \u201cthe perpetuation of the psychological scar\u201d<\/li><\/ul>\n\n\n\n<h4 class=\"wp-block-heading\">10:30 &#8211; 12:00<br>Chair<\/h4>\n\n\n\n<p><strong>Kate\u0159ina Kr\u00e1lov\u00e1,<\/strong> Charles University, Prague<\/p>\n\n\n\n<h4 class=\"wp-block-heading\">Panelists<\/h4>\n\n\n\n<ul class=\"wp-block-list\"><li><strong>Esilda Luku,<\/strong> Aleksander Moisiu University of Durres: Memory of the Holocaust: A content analysis of history textbooks for secondary education in Albania&nbsp;&nbsp; &nbsp;&nbsp;&nbsp; &nbsp;<\/li><li><strong>Mihaela Gligor,<\/strong> Romanian Academy, Cluj-Napoca: Memories in writing. On the importance of correspondence for recovering the history<\/li><li><strong>Nad\u00e8ge Ragaru,<\/strong> Sciences Po Paris: The case of Bulgaria: Perpetrator or &#8220;righteous among the nations&#8221;?&nbsp;&nbsp; &nbsp;<\/li><\/ul>\n\n\n\n<h4 class=\"wp-block-heading\">Afternoon:&nbsp;<br>Visit to the <a href=\"https:\/\/www.ns-dokuzentrum-muenchen.de\/home\/\" target=\"_blank\" rel=\"noreferrer noopener\">Munich Documentation Centre for the History of National Socialism&nbsp;<\/a><\/h4>\n\n\n\n<h4 class=\"wp-block-heading\">THURSDAY, 7 OCTOBER 2021<\/h4>\n\n\n\n<h4 class=\"wp-block-heading\">09:00-10:30<br>Panel IV: Collaboration and Resistance<\/h4>\n\n\n\n<p>The question of collaboration and complicity with the Axis powers, on the one hand, and the resistance against the occupation in the respective Southeast European societies on the other hand is highly disputed until today. Often collaboration with occupying powers and local fascist organizations is glorified and exterritorialized without looking at the antisemitic, nationalist, or ideological origins in the respective states and their consequences. In this panel, we intend to discuss which developments and local premises led to which kind of collaboration with occupying powers and where resistance movements were established.&nbsp;<\/p>\n\n\n\n<h4 class=\"wp-block-heading\">Chair<\/h4>\n\n\n\n<p><strong>Sabina Ferhadbegovi\u0107, <\/strong>Friedrich Schiller University, Jena<\/p>\n\n\n\n<h4 class=\"wp-block-heading\">Panelists<\/h4>\n\n\n\n<ul class=\"wp-block-list\"><li><strong>Alexander Korb,<\/strong> University of Leicester: Collaborators. A useful term?<\/li><li><strong>Franziska Zaugg,<\/strong> University of Bern: Between collaboration and resistance. Muslims in Southeast Europe during the Second World War<\/li><li><strong>Spyros Tsoutsoumpis,<\/strong> Lancaster University: Violence, masculinity, and war: Partisans in Greece<\/li><\/ul>\n\n\n\n<h4 class=\"wp-block-heading\">11:00 &#8211; 12:00<br>Chair<\/h4>\n\n\n\n<p>Vuka\u0161in Zori\u0107, University of Belgrade<\/p>\n\n\n\n<h4 class=\"wp-block-heading\">Panelists<\/h4>\n\n\n\n<ul class=\"wp-block-list\"><li><strong>Arban Mehmeti, <\/strong>Charles University Prag: The memory culture in the post-war period in Kosova: the impact on the present relations among Kosovars and Serbs<\/li><li><strong>Alexios Ntetorakis-Exarchou, <\/strong>Humboldt University of Berlin: Victims, bystanders, collaborators. Refugees from the Bulgarian Occupation Zone in Thessaloniki during the Holocaust&nbsp;<\/li><\/ul>\n\n\n\n<h4 class=\"wp-block-heading\">13:30 \u2013 15:00<br>Panel V: Criminal Prosecution, Reparations, Lustration<\/h4>\n\n\n\n<p>Dealing with the crimes of the Second World War established both new legal frameworks and new discursive approaches. The subsequent disputes in the Cold War context and beyond will be the focus of this panel. We will discuss not only international and bilateral political agreements but also their local implications in Southeastern Europe.<\/p>\n\n\n\n<h4 class=\"wp-block-heading\">Chair<\/h4>\n\n\n\n<p>Barbara T\u00f6rnquist-Plewa, Lund University<\/p>\n\n\n\n<h4 class=\"wp-block-heading\">Panelists:<\/h4>\n\n\n\n<ul class=\"wp-block-list\"><li><strong>Florian Je\u00dfberger, <\/strong>Humboldt University of Berlin: International criminal law: From Nuremberg to The Hague<\/li><li><strong>Sabina Ferhadbegovi\u0107<\/strong>, Friedrich Schiller University, Jena: From United Nations War Crimes Commission to war crimes trials. The Prosecution of Nazi crimes in South-Eastern Europe<\/li><li><strong>Kate\u0159ina Kr\u00e1lov\u00e1,<\/strong> Charles University, Prague: The History of German-Greek relations after 1945<\/li><\/ul>\n\n\n\n<h4 class=\"wp-block-heading\">15:30 \u2013 17:00<br>Chair<\/h4>\n\n\n\n<p><strong>Nikola Karasov\u00e1,<\/strong> Charles University, Prague<\/p>\n\n\n\n<h4 class=\"wp-block-heading\">Panelists<\/h4>\n\n\n\n<ul class=\"wp-block-list\"><li><strong>Emmanouil Peponas, <\/strong>National and Kapodistrian University of Athens: Vigilantism and vendetta in post-war Crete: the case of Krousonas (1945)<\/li><li><strong>Eriona Vadinaj,<\/strong> Luigj Gurakuqi University of Shkodra: The necessity of a lustration law after the communist regime in Albania<\/li><li><strong>Johanna Paul, <\/strong>Bielefeld University: Transnational memory activism against genocide denial: Protesting the Nobel Prize in Literature to Peter Handke<\/li><\/ul>\n\n\n\n<h4 class=\"wp-block-heading\">19:30<br>Film evening<\/h4>\n\n\n\n<p>Film &#8220;Don&#8217;t turn around, my son&#8221; (Director: Branko Bauer, 1956) with discussion.<br><strong>Marija Vulesica,<\/strong> Humboldt University of Berlin: Introduction into the Yugoslav film<\/p>\n\n\n\n<h4 class=\"wp-block-heading\">FRIDAY, 8 OCTOBER 2021<\/h4>\n\n\n\n<h4 class=\"wp-block-heading\">09:00-10:30<br>Panel VI: Current Right-Wing Populism and Cultures of Remembrance&nbsp;<\/h4>\n\n\n\n<p>In this final panel, the panelists will compare similarities and differences of top-down approaches of political actors across East and Southeast Europe. They will discuss the comparability of the presented case-studies and how civil society and academia face these challenges towards liberal democracy.<\/p>\n\n\n\n<h4 class=\"wp-block-heading\">Chair<\/h4>\n\n\n\n<p><strong>Tea Sindbaek Andersen,<\/strong> University of Copenhagen&nbsp;<\/p>\n\n\n\n<h4 class=\"wp-block-heading\">Panelists<\/h4>\n\n\n\n<ul class=\"wp-block-list\"><li><strong>Barbara T\u00f6rnquist-Plewa,<\/strong> Lund University: Populist memory discourses in contemporary East Central and South Eastern Europe. Roots, main themes, and features<\/li><li><strong>Ferenc Lacz\u00f3, <\/strong>Maastricht University: Historical revisionism and its challengers. On Hungarian politics of history today<\/li><li><strong>Nuri Korkmaz,<\/strong> Bursa Technical University: Populism in Bulgaria as a tool in the hands of the nationalists<\/li><\/ul>\n\n\n\n<h4 class=\"wp-block-heading\">11:00 &#8211; 12:00<br>Chair<\/h4>\n\n\n\n<p><strong>Christian Voss, <\/strong>Humboldt University of Berlin<\/p>\n\n\n\n<h4 class=\"wp-block-heading\">Panelists<\/h4>\n\n\n\n<ul class=\"wp-block-list\"><li><strong>Jelena \u0110ureinovi\u0107,<\/strong> University of Vienna: Populism and transformations of post-socialist memory politics: The case of Serbia<\/li><li><strong>Andreea Zamfira,<\/strong> Lucian Blaga University of Sibiu: The German minority, memory entrepreneurs and cultures of remembrance in democratic Romania: A study based on the archives of the public television<\/li><\/ul>\n\n\n\n<h4 class=\"wp-block-heading\">12:00\u00a0End of the conference<\/h4>\n\n\n\n<hr class=\"wp-block-separator\"\/>\n\n\n\n<p><a href=\"http:\/\/sogde.org\/de\/events\/59th-international-academic-week\/\">http:\/\/sogde.org\/de\/events\/59th-international-academic-week\/<\/a><\/p>\n\n\n\n<hr class=\"wp-block-separator\"\/>\n","protected":false},"excerpt":{"rendered":"","protected":false},"author":2,"featured_media":27660,"comment_status":"open","ping_status":"open","sticky":false,"template":"","format":"standard","meta":{"_acf_changed":false,"jetpack_post_was_ever_published":false,"_jetpack_newsletter_access":"","_jetpack_dont_email_post_to_subs":false,"_jetpack_newsletter_tier_id":0,"_jetpack_memberships_contains_paywalled_content":false,"_jetpack_memberships_contains_paid_content":false,"footnotes":"","jetpack_publicize_message":"","jetpack_publicize_feature_enabled":true,"jetpack_social_post_already_shared":true,"jetpack_social_options":{"image_generator_settings":{"template":"highway","default_image_id":0,"font":"","enabled":false},"version":2}},"categories":[3,9],"tags":[],"class_list":["post-27659","post","type-post","status-publish","format-standard","has-post-thumbnail","hentry","category-novosti","category-skupovi"],"acf":{"facebook_opis":""},"jetpack_publicize_connections":[],"jetpack_featured_media_url":"https:\/\/i0.wp.com\/historiografija.hr\/wp-content\/uploads\/2021\/10\/csm_logo-sog.gif?fit=992%2C322&ssl=1","jetpack_sharing_enabled":true,"jetpack-related-posts":[],"_links":{"self":[{"href":"https:\/\/historiografija.hr\/index.php?rest_route=\/wp\/v2\/posts\/27659","targetHints":{"allow":["GET"]}}],"collection":[{"href":"https:\/\/historiografija.hr\/index.php?rest_route=\/wp\/v2\/posts"}],"about":[{"href":"https:\/\/historiografija.hr\/index.php?rest_route=\/wp\/v2\/types\/post"}],"author":[{"embeddable":true,"href":"https:\/\/historiografija.hr\/index.php?rest_route=\/wp\/v2\/users\/2"}],"replies":[{"embeddable":true,"href":"https:\/\/historiografija.hr\/index.php?rest_route=%2Fwp%2Fv2%2Fcomments&post=27659"}],"version-history":[{"count":1,"href":"https:\/\/historiografija.hr\/index.php?rest_route=\/wp\/v2\/posts\/27659\/revisions"}],"predecessor-version":[{"id":27661,"href":"https:\/\/historiografija.hr\/index.php?rest_route=\/wp\/v2\/posts\/27659\/revisions\/27661"}],"wp:featuredmedia":[{"embeddable":true,"href":"https:\/\/historiografija.hr\/index.php?rest_route=\/wp\/v2\/media\/27660"}],"wp:attachment":[{"href":"https:\/\/historiografija.hr\/index.php?rest_route=%2Fwp%2Fv2%2Fmedia&parent=27659"}],"wp:term":[{"taxonomy":"category","embeddable":true,"href":"https:\/\/historiografija.hr\/index.php?rest_route=%2Fwp%2Fv2%2Fcategories&post=27659"},{"taxonomy":"post_tag","embeddable":true,"href":"https:\/\/historiografija.hr\/index.php?rest_route=%2Fwp%2Fv2%2Ftags&post=27659"}],"curies":[{"name":"wp","href":"https:\/\/api.w.org\/{rel}","templated":true}]}}