{"id":27629,"date":"2021-09-29T20:06:37","date_gmt":"2021-09-29T20:06:37","guid":{"rendered":"http:\/\/historiografija.hr\/?p=27629"},"modified":"2021-10-22T20:49:33","modified_gmt":"2021-10-22T20:49:33","slug":"otvoren-sesti-kongres-hrvatskih-povjesnicara","status":"publish","type":"post","link":"https:\/\/historiografija.hr\/?p=27629","title":{"rendered":"Otvoren \u0160esti kongres hrvatskih povjesni\u010dara"},"content":{"rendered":"\n<p>RIJEKA, 29. rujna 2021. (Hina) &#8211; Na Filozofskom fakultetu u Rijeci u srijedu je otvoren 6. Kongres hrvatskih povjesni\u010dara, trajat \u0107e \u010detiri dana, a sredi\u0161nja tema je kultura.<\/p>\n\n\n\n<hr class=\"wp-block-separator\"\/>\n\n\n\n<p><\/p>\n\n\n\n<p>Op\u0161irnije na sljede\u0107im poveznicama:<\/p>\n\n\n\n<p><a href=\"https:\/\/www.hina.hr\/vijest\/10790720\">https:\/\/www.hina.hr\/vijest\/10790720<\/a><\/p>\n\n\n\n<p><a href=\"https:\/\/www.glasistre.hr\/znanost\/otvoren-6-kongres-hrvatskih-povjesnicara-u-rijeci-748740\">https:\/\/www.glasistre.hr\/znanost\/otvoren-6-kongres-hrvatskih-povjesnicara-u-rijeci-748740<\/a><\/p>\n\n\n\n<figure class=\"wp-block-embed-wordpress wp-block-embed is-type-wp-embed is-provider-novi-list\"><div class=\"wp-block-embed__wrapper\">\n<blockquote class=\"wp-embedded-content\" data-secret=\"T1QesQrS6U\"><a href=\"https:\/\/www.novilist.hr\/rijeka-regija\/rijeka\/na-rijeckom-filozofskom-fakultetu-otvoren-kongres-hrvatskih-povjesnicara\/\">Na rije\u010dkom Filozofskom fakultetu otvoren Kongres hrvatskih povjesni\u010dara<\/a><\/blockquote><iframe loading=\"lazy\" class=\"wp-embedded-content\" sandbox=\"allow-scripts\" security=\"restricted\" style=\"position: absolute; clip: rect(1px, 1px, 1px, 1px);\" title=\"&#8220;Na rije\u010dkom Filozofskom fakultetu otvoren Kongres hrvatskih povjesni\u010dara&#8221; &#8212; Novi list\" src=\"https:\/\/www.novilist.hr\/rijeka-regija\/rijeka\/na-rijeckom-filozofskom-fakultetu-otvoren-kongres-hrvatskih-povjesnicara\/embed\/#?secret=T1QesQrS6U\" data-secret=\"T1QesQrS6U\" width=\"600\" height=\"338\" frameborder=\"0\" marginwidth=\"0\" marginheight=\"0\" scrolling=\"no\"><\/iframe>\n<\/div><\/figure>\n\n\n\n<figure class=\"wp-block-embed-wordpress wp-block-embed is-type-wp-embed is-provider-grad-rijeka\"><div class=\"wp-block-embed__wrapper\">\n<blockquote class=\"wp-embedded-content\" data-secret=\"wEI77M1gJZ\"><a href=\"https:\/\/www.rijeka.hr\/otvoren-sesti-kongres-hrvatskih-povjesnicara\/\">Otvoren \u0160esti kongres hrvatskih povjesni\u010dara<\/a><\/blockquote><iframe loading=\"lazy\" class=\"wp-embedded-content\" sandbox=\"allow-scripts\" security=\"restricted\" style=\"position: absolute; clip: rect(1px, 1px, 1px, 1px);\" title=\"&#8220;Otvoren \u0160esti kongres hrvatskih povjesni\u010dara&#8221; &#8212; Grad Rijeka\" src=\"https:\/\/www.rijeka.hr\/otvoren-sesti-kongres-hrvatskih-povjesnicara\/embed\/#?secret=wEI77M1gJZ\" data-secret=\"wEI77M1gJZ\" width=\"600\" height=\"338\" frameborder=\"0\" marginwidth=\"0\" marginheight=\"0\" scrolling=\"no\"><\/iframe>\n<\/div><\/figure>\n\n\n\n<hr class=\"wp-block-separator\"\/>\n\n\n\n<p><strong>Predsjednik Milanovi\u0107 primio sudionike VI. kongresa hrvatskih povjesni\u010dara<\/strong><\/p>\n\n\n\n<figure class=\"wp-block-embed-wordpress wp-block-embed is-type-wp-embed is-provider-filozofski-fakultet-sveucilista-u-zagrebu\"><div class=\"wp-block-embed__wrapper\">\n<blockquote class=\"wp-embedded-content\" data-secret=\"anP2dPQESD\"><a href=\"https:\/\/web2020.ffzg.unizg.hr\/blog\/2021\/10\/21\/predsjednik-republike-hrvatske-zoran-milanovic-primio-profesore-filozofskog-fakulteta-organizatore-vi-kongresa-hrvatskih-povjesnicara\/\">Predsjednik Republike Hrvatske Zoran Milanovi\u0107 primio profesore Filozofskog fakulteta, organizatore VI. kongresa hrvatskih povjesni\u010dara<\/a><\/blockquote><iframe loading=\"lazy\" class=\"wp-embedded-content\" sandbox=\"allow-scripts\" security=\"restricted\" style=\"position: absolute; clip: rect(1px, 1px, 1px, 1px);\" title=\"&#8220;Predsjednik Republike Hrvatske Zoran Milanovi\u0107 primio profesore Filozofskog fakulteta, organizatore VI. kongresa hrvatskih povjesni\u010dara&#8221; &#8212; Filozofski fakultet Sveu\u010dili\u0161ta u Zagrebu\" src=\"https:\/\/web2020.ffzg.unizg.hr\/blog\/2021\/10\/21\/predsjednik-republike-hrvatske-zoran-milanovic-primio-profesore-filozofskog-fakulteta-organizatore-vi-kongresa-hrvatskih-povjesnicara\/embed\/#?secret=anP2dPQESD\" data-secret=\"anP2dPQESD\" width=\"600\" height=\"338\" frameborder=\"0\" marginwidth=\"0\" marginheight=\"0\" scrolling=\"no\"><\/iframe>\n<\/div><\/figure>\n\n\n\n<p><a href=\"https:\/\/www.predsjednik.hr\/vijesti\/predsjednik-milanovic-primio-sudionike-vi-kongresa-hrvatskih-povjesnicara\/\">https:\/\/www.predsjednik.hr\/vijesti\/predsjednik-milanovic-primio-sudionike-vi-kongresa-hrvatskih-povjesnicara\/<\/a><\/p>\n\n\n\n<hr class=\"wp-block-separator\"\/>\n\n\n\n<p><\/p>\n","protected":false},"excerpt":{"rendered":"","protected":false},"author":2,"featured_media":27630,"comment_status":"open","ping_status":"open","sticky":false,"template":"","format":"standard","meta":{"_acf_changed":false,"jetpack_post_was_ever_published":false,"_jetpack_newsletter_access":"","_jetpack_dont_email_post_to_subs":false,"_jetpack_newsletter_tier_id":0,"_jetpack_memberships_contains_paywalled_content":false,"_jetpack_memberships_contains_paid_content":false,"footnotes":"","jetpack_publicize_message":"","jetpack_publicize_feature_enabled":true,"jetpack_social_post_already_shared":true,"jetpack_social_options":{"image_generator_settings":{"template":"highway","default_image_id":0,"font":"","enabled":false},"version":2}},"categories":[3],"tags":[],"class_list":["post-27629","post","type-post","status-publish","format-standard","has-post-thumbnail","hentry","category-novosti"],"acf":{"facebook_opis":""},"jetpack_publicize_connections":[],"jetpack_featured_media_url":"https:\/\/i0.wp.com\/historiografija.hr\/wp-content\/uploads\/2021\/09\/Otvorenje-kongres-hrvatskih-povjesnicara.jpg?fit=901%2C600&ssl=1","jetpack_sharing_enabled":true,"jetpack-related-posts":[],"_links":{"self":[{"href":"https:\/\/historiografija.hr\/index.php?rest_route=\/wp\/v2\/posts\/27629","targetHints":{"allow":["GET"]}}],"collection":[{"href":"https:\/\/historiografija.hr\/index.php?rest_route=\/wp\/v2\/posts"}],"about":[{"href":"https:\/\/historiografija.hr\/index.php?rest_route=\/wp\/v2\/types\/post"}],"author":[{"embeddable":true,"href":"https:\/\/historiografija.hr\/index.php?rest_route=\/wp\/v2\/users\/2"}],"replies":[{"embeddable":true,"href":"https:\/\/historiografija.hr\/index.php?rest_route=%2Fwp%2Fv2%2Fcomments&post=27629"}],"version-history":[{"count":4,"href":"https:\/\/historiografija.hr\/index.php?rest_route=\/wp\/v2\/posts\/27629\/revisions"}],"predecessor-version":[{"id":27952,"href":"https:\/\/historiografija.hr\/index.php?rest_route=\/wp\/v2\/posts\/27629\/revisions\/27952"}],"wp:featuredmedia":[{"embeddable":true,"href":"https:\/\/historiografija.hr\/index.php?rest_route=\/wp\/v2\/media\/27630"}],"wp:attachment":[{"href":"https:\/\/historiografija.hr\/index.php?rest_route=%2Fwp%2Fv2%2Fmedia&parent=27629"}],"wp:term":[{"taxonomy":"category","embeddable":true,"href":"https:\/\/historiografija.hr\/index.php?rest_route=%2Fwp%2Fv2%2Fcategories&post=27629"},{"taxonomy":"post_tag","embeddable":true,"href":"https:\/\/historiografija.hr\/index.php?rest_route=%2Fwp%2Fv2%2Ftags&post=27629"}],"curies":[{"name":"wp","href":"https:\/\/api.w.org\/{rel}","templated":true}]}}