{"id":27597,"date":"2021-09-28T21:55:11","date_gmt":"2021-09-28T21:55:11","guid":{"rendered":"http:\/\/historiografija.hr\/?p=27597"},"modified":"2021-09-28T21:55:11","modified_gmt":"2021-09-28T21:55:11","slug":"znanstveni-skup-stvaralastvo-i-intelektualni-transferi-hrvatskih-latinista","status":"publish","type":"post","link":"https:\/\/historiografija.hr\/?p=27597","title":{"rendered":"Znanstveni skup \u201dStvarala\u0161tvo i intelektualni transferi hrvatskih latinista\u201d"},"content":{"rendered":"\n<p>Pozivaju se svi na znanstveni skup <strong>Stvarala\u0161tvo i intelektualni transferi hrvatskih latinista<\/strong> koji \u0107e se odr\u017eati u sklopu projekta <em>Predmoderna hrvatska knji\u017eevnost u europskoj kulturi: kontakti i transferi<\/em> (HRZZ-IP-2020-02-5611 Econtra) u \u010detvrtak <strong>30. rujna<\/strong> 2021. s po\u010detkom u <strong>10 sati u Vije\u0107nici Filozofskog fakulteta Sveu\u010dili\u0161ta u Zagrebu<\/strong>.<\/p>\n\n\n\n<p><a href=\"https:\/\/maia.ffzg.hr\/att\/2021\/09\/Latinisti_kolokvij_program.pdf\">Programska knji\u017eica<\/a><\/p>\n\n\n\n<p>Znanstveni skup mo\u017eete pratiti i preko poveznice: <a href=\"https:\/\/tau.ffzg.hr\/kolokvij_latinisti_Econtra\">https:\/\/tau.ffzg.hr\/kolokvij_latinisti_Econtra<\/a><\/p>\n\n\n\n<hr class=\"wp-block-separator\"\/>\n\n\n\n<p>Izvor:<\/p>\n\n\n\n<figure class=\"wp-block-embed-wordpress wp-block-embed is-type-wp-embed is-provider-filozofski-fakultet-sveucilista-u-zagrebu\"><div class=\"wp-block-embed__wrapper\">\n<blockquote class=\"wp-embedded-content\" data-secret=\"i0REcd1sLM\"><a href=\"https:\/\/web2020.ffzg.unizg.hr\/blog\/2021\/09\/27\/poziv-na-znanstveni-skup-stvaralastvo-i-intelektualni-transferi-hrvatskih-latinista\/\">Poziv na znanstveni skup &#8221;Stvarala\u0161tvo i intelektualni transferi hrvatskih latinista&#8221;<\/a><\/blockquote><iframe loading=\"lazy\" class=\"wp-embedded-content\" sandbox=\"allow-scripts\" security=\"restricted\" style=\"position: absolute; clip: rect(1px, 1px, 1px, 1px);\" title=\"&#8220;Poziv na znanstveni skup &#8221;Stvarala\u0161tvo i intelektualni transferi hrvatskih latinista&#8221;&#8221; &#8212; Filozofski fakultet Sveu\u010dili\u0161ta u Zagrebu\" src=\"https:\/\/web2020.ffzg.unizg.hr\/blog\/2021\/09\/27\/poziv-na-znanstveni-skup-stvaralastvo-i-intelektualni-transferi-hrvatskih-latinista\/embed\/#?secret=i0REcd1sLM\" data-secret=\"i0REcd1sLM\" width=\"600\" height=\"338\" frameborder=\"0\" marginwidth=\"0\" marginheight=\"0\" scrolling=\"no\"><\/iframe>\n<\/div><\/figure>\n\n\n\n<hr class=\"wp-block-separator\"\/>\n","protected":false},"excerpt":{"rendered":"","protected":false},"author":2,"featured_media":27598,"comment_status":"open","ping_status":"open","sticky":false,"template":"","format":"standard","meta":{"_acf_changed":false,"jetpack_post_was_ever_published":false,"_jetpack_newsletter_access":"","_jetpack_dont_email_post_to_subs":false,"_jetpack_newsletter_tier_id":0,"_jetpack_memberships_contains_paywalled_content":false,"_jetpack_memberships_contains_paid_content":false,"footnotes":"","jetpack_publicize_message":"","jetpack_publicize_feature_enabled":true,"jetpack_social_post_already_shared":true,"jetpack_social_options":{"image_generator_settings":{"template":"highway","default_image_id":0,"font":"","enabled":false},"version":2}},"categories":[3,9],"tags":[],"class_list":["post-27597","post","type-post","status-publish","format-standard","has-post-thumbnail","hentry","category-novosti","category-skupovi"],"acf":{"facebook_opis":""},"jetpack_publicize_connections":[],"jetpack_featured_media_url":"https:\/\/i0.wp.com\/historiografija.hr\/wp-content\/uploads\/2021\/09\/Latinisti_kolokvij.jpg?fit=400%2C600&ssl=1","jetpack_sharing_enabled":true,"jetpack-related-posts":[],"_links":{"self":[{"href":"https:\/\/historiografija.hr\/index.php?rest_route=\/wp\/v2\/posts\/27597","targetHints":{"allow":["GET"]}}],"collection":[{"href":"https:\/\/historiografija.hr\/index.php?rest_route=\/wp\/v2\/posts"}],"about":[{"href":"https:\/\/historiografija.hr\/index.php?rest_route=\/wp\/v2\/types\/post"}],"author":[{"embeddable":true,"href":"https:\/\/historiografija.hr\/index.php?rest_route=\/wp\/v2\/users\/2"}],"replies":[{"embeddable":true,"href":"https:\/\/historiografija.hr\/index.php?rest_route=%2Fwp%2Fv2%2Fcomments&post=27597"}],"version-history":[{"count":1,"href":"https:\/\/historiografija.hr\/index.php?rest_route=\/wp\/v2\/posts\/27597\/revisions"}],"predecessor-version":[{"id":27599,"href":"https:\/\/historiografija.hr\/index.php?rest_route=\/wp\/v2\/posts\/27597\/revisions\/27599"}],"wp:featuredmedia":[{"embeddable":true,"href":"https:\/\/historiografija.hr\/index.php?rest_route=\/wp\/v2\/media\/27598"}],"wp:attachment":[{"href":"https:\/\/historiografija.hr\/index.php?rest_route=%2Fwp%2Fv2%2Fmedia&parent=27597"}],"wp:term":[{"taxonomy":"category","embeddable":true,"href":"https:\/\/historiografija.hr\/index.php?rest_route=%2Fwp%2Fv2%2Fcategories&post=27597"},{"taxonomy":"post_tag","embeddable":true,"href":"https:\/\/historiografija.hr\/index.php?rest_route=%2Fwp%2Fv2%2Ftags&post=27597"}],"curies":[{"name":"wp","href":"https:\/\/api.w.org\/{rel}","templated":true}]}}