{"id":27589,"date":"2021-09-28T21:43:37","date_gmt":"2021-09-28T21:43:37","guid":{"rendered":"http:\/\/historiografija.hr\/?p=27589"},"modified":"2021-09-28T21:44:40","modified_gmt":"2021-09-28T21:44:40","slug":"znanstveni-skup-crtice-iz-povijesti-kanfanarstine-2021","status":"publish","type":"post","link":"https:\/\/historiografija.hr\/?p=27589","title":{"rendered":"Znanstveni skup &#8220;Crtice iz povijesti Kanfanar\u0161tine&#8221; 2021."},"content":{"rendered":"\n<p>Znanstveni skup &#8220;Crtice iz povijesti Kanfanar\u0161tine&#8221; odr\u017eat \u0107e se u petak, 1. listopada 2021. u Domu mladih u Kanfanaru u 18:30. Skup \u0107e se odr\u017eati uz pridr\u017eavanje svih propisanih epidemiolo\u0161kih mjera. Zbog osiguranja potrebnog razmaka i epidemiolo\u0161kih mjera ograni\u010den je broj mjesta u prostoru u kojem se skup odr\u017eava, stoga je za dolazak na skup potrebna najava.<\/p>\n\n\n\n<hr class=\"wp-block-separator\"\/>\n\n\n\n<div class=\"wp-block-file\"><a href=\"https:\/\/historiografija.hr\/wp-content\/uploads\/2021\/09\/Program-skupa-Crtice-iz-povijesti-Kanfanarstine-2021..pdf\">Program-skupa-Crtice-iz-povijesti-Kanfanarstine-2021.<\/a><a href=\"https:\/\/historiografija.hr\/wp-content\/uploads\/2021\/09\/Program-skupa-Crtice-iz-povijesti-Kanfanarstine-2021..pdf\" class=\"wp-block-file__button\" download>Preuzmi<\/a><\/div>\n\n\n\n<hr class=\"wp-block-separator\"\/>\n","protected":false},"excerpt":{"rendered":"","protected":false},"author":2,"featured_media":16431,"comment_status":"open","ping_status":"open","sticky":false,"template":"","format":"standard","meta":{"_acf_changed":false,"jetpack_post_was_ever_published":false,"_jetpack_newsletter_access":"","_jetpack_dont_email_post_to_subs":false,"_jetpack_newsletter_tier_id":0,"_jetpack_memberships_contains_paywalled_content":false,"_jetpack_memberships_contains_paid_content":false,"footnotes":"","jetpack_publicize_message":"","jetpack_publicize_feature_enabled":true,"jetpack_social_post_already_shared":true,"jetpack_social_options":{"image_generator_settings":{"template":"highway","default_image_id":0,"font":"","enabled":false},"version":2}},"categories":[3,9],"tags":[],"class_list":["post-27589","post","type-post","status-publish","format-standard","has-post-thumbnail","hentry","category-novosti","category-skupovi"],"acf":{"facebook_opis":""},"jetpack_publicize_connections":[],"jetpack_featured_media_url":"https:\/\/i0.wp.com\/historiografija.hr\/wp-content\/uploads\/2019\/09\/Kanfanar.jpg?fit=756%2C250&ssl=1","jetpack_sharing_enabled":true,"jetpack-related-posts":[],"_links":{"self":[{"href":"https:\/\/historiografija.hr\/index.php?rest_route=\/wp\/v2\/posts\/27589","targetHints":{"allow":["GET"]}}],"collection":[{"href":"https:\/\/historiografija.hr\/index.php?rest_route=\/wp\/v2\/posts"}],"about":[{"href":"https:\/\/historiografija.hr\/index.php?rest_route=\/wp\/v2\/types\/post"}],"author":[{"embeddable":true,"href":"https:\/\/historiografija.hr\/index.php?rest_route=\/wp\/v2\/users\/2"}],"replies":[{"embeddable":true,"href":"https:\/\/historiografija.hr\/index.php?rest_route=%2Fwp%2Fv2%2Fcomments&post=27589"}],"version-history":[{"count":3,"href":"https:\/\/historiografija.hr\/index.php?rest_route=\/wp\/v2\/posts\/27589\/revisions"}],"predecessor-version":[{"id":27593,"href":"https:\/\/historiografija.hr\/index.php?rest_route=\/wp\/v2\/posts\/27589\/revisions\/27593"}],"wp:featuredmedia":[{"embeddable":true,"href":"https:\/\/historiografija.hr\/index.php?rest_route=\/wp\/v2\/media\/16431"}],"wp:attachment":[{"href":"https:\/\/historiografija.hr\/index.php?rest_route=%2Fwp%2Fv2%2Fmedia&parent=27589"}],"wp:term":[{"taxonomy":"category","embeddable":true,"href":"https:\/\/historiografija.hr\/index.php?rest_route=%2Fwp%2Fv2%2Fcategories&post=27589"},{"taxonomy":"post_tag","embeddable":true,"href":"https:\/\/historiografija.hr\/index.php?rest_route=%2Fwp%2Fv2%2Ftags&post=27589"}],"curies":[{"name":"wp","href":"https:\/\/api.w.org\/{rel}","templated":true}]}}