{"id":27581,"date":"2021-09-27T15:37:06","date_gmt":"2021-09-27T15:37:06","guid":{"rendered":"http:\/\/historiografija.hr\/?p=27581"},"modified":"2021-10-22T20:50:52","modified_gmt":"2021-10-22T20:50:52","slug":"vi-kongres-hrvatskih-povjesnicara-rijeka-29-rujna-2-listopada-2021","status":"publish","type":"post","link":"https:\/\/historiografija.hr\/?p=27581","title":{"rendered":"VI. kongres hrvatskih povjesni\u010dara (Rijeka, 29. rujna \u2013 2. listopada 2021.)"},"content":{"rendered":"\n<p>\u0160esti kongres hrvatskih povjesni\u010dara odr\u017eat \u0107e se od 29. rujna do 2. listopada 2021. na Filozofskom fakultetu u Rijeci.<\/p>\n\n\n\n<hr class=\"wp-block-separator\"\/>\n\n\n\n<div class=\"wp-block-file\"><a href=\"https:\/\/historiografija.hr\/wp-content\/uploads\/2021\/09\/Sesti_kongres_hrvatskih_povjesnicara_raspored_rada.pdf\">Sesti_kongres_hrvatskih_povjesnicara_raspored_rada<\/a><a href=\"https:\/\/historiografija.hr\/wp-content\/uploads\/2021\/09\/Sesti_kongres_hrvatskih_povjesnicara_raspored_rada.pdf\" class=\"wp-block-file__button\" download>Preuzmi<\/a><\/div>\n\n\n\n<hr class=\"wp-block-separator\"\/>\n\n\n\n<div class=\"wp-block-file\"><a href=\"https:\/\/historiografija.hr\/wp-content\/uploads\/2021\/09\/Sesti_kongres_hrvatskih_povjesnicara_zbornik_sazetaka.pdf\">Sesti_kongres_hrvatskih_povjesnicara_zbornik_sazetaka<\/a><a href=\"https:\/\/historiografija.hr\/wp-content\/uploads\/2021\/09\/Sesti_kongres_hrvatskih_povjesnicara_zbornik_sazetaka.pdf\" class=\"wp-block-file__button\" download>Preuzmi<\/a><\/div>\n\n\n\n<hr class=\"wp-block-separator\"\/>\n\n\n\n<p>Detaljnije obavijesti o kongresu, kao i poveznice za pra\u0107enje preko Zoom-a mogu se prona\u0107i na stranicama <a href=\"http:\/\/www.ffri.hr\">www.ffri.hr<\/a>, <a href=\"http:\/\/www.historiografija.hr\">www.historiografija.hr<\/a>, <a href=\"https:\/\/sites.google.com\/site\/hrvatskinacionalniodbor\/\">https:\/\/sites.google.com\/site\/hrvatskinacionalniodbor\/<\/a><\/p>\n\n\n\n<hr class=\"wp-block-separator\"\/>\n\n\n\n<figure class=\"wp-block-embed-wordpress wp-block-embed is-type-wp-embed is-provider-historiografija-hr\"><div class=\"wp-block-embed__wrapper\">\n<blockquote class=\"wp-embedded-content\" data-secret=\"1lvGfIVdcH\"><a href=\"https:\/\/historiografija.hr\/?p=27629\">Otvoren \u0160esti kongres hrvatskih povjesni\u010dara<\/a><\/blockquote><iframe loading=\"lazy\" class=\"wp-embedded-content\" sandbox=\"allow-scripts\" security=\"restricted\" style=\"position: absolute; clip: rect(1px, 1px, 1px, 1px);\" title=\"&#8220;Otvoren \u0160esti kongres hrvatskih povjesni\u010dara&#8221; &#8212; Historiografija.hr\" src=\"https:\/\/historiografija.hr\/?p=27629&#038;embed=true#?secret=1lvGfIVdcH\" data-secret=\"1lvGfIVdcH\" width=\"600\" height=\"338\" frameborder=\"0\" marginwidth=\"0\" marginheight=\"0\" scrolling=\"no\"><\/iframe>\n<\/div><\/figure>\n\n\n\n<hr class=\"wp-block-separator\"\/>\n\n\n\n<p>Tom prilikom upu\u0107ujemo i na priloge koji su objavljeni na portalu <em>Historiografija.hr<\/em> o prethodnom, V. kongresu hrvatskih povjesni\u010dara odr\u017eanom u Zadru 2016. godine:<\/p>\n\n\n\n<hr class=\"wp-block-separator\"\/>\n\n\n\n<figure class=\"wp-block-embed-wordpress wp-block-embed is-type-wp-embed is-provider-historiografija-hr\"><div class=\"wp-block-embed__wrapper\">\n<blockquote class=\"wp-embedded-content\" data-secret=\"LDA0pSjmHR\"><a href=\"https:\/\/historiografija.hr\/?p=2489\">Tomislav Galovi\u0107: Dosad najbrojniji Kongres hrvatskih povjesni\u010dara<\/a><\/blockquote><iframe loading=\"lazy\" class=\"wp-embedded-content\" sandbox=\"allow-scripts\" security=\"restricted\" style=\"position: absolute; clip: rect(1px, 1px, 1px, 1px);\" title=\"&#8220;Tomislav Galovi\u0107: Dosad najbrojniji Kongres hrvatskih povjesni\u010dara&#8221; &#8212; Historiografija.hr\" src=\"https:\/\/historiografija.hr\/?p=2489&#038;embed=true#?secret=LDA0pSjmHR\" data-secret=\"LDA0pSjmHR\" width=\"600\" height=\"338\" frameborder=\"0\" marginwidth=\"0\" marginheight=\"0\" scrolling=\"no\"><\/iframe>\n<\/div><\/figure>\n\n\n\n<hr class=\"wp-block-separator\"\/>\n\n\n\n<figure class=\"wp-block-embed-wordpress wp-block-embed is-type-wp-embed is-provider-historiografija-hr\"><div class=\"wp-block-embed__wrapper\">\n<blockquote class=\"wp-embedded-content\" data-secret=\"uzNUbSSyQT\"><a href=\"https:\/\/historiografija.hr\/?p=2007\">Branimir Jankovi\u0107 &#8211; Osvrt na V. kongres hrvatskih povjesni\u010dara<\/a><\/blockquote><iframe loading=\"lazy\" class=\"wp-embedded-content\" sandbox=\"allow-scripts\" security=\"restricted\" style=\"position: absolute; clip: rect(1px, 1px, 1px, 1px);\" title=\"&#8220;Branimir Jankovi\u0107 &#8211; Osvrt na V. kongres hrvatskih povjesni\u010dara&#8221; &#8212; Historiografija.hr\" src=\"https:\/\/historiografija.hr\/?p=2007&#038;embed=true#?secret=uzNUbSSyQT\" data-secret=\"uzNUbSSyQT\" width=\"600\" height=\"338\" frameborder=\"0\" marginwidth=\"0\" marginheight=\"0\" scrolling=\"no\"><\/iframe>\n<\/div><\/figure>\n\n\n\n<hr class=\"wp-block-separator\"\/>\n","protected":false},"excerpt":{"rendered":"","protected":false},"author":2,"featured_media":0,"comment_status":"open","ping_status":"open","sticky":false,"template":"","format":"standard","meta":{"_acf_changed":false,"jetpack_post_was_ever_published":false,"_jetpack_newsletter_access":"","_jetpack_dont_email_post_to_subs":false,"_jetpack_newsletter_tier_id":0,"_jetpack_memberships_contains_paywalled_content":false,"_jetpack_memberships_contains_paid_content":false,"footnotes":"","jetpack_publicize_message":"","jetpack_publicize_feature_enabled":true,"jetpack_social_post_already_shared":true,"jetpack_social_options":{"image_generator_settings":{"template":"highway","default_image_id":0,"font":"","enabled":false},"version":2}},"categories":[4],"tags":[],"class_list":["post-27581","post","type-post","status-publish","format-standard","hentry","category-osvrti"],"acf":{"facebook_opis":""},"jetpack_publicize_connections":[],"jetpack_featured_media_url":"","jetpack_sharing_enabled":true,"jetpack-related-posts":[],"_links":{"self":[{"href":"https:\/\/historiografija.hr\/index.php?rest_route=\/wp\/v2\/posts\/27581","targetHints":{"allow":["GET"]}}],"collection":[{"href":"https:\/\/historiografija.hr\/index.php?rest_route=\/wp\/v2\/posts"}],"about":[{"href":"https:\/\/historiografija.hr\/index.php?rest_route=\/wp\/v2\/types\/post"}],"author":[{"embeddable":true,"href":"https:\/\/historiografija.hr\/index.php?rest_route=\/wp\/v2\/users\/2"}],"replies":[{"embeddable":true,"href":"https:\/\/historiografija.hr\/index.php?rest_route=%2Fwp%2Fv2%2Fcomments&post=27581"}],"version-history":[{"count":5,"href":"https:\/\/historiografija.hr\/index.php?rest_route=\/wp\/v2\/posts\/27581\/revisions"}],"predecessor-version":[{"id":27953,"href":"https:\/\/historiografija.hr\/index.php?rest_route=\/wp\/v2\/posts\/27581\/revisions\/27953"}],"wp:attachment":[{"href":"https:\/\/historiografija.hr\/index.php?rest_route=%2Fwp%2Fv2%2Fmedia&parent=27581"}],"wp:term":[{"taxonomy":"category","embeddable":true,"href":"https:\/\/historiografija.hr\/index.php?rest_route=%2Fwp%2Fv2%2Fcategories&post=27581"},{"taxonomy":"post_tag","embeddable":true,"href":"https:\/\/historiografija.hr\/index.php?rest_route=%2Fwp%2Fv2%2Ftags&post=27581"}],"curies":[{"name":"wp","href":"https:\/\/api.w.org\/{rel}","templated":true}]}}