{"id":27574,"date":"2021-09-27T15:17:50","date_gmt":"2021-09-27T15:17:50","guid":{"rendered":"http:\/\/historiografija.hr\/?p=27574"},"modified":"2021-09-27T15:17:50","modified_gmt":"2021-09-27T15:17:50","slug":"znanstveni-skup-od-strossmayera-do-danas-demografska-slika-hrvatske","status":"publish","type":"post","link":"https:\/\/historiografija.hr\/?p=27574","title":{"rendered":"Znanstveni skup \u201cOd Strossmayera do danas \u2013 demografska slika Hrvatske\u201d"},"content":{"rendered":"\n<p>Zavod za znanstveni i umjetni\u010dki rad HAZU u \u0110akovu organizira znanstveni skup s temom \u201cOd Strossmayera do danas \u2013 demografska slika Hrvatske\u201d koji se odr\u017eava u utorak 28. rujna 2021. s po\u010detkom u 10 sati u Sredi\u0161njoj fakultetskoj i nadbiskupijskoj knji\u017enici u \u0110akovu, Petra Preradovi\u0107a 17.<\/p>\n\n\n\n<p>Predavanja:<\/p>\n\n\n\n<ul class=\"wp-block-list\"><li>Biskup Strossmayer i obitelj \u2013 pastoralna i demografska problematika unutar poslanica i okru\u017enica (dr. sc. Drago Ili\u010di\u0107)<\/li><li>Demografske promjene u Hrvatskoj \u2013 od ekspanzije do depopulacije (dr. sc. Dra\u017een \u017divi\u0107)<\/li><li>Op\u0107ine i gradovi u Hrvatskoj \u2013 demografsko stanje i trendovi (dr. sc. Kre\u0161imir Ivanda)<\/li><li>Populacijska politika Hrvatske \u2013 ju\u010der, danas, sutra \u2013 dru\u0161tveni pregled (dr. sc. Marin Strmota)<\/li><li>Hrvatska u demografskoj perspektivi (akademik An\u0111elko Akrap)<\/li><li>Strossmayerovo nadahnu\u0107e za dru\u0161tveno i crkveno djelovanje za demografski oporavak Hrvatske danas, sutra\u2026 (dr. sc. Pero Ara\u010di\u0107)<\/li><li>Kratka priop\u0107enja o demografskim poku\u0161ajima<\/li><\/ul>\n\n\n\n<p>Nakon svakog predavanja mogu\u0107e je postavljati pitanja. Na kraju je predvi\u0111ena op\u0107a rasprava, a zavr\u0161etak skupa planiran je oko 16 sati.<\/p>\n\n\n\n<p>Sudjelovanje na skupu slobodno je uz po\u0161tivanje epidemiolo\u0161kih mjera.<\/p>\n\n\n\n<p><a rel=\"noreferrer noopener\" href=\"https:\/\/www.info.hazu.hr\/wp-content\/uploads\/2021\/09\/Od-straossmayera-do-danas-demografska-slika-hrvatske.pdf\" target=\"_blank\">PROGRAM ZNANSTVENOG SKUPA<\/a><\/p>\n\n\n\n<hr class=\"wp-block-separator\"\/>\n\n\n\n<p>Izvor:<\/p>\n\n\n\n<figure class=\"wp-block-embed-wordpress wp-block-embed is-type-wp-embed is-provider-hazu\"><div class=\"wp-block-embed__wrapper\">\n<blockquote class=\"wp-embedded-content\" data-secret=\"a05QECX4v8\"><a href=\"https:\/\/www.info.hazu.hr\/events\/znanstveni-skup-od-strossmayera-do-danas-demografska-slika-hrvatske\/\">Znanstveni skup OD STROSSMAYERA DO DANAS &#8211; DEMOGRAFSKA SLIKA HRVATSKE<\/a><\/blockquote><iframe loading=\"lazy\" class=\"wp-embedded-content\" sandbox=\"allow-scripts\" security=\"restricted\" style=\"position: absolute; clip: rect(1px, 1px, 1px, 1px);\" title=\"&#8220;Znanstveni skup OD STROSSMAYERA DO DANAS &#8211; DEMOGRAFSKA SLIKA HRVATSKE&#8221; &#8212; HAZU\" src=\"https:\/\/www.info.hazu.hr\/events\/znanstveni-skup-od-strossmayera-do-danas-demografska-slika-hrvatske\/embed\/#?secret=a05QECX4v8\" data-secret=\"a05QECX4v8\" width=\"600\" height=\"338\" frameborder=\"0\" marginwidth=\"0\" marginheight=\"0\" scrolling=\"no\"><\/iframe>\n<\/div><\/figure>\n\n\n\n<hr class=\"wp-block-separator\"\/>\n","protected":false},"excerpt":{"rendered":"","protected":false},"author":2,"featured_media":27575,"comment_status":"open","ping_status":"open","sticky":false,"template":"","format":"standard","meta":{"_acf_changed":false,"jetpack_post_was_ever_published":false,"_jetpack_newsletter_access":"","_jetpack_dont_email_post_to_subs":false,"_jetpack_newsletter_tier_id":0,"_jetpack_memberships_contains_paywalled_content":false,"_jetpack_memberships_contains_paid_content":false,"footnotes":"","jetpack_publicize_message":"","jetpack_publicize_feature_enabled":true,"jetpack_social_post_already_shared":true,"jetpack_social_options":{"image_generator_settings":{"template":"highway","default_image_id":0,"font":"","enabled":false},"version":2}},"categories":[3,9],"tags":[],"class_list":["post-27574","post","type-post","status-publish","format-standard","has-post-thumbnail","hentry","category-novosti","category-skupovi"],"acf":{"facebook_opis":""},"jetpack_publicize_connections":[],"jetpack_featured_media_url":"https:\/\/i0.wp.com\/historiografija.hr\/wp-content\/uploads\/2021\/09\/JJStrossmayer.jpg?fit=800%2C449&ssl=1","jetpack_sharing_enabled":true,"jetpack-related-posts":[],"_links":{"self":[{"href":"https:\/\/historiografija.hr\/index.php?rest_route=\/wp\/v2\/posts\/27574","targetHints":{"allow":["GET"]}}],"collection":[{"href":"https:\/\/historiografija.hr\/index.php?rest_route=\/wp\/v2\/posts"}],"about":[{"href":"https:\/\/historiografija.hr\/index.php?rest_route=\/wp\/v2\/types\/post"}],"author":[{"embeddable":true,"href":"https:\/\/historiografija.hr\/index.php?rest_route=\/wp\/v2\/users\/2"}],"replies":[{"embeddable":true,"href":"https:\/\/historiografija.hr\/index.php?rest_route=%2Fwp%2Fv2%2Fcomments&post=27574"}],"version-history":[{"count":1,"href":"https:\/\/historiografija.hr\/index.php?rest_route=\/wp\/v2\/posts\/27574\/revisions"}],"predecessor-version":[{"id":27576,"href":"https:\/\/historiografija.hr\/index.php?rest_route=\/wp\/v2\/posts\/27574\/revisions\/27576"}],"wp:featuredmedia":[{"embeddable":true,"href":"https:\/\/historiografija.hr\/index.php?rest_route=\/wp\/v2\/media\/27575"}],"wp:attachment":[{"href":"https:\/\/historiografija.hr\/index.php?rest_route=%2Fwp%2Fv2%2Fmedia&parent=27574"}],"wp:term":[{"taxonomy":"category","embeddable":true,"href":"https:\/\/historiografija.hr\/index.php?rest_route=%2Fwp%2Fv2%2Fcategories&post=27574"},{"taxonomy":"post_tag","embeddable":true,"href":"https:\/\/historiografija.hr\/index.php?rest_route=%2Fwp%2Fv2%2Ftags&post=27574"}],"curies":[{"name":"wp","href":"https:\/\/api.w.org\/{rel}","templated":true}]}}