{"id":27567,"date":"2021-09-24T14:49:03","date_gmt":"2021-09-24T14:49:03","guid":{"rendered":"http:\/\/historiografija.hr\/?p=27567"},"modified":"2021-09-24T14:49:03","modified_gmt":"2021-09-24T14:49:03","slug":"peti-medunarodni-znanstveni-skup-socijalizam-na-klupi-antifasizam-pula-online-30-rujna-2-listopada-2021","status":"publish","type":"post","link":"https:\/\/historiografija.hr\/?p=27567","title":{"rendered":"Peti me\u0111unarodni znanstveni skup Socijalizam na klupi: ANTIFA\u0160IZAM \/ Pula (online), 30. rujna \u2013 2. listopada 2021."},"content":{"rendered":"\n<p>Nastavljaju\u0107i niz dvogodi\u0161njih konferencija zapo\u010det 2013., u organizaciji Centra za kulturolo\u0161ka i povijesna istra\u017eivanja socijalizma (CKPIS) od 30. rujna do 2. listopada 2021. odr\u017eava se Peti me\u0111unarodni znanstveni skup Socijalizam na klupi, ovoga puta na temu Antifa\u0161izam. Program uklju\u010duje 131 sudionika, 103 izlaganja u 20 sekcija, 3 pozvana predava\u010da, 2 okrugla stola, 3 predstavljanja knjiga. Pozvani predava\u010di su Darko Dukovski (Rijeka), Ivo Goldstein (Zagreb) i Rastko Mo\u010dnik (Ljubljana).<\/p>\n\n\n\n<p>Na mre\u017enim stranicama skupa dostupni su knjiga sa\u017eetaka, raspored izlaganja i druge informacije. Skup se u potpunosti odr\u017eava preko platforme Zoom. Kako bi mogli sudjelovati i pratiti program, svi sudionici i gosti moraju se registrirati u \u010detiri virtualne dvorane. Radni jezici skupa su hrvatski (i me\u0111usobno razumljivi jezici) i engleski.<\/p>\n\n\n\n<p>Povod za temu 5. Socijalizma na klupi okrugle su obljetnice antifa\u0161isti\u010dkih ustanaka: stogodi\u0161njica Labinske republike i Pro\u0161tinske bune te osamdeset godina od po\u010detka Narodnooslobodila\u010dke borbe u okupiranoj Jugoslaviji.<\/p>\n\n\n\n<p>Raniji skupovi iz ovoga niza: Kulturolo\u0161ke i povijesne interpretacije jugoslavenskoga i postjugoslavenskih dru\u0161tava (2013.), Socijalizam: izgradnja i razgradnja (2015.), Komunisti i komunisti\u010dke partije: politike, akcije, debate (2017.) te Kontinuiteti i inovacije (2019.)<\/p>\n\n\n\n<p>5. Socijalizam na klupi odr\u017eava se uz informati\u010dku podr\u0161ku Sveu\u010dili\u0161ta Jurja Dobrile u Puli te zahvaljuju\u0107i financijskoj potpori zaklade Rosa Luxemburg Stiftung Southeast Europe.<\/p>\n\n\n\n<hr class=\"wp-block-separator\"\/>\n\n\n\n<p><a href=\"https:\/\/www.unipu.hr\/images\/50031998\/5SnK-BOOK.pdf\">Knjiga sa\u017eetaka<\/a> (pdf) i <a href=\"https:\/\/www.unipu.hr\/images\/50031998\/5SnK-PROGRAM.pdf\">raspored izlaganja<\/a> (pdf)<\/p>\n\n\n\n<hr class=\"wp-block-separator\"\/>\n\n\n\n<p><a href=\"https:\/\/www.unipu.hr\/ckpis\/socijalizam_na_klupi\/2021\">https:\/\/www.unipu.hr\/ckpis\/socijalizam_na_klupi\/2021<\/a><\/p>\n\n\n\n<p><a href=\"https:\/\/www.facebook.com\/ckpis.unipu.hr\">https:\/\/www.facebook.com\/ckpis.unipu.hr<\/a><\/p>\n\n\n\n<hr class=\"wp-block-separator\"\/>\n\n\n\n<p><strong>5th International Conference Socialism on the Bench<\/strong><strong><br>ANTIFASCISM<\/strong><br>Pula, Croatia (online), September 30 \u2013 October 2, 2021<\/p>\n\n\n\n<p><a href=\"https:\/\/www.unipu.hr\/images\/50032001\/5SnK-BOOK.pdf\">Book of Abstracts<\/a> (pdf) &amp; <a href=\"https:\/\/www.unipu.hr\/images\/50032001\/5SnK-PROGRAM.pdf\">Programme<\/a> (pdf)&nbsp;&nbsp;&nbsp;<\/p>\n\n\n\n<p>Programme includes 131 participants, 103 presentations in 20 sections, 3 keynote speakers, 2 round tables, 3 book launches.<\/p>\n\n\n\n<p>The conference is held entirely online via Zoom.<\/p>\n\n\n\n<p><a href=\"https:\/\/www.unipu.hr\/ckpis\/en\/socialism_on_the_bench\/2021\">https:\/\/www.unipu.hr\/ckpis\/en\/socialism_on_the_bench\/2021<\/a><\/p>\n\n\n\n<p><a href=\"https:\/\/www.facebook.com\/ckpis.unipu.hr\">https:\/\/www.facebook.com\/ckpis.unipu.hr<\/a><\/p>\n\n\n\n<hr class=\"wp-block-separator\"\/>\n","protected":false},"excerpt":{"rendered":"","protected":false},"author":2,"featured_media":27568,"comment_status":"open","ping_status":"open","sticky":false,"template":"","format":"standard","meta":{"_acf_changed":false,"jetpack_post_was_ever_published":false,"_jetpack_newsletter_access":"","_jetpack_dont_email_post_to_subs":false,"_jetpack_newsletter_tier_id":0,"_jetpack_memberships_contains_paywalled_content":false,"_jetpack_memberships_contains_paid_content":false,"footnotes":"","jetpack_publicize_message":"","jetpack_publicize_feature_enabled":true,"jetpack_social_post_already_shared":true,"jetpack_social_options":{"image_generator_settings":{"template":"highway","default_image_id":0,"font":"","enabled":false},"version":2}},"categories":[3,9],"tags":[],"class_list":["post-27567","post","type-post","status-publish","format-standard","has-post-thumbnail","hentry","category-novosti","category-skupovi"],"acf":{"facebook_opis":""},"jetpack_publicize_connections":[],"jetpack_featured_media_url":"https:\/\/i0.wp.com\/historiografija.hr\/wp-content\/uploads\/2021\/09\/antifasizam.jpg?fit=2333%2C1221&ssl=1","jetpack_sharing_enabled":true,"jetpack-related-posts":[],"_links":{"self":[{"href":"https:\/\/historiografija.hr\/index.php?rest_route=\/wp\/v2\/posts\/27567","targetHints":{"allow":["GET"]}}],"collection":[{"href":"https:\/\/historiografija.hr\/index.php?rest_route=\/wp\/v2\/posts"}],"about":[{"href":"https:\/\/historiografija.hr\/index.php?rest_route=\/wp\/v2\/types\/post"}],"author":[{"embeddable":true,"href":"https:\/\/historiografija.hr\/index.php?rest_route=\/wp\/v2\/users\/2"}],"replies":[{"embeddable":true,"href":"https:\/\/historiografija.hr\/index.php?rest_route=%2Fwp%2Fv2%2Fcomments&post=27567"}],"version-history":[{"count":1,"href":"https:\/\/historiografija.hr\/index.php?rest_route=\/wp\/v2\/posts\/27567\/revisions"}],"predecessor-version":[{"id":27569,"href":"https:\/\/historiografija.hr\/index.php?rest_route=\/wp\/v2\/posts\/27567\/revisions\/27569"}],"wp:featuredmedia":[{"embeddable":true,"href":"https:\/\/historiografija.hr\/index.php?rest_route=\/wp\/v2\/media\/27568"}],"wp:attachment":[{"href":"https:\/\/historiografija.hr\/index.php?rest_route=%2Fwp%2Fv2%2Fmedia&parent=27567"}],"wp:term":[{"taxonomy":"category","embeddable":true,"href":"https:\/\/historiografija.hr\/index.php?rest_route=%2Fwp%2Fv2%2Fcategories&post=27567"},{"taxonomy":"post_tag","embeddable":true,"href":"https:\/\/historiografija.hr\/index.php?rest_route=%2Fwp%2Fv2%2Ftags&post=27567"}],"curies":[{"name":"wp","href":"https:\/\/api.w.org\/{rel}","templated":true}]}}