{"id":27561,"date":"2021-09-24T13:13:24","date_gmt":"2021-09-24T13:13:24","guid":{"rendered":"http:\/\/historiografija.hr\/?p=27561"},"modified":"2021-09-24T13:13:24","modified_gmt":"2021-09-24T13:13:24","slug":"moje-tvoje-nase-2021-nesvrstani","status":"publish","type":"post","link":"https:\/\/historiografija.hr\/?p=27561","title":{"rendered":"MOJE, TVOJE, NA\u0160E 2021: NESVRSTANI"},"content":{"rendered":"\n<p>Filodrammatica, Korzo 28\/1, Rijeka<\/p>\n\n\n\n<hr class=\"wp-block-separator\"\/>\n\n\n\n<p>izlo\u017eba: 24. rujan \u2013 15. listopad 2021.<\/p>\n\n\n\n<p>konferencija: 27. \u2013 29. rujan 2021.<\/p>\n\n\n\n<p>filmski program: 27. i 28. rujan 2021.<\/p>\n\n\n\n<hr class=\"wp-block-separator\"\/>\n\n\n\n<p>Povodom \u0161ezdesete godi\u0161njice osniva\u010dke konferencije<\/p>\n\n\n\n<p><strong>Pokret nesvrstanih u fokusu \u0161esnaeste manifestacije <em>Moje, tvoje, na<\/em><\/strong><em><strong>\u0161e<\/strong><\/em><\/p>\n\n\n\n<hr class=\"wp-block-separator\"\/>\n\n\n\n<p>U mjesecu u kojem se obilje\u017eava \u0161ezdeseta obljetnica njegovog utemeljenja, \u0161esnaesto izdanje interdisciplinarnog festivala <em>Moje, tvoje, na\u0161e<\/em> bavit \u0107e se temom <strong>Pokreta nesvrstanih<\/strong>. Manifestaciju organiziraju rije\u010dka udruga Drugo more, Institut za povijest umjetnosti iz Zagreba i ljubljanska Moderne galerije, a program \u0107e se sastojati od izlo\u017ebenog, konferencijskog i filmskog dijela.<\/p>\n\n\n\n<p>Osnovan u rujnu 1961. godine na konferenciji u Beogradu kao transnacionalni politi\u010dki projekt i koalicija malih i srednjih dr\u017eava, uglavnom biv\u0161ih kolonija i zemalja u razvoju s globalnog Juga ili Tre\u0107eg svijeta, Pokret nesvrstanih je predstavljao prvi veliki poreme\u0107aj na mapi Hladnog rata, tragaju\u0107i za alternativnim politi\u010dkim savezima i \u201ealternativnom mondijalizacijom\u201c.<\/p>\n\n\n\n<p>Na <a href=\"http:\/\/drugo-more.hr\/mtn-2021-poetike-nesvrstanih\/\">izlo\u017ebi<\/a> <strong>Ju\u017ena sazvije\u017e\u0111a: poetike nesvrstanih<\/strong> (<strong>Napisati revolucionarnu pjesmu nije dovoljno<\/strong>) kustosice <strong>Bojane Pi\u0161kur<\/strong> (Moderna galerija, Ljubljana), od 24. rujna do 15. listopada u Galeriji Filodrammatica bit \u0107e prikazani radovi autora <strong>Dana Acostioaeija<\/strong>, <strong>Nike Autor<\/strong>, <strong>\u0110or\u0111a Balmazovi\u0107a<\/strong>, <strong>Ferenca Gr\u00f3fa<\/strong>, <strong>Ibre Hasanovi\u0107a<\/strong>, <strong>Dubravke Sekuli\u0107<\/strong>, <strong>Hyun-Suk Seoa<\/strong> i <strong>Mile Turajli\u0107<\/strong>, uz odabrane arhivske materijale Pokreta nesvrstanih i kartografiju me\u0111unarodne kulturne suradnje SFR Jugoslavije sa zemljama u razvoju. U ne\u0161to druga\u010dijim izdanjima, izlo\u017eba je prethodno predstavljena u Modernoj galeriji u Ljubljani 2019. i Asia Culture Centru u ju\u017enokorejskom gradu Gwangju 2020. godine. Kao svojevrsni uvod u kulturnu politiku Pokreta nesvrstanih, izlo\u017eba se fokusira na pojedine povijesne doga\u0111aje, pri \u010demu se predstavljeni projekti i istra\u017eivanja bave temama kulturne razmjene i kulturnih programa izme\u0111u Jugoslavije i nesvrstanih zemalja u Aziji, Africi i Latinskoj Americi. Izlo\u017eba tako\u0111er sadr\u017ei suvremene radove koji ispituju va\u017enost kori\u0161tenja ideja Pokreta nesvrstanih u dana\u0161njem vremenu.<\/p>\n\n\n\n<p>Me\u0111unarodna konferencija <strong>Towards a Conjuctural Political Economy of Non-Alignment and Cultural Politics <\/strong>odr\u017eat \u0107e se od 27. do 29. rujna u velikoj dvorani Filodrammatice, s naglaskom na veze Pokreta nesvrstanih i politika dekolonizacije i kulturne razmjene. Uz izlaga\u010de koji su izabrani putem javnog poziva za sudjelovanje, na konferenciji hibridnog formata (<em>onsite<\/em> i <em>online<\/em>) \u0107e kao pozvani predava\u010di sudjelovati <strong>Vijay Prashad<\/strong> (Tricontinental: Institute for Social Research), <strong>Sara Salem <\/strong>(The London School of Economics), <strong>Budimir Lon\u010dar<\/strong> (nekada\u0161nji ministar vanjskih poslova Federativne Republike Jugoslavije) i <strong>Tvrtko Jakovina<\/strong> (Filozofski fakultet Sveu\u010dili\u0161ta u Zagrebu). Osim u dvorani Filodrammatice, prijenos konferencije \u0107e se tako\u0111er mo\u0107i u\u017eivo pratiti putem interneta.<\/p>\n\n\n\n<p>Po zavr\u0161etku konferencijskog dijela programa, 27. i 28. rujna odr\u017eat \u0107e se i <a href=\"http:\/\/drugo-more.hr\/moje-tvoje-nase-2021\/#filmovi\">filmski program<\/a> selektorice Ljiljane Kole\u0161nik (Institut za povijest umjetnosti, Zagreb), na temu Pokreta nesvrstanih i borbe protiv kolonijalizma. U sklopu programa prikazat \u0107e se filmovi <em>Algeria: Women at War<\/em> Parmindera Vira (1992.), <em>Measures of Distance<\/em> Mone Hatoum (1988.) i <em>Concerning Violence<\/em> G\u00f6rana Olssona (2014.).<\/p>\n\n\n\n<p>Povezuju\u0107i teorijske i umjetni\u010dke poglede na razli\u010dite teme od dru\u0161tvene va\u017enosti \u2013 kao \u0161to su, primjerice, vlasni\u0161tvo, tranzicija, konzumerizam, solidarnost, otpor, rad, nadzor, (trans)nacionalizmi, promet, more, mre\u017ea itd. \u2013 festival <em>Moje, tvoje, na\u0161e<\/em> odr\u017eava se u organizaciji Drugog mora od 2005. godine. Samo u posljednjih nekoliko izdanja, festival je u Rijeku doveo brojne relevantne i zanimljive izlaga\u010de te radove svjetski cijenjenih suvremenih umjetnika i dizajnera, me\u0111u kojima su Ai Weiwei, Laura Poitras, Julian Oliver, Laleh Khalili, Annie Machon, Evan Roth, James Bridle, Constant Dullaart,&nbsp;Daniela Ortiz i mnogi drugi.<\/p>\n\n\n\n<p>Manifestacija \u0107e se odr\u017eati uz pridr\u017eavanje va\u017ee\u0107ih mjera za\u0161tite od zaraze koronavirusom, a ulaz na sve programe je besplatan. Detaljan program i raspored doga\u0111anja potra\u017eite na <a href=\"http:\/\/drugo-more.hr\/moje-tvoje-nase-2021\/\">mre\u017enim stranicama<\/a> Drugog mora.<\/p>\n\n\n\n<hr class=\"wp-block-separator\"\/>\n\n\n\n<p>Organizatori: Drugo more i Institut za povijest umjetnosti<\/p>\n\n\n\n<p>Partner: Moderna galerija, Ljubljana<\/p>\n\n\n\n<p>Program podr\u017eali: Ministarstvo kulture i medija RH, Grad Rijeka &#8211; Odjel za kulturu, Hrvatska zaklada za znanost<\/p>\n\n\n\n<p>Drugo more je korisnik financijske podr\u0161ke Zaklade Kultura nova<\/p>\n\n\n\n<p>Odr\u017eavanje radionice &#8220;Towards a Conjuctural Political Economy of Non-Alignment and Cultural Politics&#8221; financijski je pomogla Hrvatska zaklada za znanost<\/p>\n\n\n\n<p>Prostorima Palacha i Filodrammatice upravlja Savez udruga Molekula<\/p>\n\n\n\n<hr class=\"wp-block-separator\"\/>\n\n\n\n<p>Izvori:<\/p>\n\n\n\n<figure class=\"wp-block-embed-wordpress wp-block-embed is-type-wp-embed is-provider-drugo-more\"><div class=\"wp-block-embed__wrapper\">\n<blockquote class=\"wp-embedded-content\" data-secret=\"QFX9ouexJv\"><a href=\"http:\/\/drugo-more.hr\/\">Naslovna stranica<\/a><\/blockquote><iframe loading=\"lazy\" class=\"wp-embedded-content\" sandbox=\"allow-scripts\" security=\"restricted\" style=\"position: absolute; clip: rect(1px, 1px, 1px, 1px);\" title=\"&#8220;Naslovna stranica&#8221; &#8212; Drugo More\" src=\"http:\/\/drugo-more.hr\/embed\/#?secret=QFX9ouexJv\" data-secret=\"QFX9ouexJv\" width=\"600\" height=\"338\" frameborder=\"0\" marginwidth=\"0\" marginheight=\"0\" scrolling=\"no\"><\/iframe>\n<\/div><\/figure>\n\n\n\n<p><a href=\"https:\/\/www.ipu.hr\/article\/hr\/1113\/pokret-nesvrstanih\">https:\/\/www.ipu.hr\/article\/hr\/1113\/pokret-nesvrstanih<\/a><\/p>\n\n\n\n<hr class=\"wp-block-separator\"\/>\n","protected":false},"excerpt":{"rendered":"","protected":false},"author":2,"featured_media":27562,"comment_status":"open","ping_status":"open","sticky":false,"template":"","format":"standard","meta":{"_acf_changed":false,"jetpack_post_was_ever_published":false,"_jetpack_newsletter_access":"","_jetpack_dont_email_post_to_subs":false,"_jetpack_newsletter_tier_id":0,"_jetpack_memberships_contains_paywalled_content":false,"_jetpack_memberships_contains_paid_content":false,"footnotes":"","jetpack_publicize_message":"","jetpack_publicize_feature_enabled":true,"jetpack_social_post_already_shared":true,"jetpack_social_options":{"image_generator_settings":{"template":"highway","default_image_id":0,"font":"","enabled":false},"version":2}},"categories":[13,10,3,9],"tags":[],"class_list":["post-27561","post","type-post","status-publish","format-standard","has-post-thumbnail","hentry","category-filmovi-i-serije","category-izlozbe","category-novosti","category-skupovi"],"acf":{"facebook_opis":""},"jetpack_publicize_connections":[],"jetpack_featured_media_url":"https:\/\/i0.wp.com\/historiografija.hr\/wp-content\/uploads\/2021\/09\/cover-Nesvrstani.jpg?fit=1920%2C1080&ssl=1","jetpack_sharing_enabled":true,"jetpack-related-posts":[],"_links":{"self":[{"href":"https:\/\/historiografija.hr\/index.php?rest_route=\/wp\/v2\/posts\/27561","targetHints":{"allow":["GET"]}}],"collection":[{"href":"https:\/\/historiografija.hr\/index.php?rest_route=\/wp\/v2\/posts"}],"about":[{"href":"https:\/\/historiografija.hr\/index.php?rest_route=\/wp\/v2\/types\/post"}],"author":[{"embeddable":true,"href":"https:\/\/historiografija.hr\/index.php?rest_route=\/wp\/v2\/users\/2"}],"replies":[{"embeddable":true,"href":"https:\/\/historiografija.hr\/index.php?rest_route=%2Fwp%2Fv2%2Fcomments&post=27561"}],"version-history":[{"count":1,"href":"https:\/\/historiografija.hr\/index.php?rest_route=\/wp\/v2\/posts\/27561\/revisions"}],"predecessor-version":[{"id":27563,"href":"https:\/\/historiografija.hr\/index.php?rest_route=\/wp\/v2\/posts\/27561\/revisions\/27563"}],"wp:featuredmedia":[{"embeddable":true,"href":"https:\/\/historiografija.hr\/index.php?rest_route=\/wp\/v2\/media\/27562"}],"wp:attachment":[{"href":"https:\/\/historiografija.hr\/index.php?rest_route=%2Fwp%2Fv2%2Fmedia&parent=27561"}],"wp:term":[{"taxonomy":"category","embeddable":true,"href":"https:\/\/historiografija.hr\/index.php?rest_route=%2Fwp%2Fv2%2Fcategories&post=27561"},{"taxonomy":"post_tag","embeddable":true,"href":"https:\/\/historiografija.hr\/index.php?rest_route=%2Fwp%2Fv2%2Ftags&post=27561"}],"curies":[{"name":"wp","href":"https:\/\/api.w.org\/{rel}","templated":true}]}}