{"id":27559,"date":"2021-09-24T12:04:00","date_gmt":"2021-09-24T12:04:00","guid":{"rendered":"http:\/\/historiografija.hr\/?p=27559"},"modified":"2021-09-24T13:05:08","modified_gmt":"2021-09-24T13:05:08","slug":"znanstveni-skup-ljubo-karaman-pedeset-godina-poslije","status":"publish","type":"post","link":"https:\/\/historiografija.hr\/?p=27559","title":{"rendered":"Znanstveni skup \u201cLjubo Karaman, pedeset godina poslije\u201d"},"content":{"rendered":"\n<p>Znanstveni skup <em>Ljubo Karaman, pedeset godina poslije<\/em>, u organizaciji Instituta za povijest umjetnosti i Knji\u017eevnog kruga Split, odr\u017eat \u0107e se 23. i 24. rujna 2021. u Splitu, Zavod za znanstveni i umjetni\u010dki rad HAZU, Trg bra\u0107e Radi\u0107 7.<\/p>\n\n\n\n<p>Program skupa, sa\u017eetke izlaganja i katalog prigodne izlo\u017ebe mogu se preuzeti <strong><a href=\"https:\/\/www.ipu.hr\/content\/info\/Ljubo-Karaman_pedeset-godina-poslije_programska-knjizica.pdf\">ovdje<\/a><\/strong>.<\/p>\n\n\n\n<p><strong>PROGRAM<\/strong><\/p>\n\n\n\n<p><strong>\u010cetvrtak, 23. rujna<\/strong><\/p>\n\n\n\n<p><strong>8.30 po\u010detak skupa<\/strong><\/p>\n\n\n\n<p>Igor Fiskovi\u0107<br><em>Ljubo Karaman iz neposrednih sje\u0107anja<\/em><\/p>\n\n\n\n<p>Marko Trogrli\u0107<br><em>Be\u010dki studij Ljube Karamana<\/em><\/p>\n\n\n\n<p>Arsen Duplan\u010di\u0107<br><em>Ljubo Karaman od suplenta na gimnaziji do konzervatora za Dalmaciju<\/em><\/p>\n\n\n\n<p>Miljenko Jurkovi\u0107<br><em>Problemi periferne umjetnosti \u2013 postoje li takve teoretske postavke pedeset godina poslije?<\/em><\/p>\n\n\n\n<p>Dino Milinovi\u0107<br><em>Odnos izme\u0111u sredi\u0161ta i periferije na primjeru tuma\u010denja kasnoanti\u010dke i ranokr\u0161\u0107anske umjetnosti<\/em><\/p>\n\n\n\n<p>Ivan Matej\u010di\u0107<br><em>Daleka jeka \u201eRazgovora o nekim problemima historije, arheologije i historije umjetnosti\u201c<\/em><\/p>\n\n\n\n<p>Milan Pelc<br><em>Ljubo Karaman i prve <\/em>sinteze<em> hrvatske povijesti umjetnosti<\/em><\/p>\n\n\n\n<p>Andrej \u017dmega\u010d<br><em>Grad i selo u pala\u010di: Karamanovo odre\u0111enje Dioklecijanove pala\u010de<\/em><\/p>\n\n\n\n<p><strong>11.30<\/strong><\/p>\n\n\n\n<p>\u017deljko Tomi\u010di\u0107<br><em>Ljubo Karaman i po\u010deci Bjelobrdske kulture<\/em><\/p>\n\n\n\n<p>Ivan Basi\u0107<br><em>Izme\u0111u kasne antike i predromanike: sustavi datiranja i kulturni profil prve ranosrednjovjekovne skulpture u postkaramanovskoj medievistici<\/em><\/p>\n\n\n\n<p>Ivan Josipovi\u0107<br><em>\u0160to je ostalo od \u201eKolijevke\u201c? Prilog teorijskim raspravama o ranosrednjovjekovnoj umjetnosti na isto\u010dnoj obali Jadrana<\/em><\/p>\n\n\n\n<p>Magdalena Skoblar<br><em>Bizant i distinkcija \u2013 presti\u017e bizantskih uzora u umjetnosti ranosrednjovjekovne Dalmacije<\/em><\/p>\n\n\n\n<p>Nikolina Marakovi\u0107 i Tin Turkovi\u0107<br><em>Ljubo Karaman i \u201estarohrvatske crkvice slobodnih oblika\u201c \u2013 stotinu godina kasnije<\/em><\/p>\n\n\n\n<p>Mirja Jarak<br><em>Starohrvatska groblja u istra\u017eivanjima i interpretacijama Ljube Karamana<\/em><\/p>\n\n\n\n<p>Rosana Ratkov\u010di\u0107<br><em>Adriobizantizam u dubrova\u010dkom zale\u0111u \u2013 ulomci zidnih slika iz crkve nepoznatog titulara u Paniku kod Bile\u0107e i sv. Tome u Kutima kod Herceg Novog<\/em><\/p>\n\n\n\n<p><strong>16.00<\/strong><\/p>\n\n\n\n<p>Marko Petrak<br>Ex consuetudine orientalis ecclesie<em>, slu\u010daj o\u017eenjenog splitskog nadbiskupa Dabrala (1030\u20131050)<\/em><\/p>\n\n\n\n<p>Antonija Ujevi\u0107<br><em>Karamanovo tuma\u010denje reljefa (pluteja) s ljudskim likovima u splitskoj krstionici<\/em><\/p>\n\n\n\n<p>Daniela Mateti\u0107 Poljak<br><em>Male \u2013 velike teme: romani\u010dki ornamentalni motivi u istra\u017eivanjima Ljube Karamana<\/em><\/p>\n\n\n\n<p>Ana Plosni\u0107 \u0160kari\u0107<br><em>Tragom pisanja Ljube Karamana o specifi\u010dnom lisnatom motivu na arhitektonskoj plastici u Trogiru<\/em><\/p>\n\n\n\n<p>Ivo Babi\u0107<br><em>Karaman i tzv. Ste\u0107ci<\/em><\/p>\n\n\n\n<p>Radoslav Tomi\u0107<br><em>Ljubo Karaman i slikarstvo starijih povijesnih razdoblja u Dalmaciji<\/em><\/p>\n\n\n\n<p><strong>Petak, 24. rujna<\/strong><\/p>\n\n\n\n<p><strong>8.30<\/strong><\/p>\n\n\n\n<p>Samo \u0160tefanac<br><em>Ljubo Karaman i Nikola Firentinac<\/em><\/p>\n\n\n\n<p>Matko Matija Maru\u0161i\u0107<br><em>\u201eDobre obrtne radnje\u201c: Ljubo Karaman i drvena skulptura<\/em><\/p>\n\n\n\n<p>Danko Zeli\u0107<br><em>Dubrova\u010dke teme Ljube Karamana<\/em><\/p>\n\n\n\n<p>Sanja Cvetni\u0107<br><em>Putokazi Ljube Karamana. Barokna umjetni\u010dka ba\u0161tina sjeverozapadne Hrvatske<\/em><\/p>\n\n\n\n<p>Ratko Vu\u010deti\u0107<br><em>Fortifikacije gradova kontinentalne Hrvatske i identitet regije<\/em><\/p>\n\n\n\n<p>Darka Bili\u0107<br><em>O specifi\u010dnostima lazareta na Jadranu u svijetlu Karamanovih teoretskih postavki<\/em><\/p>\n\n\n\n<p>Franko \u0106ori\u0107<br><em>Utjecaj kreativnog konzerviranja na konzervatorsko djelovanje Ljube Karamana<\/em><\/p>\n\n\n\n<p>Radoslav Bu\u017ean\u010di\u0107<br><em>Konzervator Ljubo Karaman i njegovo naslje\u0111e na primjeru obnove srednjovjekovnih spomenika Dalmacije<\/em><\/p>\n\n\n\n<p><strong>11.30<\/strong><\/p>\n\n\n\n<p>Ivana \u010capeta Raki\u0107<br><em>Konzervatorska djelatnost Ljube Karamana u Splitu<\/em><\/p>\n\n\n\n<p>Stanko Piplovi\u0107<br><em>Ljubo Karaman, djelovanje u Konzervatorskom uredu za Dalmaciju u Splitu<\/em><\/p>\n\n\n\n<p>Ivana Nina Diaz Fernandez<br><em>Konzervatorski projekti Ljube Karamana u podru\u010dju pokretne dalmatinske ba\u0161tine (1919. \u2013 1941.)<\/em><\/p>\n\n\n\n<p>Marijan \u010cip\u010di\u0107<br><em>Ljubo Karaman i za\u0161tita trogirske kulturne ba\u0161tin<\/em>e<\/p>\n\n\n\n<p>Ivana Prijatelj Pavi\u010di\u0107 i Marina Lamba\u0161a<br><em>Konzervatorska suradnja Ljube Karamana i don Krste Sto\u0161i\u0107a 1925. \u2013 1940.<\/em><\/p>\n\n\n\n<p>Dalibor Pran\u010devi\u0107 i Barbara Vujanovi\u0107<br><em>Ljubo Karaman i Ivan Me\u0161trovi\u0107: Polemika oko spomenika i fragmenti pisane korespondencije<\/em><\/p>\n\n\n\n<p>Irena Kra\u0161evac<br><em>Promemorija Ljube Karamana o uklanjanju spomenika banu Jela\u010di\u0107u u Zagrebu 1947. godine \u2013 dokument vremena i konzervatorskog stava<\/em><\/p>\n\n\n\n<p><strong>13.30 zavr\u0161etak skupa<\/strong><\/p>\n\n\n\n<hr class=\"wp-block-separator\"\/>\n\n\n\n<p>Izvor:<\/p>\n\n\n\n<p><a href=\"https:\/\/www.ipu.hr\/article\/hr\/1105\/ljubo-karaman-pedeset-godina-poslije-\">https:\/\/www.ipu.hr\/article\/hr\/1105\/ljubo-karaman-pedeset-godina-poslije-<\/a><\/p>\n\n\n\n<hr class=\"wp-block-separator\"\/>\n","protected":false},"excerpt":{"rendered":"","protected":false},"author":2,"featured_media":25338,"comment_status":"open","ping_status":"open","sticky":false,"template":"","format":"standard","meta":{"_acf_changed":false,"jetpack_post_was_ever_published":false,"_jetpack_newsletter_access":"","_jetpack_dont_email_post_to_subs":false,"_jetpack_newsletter_tier_id":0,"_jetpack_memberships_contains_paywalled_content":false,"_jetpack_memberships_contains_paid_content":false,"footnotes":"","jetpack_publicize_message":"","jetpack_publicize_feature_enabled":true,"jetpack_social_post_already_shared":true,"jetpack_social_options":{"image_generator_settings":{"template":"highway","default_image_id":0,"font":"","enabled":false},"version":2}},"categories":[3,9],"tags":[],"class_list":["post-27559","post","type-post","status-publish","format-standard","has-post-thumbnail","hentry","category-novosti","category-skupovi"],"acf":{"facebook_opis":""},"jetpack_publicize_connections":[],"jetpack_featured_media_url":"https:\/\/i0.wp.com\/historiografija.hr\/wp-content\/uploads\/2021\/03\/LjK.jpg?fit=1228%2C768&ssl=1","jetpack_sharing_enabled":true,"jetpack-related-posts":[],"_links":{"self":[{"href":"https:\/\/historiografija.hr\/index.php?rest_route=\/wp\/v2\/posts\/27559","targetHints":{"allow":["GET"]}}],"collection":[{"href":"https:\/\/historiografija.hr\/index.php?rest_route=\/wp\/v2\/posts"}],"about":[{"href":"https:\/\/historiografija.hr\/index.php?rest_route=\/wp\/v2\/types\/post"}],"author":[{"embeddable":true,"href":"https:\/\/historiografija.hr\/index.php?rest_route=\/wp\/v2\/users\/2"}],"replies":[{"embeddable":true,"href":"https:\/\/historiografija.hr\/index.php?rest_route=%2Fwp%2Fv2%2Fcomments&post=27559"}],"version-history":[{"count":1,"href":"https:\/\/historiografija.hr\/index.php?rest_route=\/wp\/v2\/posts\/27559\/revisions"}],"predecessor-version":[{"id":27560,"href":"https:\/\/historiografija.hr\/index.php?rest_route=\/wp\/v2\/posts\/27559\/revisions\/27560"}],"wp:featuredmedia":[{"embeddable":true,"href":"https:\/\/historiografija.hr\/index.php?rest_route=\/wp\/v2\/media\/25338"}],"wp:attachment":[{"href":"https:\/\/historiografija.hr\/index.php?rest_route=%2Fwp%2Fv2%2Fmedia&parent=27559"}],"wp:term":[{"taxonomy":"category","embeddable":true,"href":"https:\/\/historiografija.hr\/index.php?rest_route=%2Fwp%2Fv2%2Fcategories&post=27559"},{"taxonomy":"post_tag","embeddable":true,"href":"https:\/\/historiografija.hr\/index.php?rest_route=%2Fwp%2Fv2%2Ftags&post=27559"}],"curies":[{"name":"wp","href":"https:\/\/api.w.org\/{rel}","templated":true}]}}