{"id":27551,"date":"2021-09-23T13:08:57","date_gmt":"2021-09-23T13:08:57","guid":{"rendered":"http:\/\/historiografija.hr\/?p=27551"},"modified":"2021-09-23T13:09:32","modified_gmt":"2021-09-23T13:09:32","slug":"48-znanstveni-skup-pazinski-memorijal-u-pazinu","status":"publish","type":"post","link":"https:\/\/historiografija.hr\/?p=27551","title":{"rendered":"48. znanstveni skup \u201cPazinski memorijal\u201d u Pazinu"},"content":{"rendered":"\n<p>U petak, 24. rujna 2021., s po\u010detkom u 9 sati u Spomen domu Pazin \u2013 Dvorana Istra (\u0160etali\u0161te Pazinske gimnazije 1, Pazin) odr\u017eat \u0107e se 48. izdanje znanstvenoga skupa \u201cPazinski memorijal\u201d s temama \u201cPro\u0161tinska buna i \u2018Labinska republika\u2019 (1921. \u2013 2021.)\u201d i \u201c\u017dena u dru\u0161tvenom, kulturnom i gospodarskom \u017eivotu Istre\u201d. Organizator je Katedra \u010cakavskog sabora za povijest Istre Pazin u suradnji BPW (Business and professional women) Pula i Dr\u017eavnim arhivom u Pazinu.<\/p>\n\n\n\n<p><a href=\"https:\/\/ipd-ssi.hr\/wp-content\/uploads\/2021\/09\/Pozivnica-i-program.pdf\">Pozivnica i program<\/a><\/p>\n\n\n\n<hr class=\"wp-block-separator\"\/>\n\n\n\n<p>Izvor: <a href=\"https:\/\/ipd-ssi.hr\/?p=15743\">https:\/\/ipd-ssi.hr\/?p=15743<\/a><\/p>\n\n\n\n<hr class=\"wp-block-separator\"\/>\n","protected":false},"excerpt":{"rendered":"","protected":false},"author":2,"featured_media":27553,"comment_status":"open","ping_status":"open","sticky":false,"template":"","format":"standard","meta":{"_acf_changed":false,"jetpack_post_was_ever_published":false,"_jetpack_newsletter_access":"","_jetpack_dont_email_post_to_subs":false,"_jetpack_newsletter_tier_id":0,"_jetpack_memberships_contains_paywalled_content":false,"_jetpack_memberships_contains_paid_content":false,"footnotes":"","jetpack_publicize_message":"","jetpack_publicize_feature_enabled":true,"jetpack_social_post_already_shared":true,"jetpack_social_options":{"image_generator_settings":{"template":"highway","default_image_id":0,"font":"","enabled":false},"version":2}},"categories":[3,9],"tags":[],"class_list":["post-27551","post","type-post","status-publish","format-standard","has-post-thumbnail","hentry","category-novosti","category-skupovi"],"acf":{"facebook_opis":""},"jetpack_publicize_connections":[],"jetpack_featured_media_url":"https:\/\/i0.wp.com\/historiografija.hr\/wp-content\/uploads\/2021\/09\/Pozivnica-i-program.jpg?fit=1754%2C1241&ssl=1","jetpack_sharing_enabled":true,"jetpack-related-posts":[],"_links":{"self":[{"href":"https:\/\/historiografija.hr\/index.php?rest_route=\/wp\/v2\/posts\/27551","targetHints":{"allow":["GET"]}}],"collection":[{"href":"https:\/\/historiografija.hr\/index.php?rest_route=\/wp\/v2\/posts"}],"about":[{"href":"https:\/\/historiografija.hr\/index.php?rest_route=\/wp\/v2\/types\/post"}],"author":[{"embeddable":true,"href":"https:\/\/historiografija.hr\/index.php?rest_route=\/wp\/v2\/users\/2"}],"replies":[{"embeddable":true,"href":"https:\/\/historiografija.hr\/index.php?rest_route=%2Fwp%2Fv2%2Fcomments&post=27551"}],"version-history":[{"count":1,"href":"https:\/\/historiografija.hr\/index.php?rest_route=\/wp\/v2\/posts\/27551\/revisions"}],"predecessor-version":[{"id":27552,"href":"https:\/\/historiografija.hr\/index.php?rest_route=\/wp\/v2\/posts\/27551\/revisions\/27552"}],"wp:featuredmedia":[{"embeddable":true,"href":"https:\/\/historiografija.hr\/index.php?rest_route=\/wp\/v2\/media\/27553"}],"wp:attachment":[{"href":"https:\/\/historiografija.hr\/index.php?rest_route=%2Fwp%2Fv2%2Fmedia&parent=27551"}],"wp:term":[{"taxonomy":"category","embeddable":true,"href":"https:\/\/historiografija.hr\/index.php?rest_route=%2Fwp%2Fv2%2Fcategories&post=27551"},{"taxonomy":"post_tag","embeddable":true,"href":"https:\/\/historiografija.hr\/index.php?rest_route=%2Fwp%2Fv2%2Ftags&post=27551"}],"curies":[{"name":"wp","href":"https:\/\/api.w.org\/{rel}","templated":true}]}}