{"id":27542,"date":"2021-09-23T12:18:47","date_gmt":"2021-09-23T12:18:47","guid":{"rendered":"http:\/\/historiografija.hr\/?p=27542"},"modified":"2021-09-23T12:23:40","modified_gmt":"2021-09-23T12:23:40","slug":"vjeran-kursar-croatian-levantines-in-ottoman-istanbul-istanbul-the-isis-press-2021","status":"publish","type":"post","link":"https:\/\/historiografija.hr\/?p=27542","title":{"rendered":"Vjeran Kursar, &#8220;Croatian Levantines in Ottoman Istanbul&#8221; (Istanbul: The Isis Press, 2021)"},"content":{"rendered":"\n<p>Znanstvena monografija Vjerana Kursara o hrvatskim Levantincima u Istanbulu od ranog novog vijeka do 20. stolje\u0107a utemeljena je na novim arhivskim istra\u017eivanjima i donosi niz va\u017enih novih spoznaja o njihovoj politi\u010dkoj, dru\u0161tvenoj i ekonomskoj ulozi u osmanskoj prijestolnici kao i brojnim aspektima njihove socijalizacije, integracije i oblikovanja identiteta. Knjiga je objavljena na engleskom jeziku, kod uglednog turskog nakladnika The Isis Press specijaliziranog za objavljivanje studija iz osmanske povijesti.<\/p>\n\n\n\n<p>Vi\u0161e informacija: <a href=\"http:\/\/www.theisispress.org\/book-b627.htm\">http:\/\/www.theisispress.org\/book-b627.htm<\/a><\/p>\n\n\n\n<hr class=\"wp-block-separator\"\/>\n\n\n\n<p>Sa\u017eetak:<\/p>\n\n\n\n<p>U ranom novom vijeku, najbrojniji hrvatski imigranti u prijestolnici Osmanskog Carstva, Istanbulu, bili su Dubrov\u010dani. Kao prijateljska i vazalna dr\u017eava, Dubrova\u010dka Republika i njeni dr\u017eavljani su u\u017eivali \u0161iroke privilegije, koje su poticale doseljavanje u Osmansko Carstvo, te posebice u Istanbul kao najve\u0107i ekonomski centar carstva. Uz trgovinu, Dubrov\u010dani su igrali va\u017enu ulogu i za katolicizam u Osmanskom Carstvu, bilo kroz diplomatsku podr\u0161ku, ili pak i osobno kao visoko rangirani katoli\u010dki dostojanstvenici u Istanbulu. Dubrova\u010dki diplomati su djelovali ne samo kao predstavnici istanbulske zajednice Dubrov\u010dana, nego ponekad i kao predstavnici zajednice lokalnih katolika.<\/p>\n\n\n\n<p>U &#8220;dugom 19. stolje\u0107u&#8221; ve\u0107ina hrvatskih imigranata u Istanbulu pripadala je radni\u0161tvu. Rje\u0111e, pojedini imigranti su poduzetnici ili obna\u0161aju va\u017ene du\u017enosti u projektima koji su igrali va\u017enu ulogu u transferu tehnologije u Osmansko Carstvo, istakav\u0161i se u poljima kao \u0161to su rudarstvo, brodarstvo, \u017eeljeznica, duhanska industrija, tiskarstvo i kartografija. Pritom je njihova aktivnost nerijetko prelazila u\u017ee tehni\u010dke okvire, i postajala je va\u017ena za dru\u0161tveni i kulturni \u017eivot Istanbula uop\u0107e, te posebice za Levantince, dru\u0161tvenu zajednicu zapadnoeuropskog porijekla, u koju su se iseljeni Hrvati ubrzo po dolasku asimilirali. Sa promjenom op\u0107ih prilika po zavr\u0161etku Prvog svjetskog rata i nakon stvaranja nacionalne turske dr\u017eave, Republike Turske, promijenio se i polo\u017eaj stranih imigranata, uklju\u010duju\u0107i i Hrvate. Izgubiv\u0161i privilegije i ekstrateritorijalni status, oni od 1920-ih i 1930-ih godina po\u010dinju napu\u0161tati Istanbul, koji od kozmopolitske metropole s vremenom postaje jednonacionalni turski grad.<\/p>\n\n\n\n<figure class=\"wp-block-image size-large\"><img data-recalc-dims=\"1\" loading=\"lazy\" decoding=\"async\" width=\"696\" height=\"1024\" data-attachment-id=\"27544\" data-permalink=\"https:\/\/historiografija.hr\/?attachment_id=27544\" data-orig-file=\"https:\/\/i0.wp.com\/historiografija.hr\/wp-content\/uploads\/2021\/09\/Croatian-Levantines-scaled.jpeg?fit=1740%2C2560&amp;ssl=1\" data-orig-size=\"1740,2560\" data-comments-opened=\"1\" data-image-meta=\"{&quot;aperture&quot;:&quot;1.8&quot;,&quot;credit&quot;:&quot;&quot;,&quot;camera&quot;:&quot;iPhone 8&quot;,&quot;caption&quot;:&quot;&quot;,&quot;created_timestamp&quot;:&quot;1632230880&quot;,&quot;copyright&quot;:&quot;&quot;,&quot;focal_length&quot;:&quot;3.99&quot;,&quot;iso&quot;:&quot;40&quot;,&quot;shutter_speed&quot;:&quot;0.0083333333333333&quot;,&quot;title&quot;:&quot;&quot;,&quot;orientation&quot;:&quot;1&quot;}\" data-image-title=\"Croatian Levantines\" data-image-description=\"\" data-image-caption=\"\" data-large-file=\"https:\/\/i0.wp.com\/historiografija.hr\/wp-content\/uploads\/2021\/09\/Croatian-Levantines-scaled.jpeg?fit=696%2C1024&amp;ssl=1\" src=\"https:\/\/i0.wp.com\/historiografija.hr\/wp-content\/uploads\/2021\/09\/Croatian-Levantines.jpeg?resize=696%2C1024&#038;ssl=1\" alt=\"\" class=\"wp-image-27544\" srcset=\"https:\/\/i0.wp.com\/historiografija.hr\/wp-content\/uploads\/2021\/09\/Croatian-Levantines-scaled.jpeg?resize=696%2C1024&amp;ssl=1 696w, https:\/\/i0.wp.com\/historiografija.hr\/wp-content\/uploads\/2021\/09\/Croatian-Levantines-scaled.jpeg?resize=204%2C300&amp;ssl=1 204w, https:\/\/i0.wp.com\/historiografija.hr\/wp-content\/uploads\/2021\/09\/Croatian-Levantines-scaled.jpeg?resize=768%2C1130&amp;ssl=1 768w, https:\/\/i0.wp.com\/historiografija.hr\/wp-content\/uploads\/2021\/09\/Croatian-Levantines-scaled.jpeg?resize=1044%2C1536&amp;ssl=1 1044w, https:\/\/i0.wp.com\/historiografija.hr\/wp-content\/uploads\/2021\/09\/Croatian-Levantines-scaled.jpeg?resize=1392%2C2048&amp;ssl=1 1392w, https:\/\/i0.wp.com\/historiografija.hr\/wp-content\/uploads\/2021\/09\/Croatian-Levantines-scaled.jpeg?w=1740&amp;ssl=1 1740w\" sizes=\"auto, (max-width: 696px) 100vw, 696px\" \/><\/figure>\n\n\n\n<hr class=\"wp-block-separator\"\/>\n","protected":false},"excerpt":{"rendered":"","protected":false},"author":2,"featured_media":27548,"comment_status":"open","ping_status":"open","sticky":false,"template":"","format":"standard","meta":{"_acf_changed":false,"jetpack_post_was_ever_published":false,"_jetpack_newsletter_access":"","_jetpack_dont_email_post_to_subs":false,"_jetpack_newsletter_tier_id":0,"_jetpack_memberships_contains_paywalled_content":false,"_jetpack_memberships_contains_paid_content":false,"footnotes":"","jetpack_publicize_message":"","jetpack_publicize_feature_enabled":true,"jetpack_social_post_already_shared":true,"jetpack_social_options":{"image_generator_settings":{"template":"highway","default_image_id":0,"font":"","enabled":false},"version":2}},"categories":[8,3],"tags":[],"class_list":["post-27542","post","type-post","status-publish","format-standard","has-post-thumbnail","hentry","category-knjige","category-novosti"],"acf":{"facebook_opis":""},"jetpack_publicize_connections":[],"jetpack_featured_media_url":"https:\/\/i0.wp.com\/historiografija.hr\/wp-content\/uploads\/2021\/09\/V-Kursar-scaled.jpeg?fit=2560%2C1471&ssl=1","jetpack_sharing_enabled":true,"jetpack-related-posts":[],"_links":{"self":[{"href":"https:\/\/historiografija.hr\/index.php?rest_route=\/wp\/v2\/posts\/27542","targetHints":{"allow":["GET"]}}],"collection":[{"href":"https:\/\/historiografija.hr\/index.php?rest_route=\/wp\/v2\/posts"}],"about":[{"href":"https:\/\/historiografija.hr\/index.php?rest_route=\/wp\/v2\/types\/post"}],"author":[{"embeddable":true,"href":"https:\/\/historiografija.hr\/index.php?rest_route=\/wp\/v2\/users\/2"}],"replies":[{"embeddable":true,"href":"https:\/\/historiografija.hr\/index.php?rest_route=%2Fwp%2Fv2%2Fcomments&post=27542"}],"version-history":[{"count":3,"href":"https:\/\/historiografija.hr\/index.php?rest_route=\/wp\/v2\/posts\/27542\/revisions"}],"predecessor-version":[{"id":27549,"href":"https:\/\/historiografija.hr\/index.php?rest_route=\/wp\/v2\/posts\/27542\/revisions\/27549"}],"wp:featuredmedia":[{"embeddable":true,"href":"https:\/\/historiografija.hr\/index.php?rest_route=\/wp\/v2\/media\/27548"}],"wp:attachment":[{"href":"https:\/\/historiografija.hr\/index.php?rest_route=%2Fwp%2Fv2%2Fmedia&parent=27542"}],"wp:term":[{"taxonomy":"category","embeddable":true,"href":"https:\/\/historiografija.hr\/index.php?rest_route=%2Fwp%2Fv2%2Fcategories&post=27542"},{"taxonomy":"post_tag","embeddable":true,"href":"https:\/\/historiografija.hr\/index.php?rest_route=%2Fwp%2Fv2%2Ftags&post=27542"}],"curies":[{"name":"wp","href":"https:\/\/api.w.org\/{rel}","templated":true}]}}