{"id":27536,"date":"2021-09-23T11:25:44","date_gmt":"2021-09-23T11:25:44","guid":{"rendered":"http:\/\/historiografija.hr\/?p=27536"},"modified":"2021-09-23T11:25:44","modified_gmt":"2021-09-23T11:25:44","slug":"medunarodni-znanstveni-skup-joanna-rapacka-i-hrvatsko-poljske-knjizevne-i-kulturne-veze","status":"publish","type":"post","link":"https:\/\/historiografija.hr\/?p=27536","title":{"rendered":"Me\u0111unarodni znanstveni  skup &#8220;Joanna Rapacka i hrvatsko-poljske knji\u017eevne i kulturne veze&#8221;"},"content":{"rendered":"\n<p>\u010cast nam je pozvati Vas na Me\u0111unarodni znanstveni&nbsp; skup &#8220;Joanna Rapacka i hrvatsko-poljske knji\u017eevne i kulturne veze&#8221; u organizaciji Odjela za kroatistiku Sveu\u010dili\u0161ta u Zadru i Instituta za slavensku filologiju Jagelonskog sveu\u010dili\u0161ta u Krakovu. Skup \u0107e se odr\u017eati u \u010detvrtak, 23. rujna 2021. godine na Sveu\u010dili\u0161tu u Zadru.&nbsp;<br>&nbsp;<br>Skup se prire\u0111uje u povodu 20. obljetnice smrti Joanne Rapacke,&nbsp; istaknute polonistice, kroatistice, slavistice, antologi\u010darke, povjesni\u010darke slavenskih knji\u017eevnosti i kultura.&nbsp;<br>&nbsp;<br>U povodu odr\u017eavanja znanstvenoga skupa posve\u0107ena Joanni Rapackoj u Izlo\u017ebenoj dvorani Znanstvene knji\u017enice u Zadru bit \u0107e postavljena izlo\u017eba knjiga &#8220;Poljska i Poljaci u hrvatskoj knjizi kroz stolje\u0107a&#8221;, autora Stjepana Su\u010di\u0107a. Ova iznimno vrijedna izlo\u017eba mo\u0107i \u0107e se razgledati u razdoblju od 23. rujna do 4. listopada 2021. godine.&nbsp;<br>&nbsp;<\/p>\n\n\n\n<p><a rel=\"noreferrer noopener\" href=\"https:\/\/www.unizd.hr\/Portals\/0\/Knjiga_sazetaka%20Rapacka%20za%20tisak.pdf\" target=\"_blank\">Knji\u017eica sa\u017eetaka<\/a><\/p>\n\n\n\n<hr class=\"wp-block-separator\"\/>\n\n\n\n<p>Izvor:<\/p>\n\n\n\n<p><a href=\"https:\/\/www.unizd.hr\/obavijesti\/view\/artmid\/18146\/articleid\/44787\/me%c4%91unarodni-znanstveni160-skup-joanna-rapacka-i-hrvatsko-poljske-knji%c5%beevne-i-kulturne-veze\">https:\/\/www.unizd.hr\/obavijesti\/view\/artmid\/18146\/articleid\/44787\/me%c4%91unarodni-znanstveni160-skup-joanna-rapacka-i-hrvatsko-poljske-knji%c5%beevne-i-kulturne-veze<\/a><\/p>\n\n\n\n<hr class=\"wp-block-separator\"\/>\n","protected":false},"excerpt":{"rendered":"","protected":false},"author":2,"featured_media":27537,"comment_status":"open","ping_status":"open","sticky":false,"template":"","format":"standard","meta":{"_acf_changed":false,"jetpack_post_was_ever_published":false,"_jetpack_newsletter_access":"","_jetpack_dont_email_post_to_subs":false,"_jetpack_newsletter_tier_id":0,"_jetpack_memberships_contains_paywalled_content":false,"_jetpack_memberships_contains_paid_content":false,"footnotes":"","jetpack_publicize_message":"","jetpack_publicize_feature_enabled":true,"jetpack_social_post_already_shared":true,"jetpack_social_options":{"image_generator_settings":{"template":"highway","default_image_id":0,"font":"","enabled":false},"version":2}},"categories":[3,9],"tags":[],"class_list":["post-27536","post","type-post","status-publish","format-standard","has-post-thumbnail","hentry","category-novosti","category-skupovi"],"acf":{"facebook_opis":""},"jetpack_publicize_connections":[],"jetpack_featured_media_url":"https:\/\/i0.wp.com\/historiografija.hr\/wp-content\/uploads\/2021\/09\/JR.png?fit=404%2C600&ssl=1","jetpack_sharing_enabled":true,"jetpack-related-posts":[],"_links":{"self":[{"href":"https:\/\/historiografija.hr\/index.php?rest_route=\/wp\/v2\/posts\/27536","targetHints":{"allow":["GET"]}}],"collection":[{"href":"https:\/\/historiografija.hr\/index.php?rest_route=\/wp\/v2\/posts"}],"about":[{"href":"https:\/\/historiografija.hr\/index.php?rest_route=\/wp\/v2\/types\/post"}],"author":[{"embeddable":true,"href":"https:\/\/historiografija.hr\/index.php?rest_route=\/wp\/v2\/users\/2"}],"replies":[{"embeddable":true,"href":"https:\/\/historiografija.hr\/index.php?rest_route=%2Fwp%2Fv2%2Fcomments&post=27536"}],"version-history":[{"count":1,"href":"https:\/\/historiografija.hr\/index.php?rest_route=\/wp\/v2\/posts\/27536\/revisions"}],"predecessor-version":[{"id":27538,"href":"https:\/\/historiografija.hr\/index.php?rest_route=\/wp\/v2\/posts\/27536\/revisions\/27538"}],"wp:featuredmedia":[{"embeddable":true,"href":"https:\/\/historiografija.hr\/index.php?rest_route=\/wp\/v2\/media\/27537"}],"wp:attachment":[{"href":"https:\/\/historiografija.hr\/index.php?rest_route=%2Fwp%2Fv2%2Fmedia&parent=27536"}],"wp:term":[{"taxonomy":"category","embeddable":true,"href":"https:\/\/historiografija.hr\/index.php?rest_route=%2Fwp%2Fv2%2Fcategories&post=27536"},{"taxonomy":"post_tag","embeddable":true,"href":"https:\/\/historiografija.hr\/index.php?rest_route=%2Fwp%2Fv2%2Ftags&post=27536"}],"curies":[{"name":"wp","href":"https:\/\/api.w.org\/{rel}","templated":true}]}}