{"id":27533,"date":"2021-09-23T11:12:28","date_gmt":"2021-09-23T11:12:28","guid":{"rendered":"http:\/\/historiografija.hr\/?p=27533"},"modified":"2021-09-23T11:12:28","modified_gmt":"2021-09-23T11:12:28","slug":"predavanje-dobro-dosli-u-akhetaten-filmski-izlet-u-prijestolnicu-ekhnatona-i-nefertiti","status":"publish","type":"post","link":"https:\/\/historiografija.hr\/?p=27533","title":{"rendered":"Predavanje &#8211; Dobro do\u0161li u Akhetaten: filmski izlet u prijestolnicu Ekhnatona i Nefertiti"},"content":{"rendered":"\n<p>U sklopu programa Mobility Action koji se odr\u017eava u okviru EU Interreg projekta Danube&#8217;s Archaeological eLandscapes od 20. do 30. rujna 2021., pozivamo Vas na ciklus ve\u010dernjih doga\u0111anja koja \u0107e se odr\u017eavati u Galeriji AMZ-a u 19:00 sati<\/p>\n\n\n\n<p>U petak, 24.09.2021. Daniel Rafaeli\u0107 (KIC) odr\u017eat \u0107e popularno-znanstveno predavanje pod naslovom <strong>Dobro do\u0161li u Akhetaten: filmski izlet u prijestolnicu Ekhnatona i Nefertiti<\/strong> kojim \u0107e vas uvesti u \u010daroban svijet starog Egipta vi\u0111en okom sedme umjetnosti.<\/p>\n\n\n\n<p>Predavanje \u0107e biti mogu\u0107e pratiti i na on-line platformi<\/p>\n\n\n\n<p><a href=\"https:\/\/zoom.us\/j\/97497197258\">https:\/\/zoom.us\/j\/97497197258<\/a><\/p>\n\n\n\n<p>Broj mjesta u Galeriji AMZ je ograni\u010den i program se odvija prema epidemiolo\u0161kim mjerama Sto\u017eera civilne za\u0161tite i preporukama i uputama Hrvatskog zavoda za javno zdravstvo<\/p>\n\n\n\n<hr class=\"wp-block-separator\"\/>\n\n\n\n<p>Izvor:<\/p>\n\n\n\n<p><a href=\"https:\/\/www.amz.hr\/hr\/projekti\/virtualni-arheoloski-krajolici-podunavlja\/aktivnosti\/mobility-action\/predavanje-dobro-dosli-u-akhetaten-filmski-izlet-u-prijestolnicu-ekhnatona-i-nefertiti\/\">https:\/\/www.amz.hr\/hr\/projekti\/virtualni-arheoloski-krajolici-podunavlja\/aktivnosti\/mobility-action\/predavanje-dobro-dosli-u-akhetaten-filmski-izlet-u-prijestolnicu-ekhnatona-i-nefertiti\/<\/a><\/p>\n\n\n\n<hr class=\"wp-block-separator\"\/>\n","protected":false},"excerpt":{"rendered":"","protected":false},"author":2,"featured_media":27534,"comment_status":"open","ping_status":"open","sticky":false,"template":"","format":"standard","meta":{"_acf_changed":false,"jetpack_post_was_ever_published":false,"_jetpack_newsletter_access":"","_jetpack_dont_email_post_to_subs":false,"_jetpack_newsletter_tier_id":0,"_jetpack_memberships_contains_paywalled_content":false,"_jetpack_memberships_contains_paid_content":false,"footnotes":"","jetpack_publicize_message":"","jetpack_publicize_feature_enabled":true,"jetpack_social_post_already_shared":true,"jetpack_social_options":{"image_generator_settings":{"template":"highway","default_image_id":0,"font":"","enabled":false},"version":2}},"categories":[13,3],"tags":[],"class_list":["post-27533","post","type-post","status-publish","format-standard","has-post-thumbnail","hentry","category-filmovi-i-serije","category-novosti"],"acf":{"facebook_opis":""},"jetpack_publicize_connections":[],"jetpack_featured_media_url":"https:\/\/i0.wp.com\/historiografija.hr\/wp-content\/uploads\/2021\/09\/ilustracija-piramida-u-pustinji.jpg?fit=345%2C270&ssl=1","jetpack_sharing_enabled":true,"jetpack-related-posts":[],"_links":{"self":[{"href":"https:\/\/historiografija.hr\/index.php?rest_route=\/wp\/v2\/posts\/27533","targetHints":{"allow":["GET"]}}],"collection":[{"href":"https:\/\/historiografija.hr\/index.php?rest_route=\/wp\/v2\/posts"}],"about":[{"href":"https:\/\/historiografija.hr\/index.php?rest_route=\/wp\/v2\/types\/post"}],"author":[{"embeddable":true,"href":"https:\/\/historiografija.hr\/index.php?rest_route=\/wp\/v2\/users\/2"}],"replies":[{"embeddable":true,"href":"https:\/\/historiografija.hr\/index.php?rest_route=%2Fwp%2Fv2%2Fcomments&post=27533"}],"version-history":[{"count":1,"href":"https:\/\/historiografija.hr\/index.php?rest_route=\/wp\/v2\/posts\/27533\/revisions"}],"predecessor-version":[{"id":27535,"href":"https:\/\/historiografija.hr\/index.php?rest_route=\/wp\/v2\/posts\/27533\/revisions\/27535"}],"wp:featuredmedia":[{"embeddable":true,"href":"https:\/\/historiografija.hr\/index.php?rest_route=\/wp\/v2\/media\/27534"}],"wp:attachment":[{"href":"https:\/\/historiografija.hr\/index.php?rest_route=%2Fwp%2Fv2%2Fmedia&parent=27533"}],"wp:term":[{"taxonomy":"category","embeddable":true,"href":"https:\/\/historiografija.hr\/index.php?rest_route=%2Fwp%2Fv2%2Fcategories&post=27533"},{"taxonomy":"post_tag","embeddable":true,"href":"https:\/\/historiografija.hr\/index.php?rest_route=%2Fwp%2Fv2%2Ftags&post=27533"}],"curies":[{"name":"wp","href":"https:\/\/api.w.org\/{rel}","templated":true}]}}