{"id":27500,"date":"2021-09-21T15:54:53","date_gmt":"2021-09-21T15:54:53","guid":{"rendered":"http:\/\/historiografija.hr\/?p=27500"},"modified":"2021-09-21T15:58:12","modified_gmt":"2021-09-21T15:58:12","slug":"vi-kongres-hrvatskih-povjesnicara-rijeka-29-ix-2-x-2021","status":"publish","type":"post","link":"https:\/\/historiografija.hr\/?p=27500","title":{"rendered":"VI. kongres hrvatskih povjesni\u010dara (Rijeka, 29. IX. \u2013 2. X. 2021.)"},"content":{"rendered":"\n<p>Objavljen je program VI. kongresa hrvatskih povjesni\u010dara koji \u0107e se odr\u017eati u Rijeci, u razdoblju od 29. rujna do 2. listopada 2021. godine. Kongres \u0107e se odr\u017eati u\u017eivo na Filozofskom fakultetu u Rijeci.<\/p>\n\n\n\n<hr class=\"wp-block-separator\"\/>\n\n\n\n<div class=\"wp-block-file\"><a href=\"https:\/\/historiografija.hr\/wp-content\/uploads\/2021\/09\/Sesti_kongres_hrvatskih_povjesnicara_raspored_rada.pdf\">Sesti_kongres_hrvatskih_povjesnicara_raspored_rada<\/a><a href=\"https:\/\/historiografija.hr\/wp-content\/uploads\/2021\/09\/Sesti_kongres_hrvatskih_povjesnicara_raspored_rada.pdf\" class=\"wp-block-file__button\" download>Preuzmi<\/a><\/div>\n\n\n\n<hr class=\"wp-block-separator\"\/>\n\n\n\n<div class=\"wp-block-file\"><a href=\"https:\/\/historiografija.hr\/wp-content\/uploads\/2021\/09\/Sesti_kongres_hrvatskih_povjesnicara_zbornik_sazetaka.pdf\">Sesti_kongres_hrvatskih_povjesnicara_zbornik_sazetaka<\/a><a href=\"https:\/\/historiografija.hr\/wp-content\/uploads\/2021\/09\/Sesti_kongres_hrvatskih_povjesnicara_zbornik_sazetaka.pdf\" class=\"wp-block-file__button\" download>Preuzmi<\/a><\/div>\n\n\n\n<hr class=\"wp-block-separator\"\/>\n\n\n\n<p><\/p>\n","protected":false},"excerpt":{"rendered":"","protected":false},"author":2,"featured_media":27506,"comment_status":"open","ping_status":"open","sticky":false,"template":"","format":"standard","meta":{"_acf_changed":false,"jetpack_post_was_ever_published":false,"_jetpack_newsletter_access":"","_jetpack_dont_email_post_to_subs":false,"_jetpack_newsletter_tier_id":0,"_jetpack_memberships_contains_paywalled_content":false,"_jetpack_memberships_contains_paid_content":false,"footnotes":"","jetpack_publicize_message":"","jetpack_publicize_feature_enabled":true,"jetpack_social_post_already_shared":true,"jetpack_social_options":{"image_generator_settings":{"template":"highway","default_image_id":0,"font":"","enabled":false},"version":2}},"categories":[3,9],"tags":[],"class_list":["post-27500","post","type-post","status-publish","format-standard","has-post-thumbnail","hentry","category-novosti","category-skupovi"],"acf":{"facebook_opis":""},"jetpack_publicize_connections":[],"jetpack_featured_media_url":"https:\/\/i0.wp.com\/historiografija.hr\/wp-content\/uploads\/2021\/09\/Sesti-kongres-hrvatskih-povjesnicara-logo-skraceno.png?fit=3000%2C1044&ssl=1","jetpack_sharing_enabled":true,"jetpack-related-posts":[],"_links":{"self":[{"href":"https:\/\/historiografija.hr\/index.php?rest_route=\/wp\/v2\/posts\/27500","targetHints":{"allow":["GET"]}}],"collection":[{"href":"https:\/\/historiografija.hr\/index.php?rest_route=\/wp\/v2\/posts"}],"about":[{"href":"https:\/\/historiografija.hr\/index.php?rest_route=\/wp\/v2\/types\/post"}],"author":[{"embeddable":true,"href":"https:\/\/historiografija.hr\/index.php?rest_route=\/wp\/v2\/users\/2"}],"replies":[{"embeddable":true,"href":"https:\/\/historiografija.hr\/index.php?rest_route=%2Fwp%2Fv2%2Fcomments&post=27500"}],"version-history":[{"count":2,"href":"https:\/\/historiografija.hr\/index.php?rest_route=\/wp\/v2\/posts\/27500\/revisions"}],"predecessor-version":[{"id":27507,"href":"https:\/\/historiografija.hr\/index.php?rest_route=\/wp\/v2\/posts\/27500\/revisions\/27507"}],"wp:featuredmedia":[{"embeddable":true,"href":"https:\/\/historiografija.hr\/index.php?rest_route=\/wp\/v2\/media\/27506"}],"wp:attachment":[{"href":"https:\/\/historiografija.hr\/index.php?rest_route=%2Fwp%2Fv2%2Fmedia&parent=27500"}],"wp:term":[{"taxonomy":"category","embeddable":true,"href":"https:\/\/historiografija.hr\/index.php?rest_route=%2Fwp%2Fv2%2Fcategories&post=27500"},{"taxonomy":"post_tag","embeddable":true,"href":"https:\/\/historiografija.hr\/index.php?rest_route=%2Fwp%2Fv2%2Ftags&post=27500"}],"curies":[{"name":"wp","href":"https:\/\/api.w.org\/{rel}","templated":true}]}}