{"id":27492,"date":"2021-09-21T11:55:16","date_gmt":"2021-09-21T11:55:16","guid":{"rendered":"http:\/\/historiografija.hr\/?p=27492"},"modified":"2025-09-23T21:44:08","modified_gmt":"2025-09-23T21:44:08","slug":"literatura-s-povodom-francoise-salvadori-laurent-henri-vignaud-antivax-la-resistance-aux-vaccins-du-xviiie-siecle-a-nos-jours","status":"publish","type":"post","link":"https:\/\/historiografija.hr\/?p=27492","title":{"rendered":"Literatura s povodom: Fran\u00e7oise SALVADORI, Laurent-Henri VIGNAUD, &#8220;Antivax. La r\u00e9sistance aux vaccins du XVIIIe si\u00e8cle \u00e0 nos jours&#8221;"},"content":{"rendered":"\n<p>Fran\u00e7oise Salvadori i Laurent-Henri Vignaud objavili su 2019. godine knjigu &#8220;Antivax. La r\u00e9sistance aux vaccins du XVIIIe si\u00e8cle \u00e0 nos jours&#8221;, o otporu prema cjepivima od 18. stolje\u0107a do na\u0161ih dana, o \u010demu je upravo pisano i u hrvatskim medijima, kao i dalje (na\u017ealost) iznimno aktualnoj temi.<\/p>\n\n\n\n<hr class=\"wp-block-separator has-css-opacity\"\/>\n\n\n\n<p><strong>Antivax<\/strong><\/p>\n\n\n\n<p><strong>La r\u00e9sistance aux vaccins<\/strong> <strong>du XVIIIe si\u00e8cle \u00e0 nos jours<\/strong><\/p>\n\n\n\n<p>Fran\u00e7oise SALVADORI et Laurent-Henri VIGNAUD<\/p>\n\n\n\n<p>Selon une enqu\u00eate r\u00e9cente, seuls 44 % des Fran\u00e7ais se disent pr\u00eats \u00e0 se faire vacciner contre le Covid-19 \u2013 un taux parmi les plus bas du monde. Alors que la vaccination semble la solution la plus efficace pour \u00e9radiquer un virus qui a boulevers\u00e9 en profondeur l\u2019existence de toute la population, comment expliquer cette vague de m\u00e9fiance, qui mena\u00e7ait d\u00e9j\u00e0, avant 2020, de voir r\u00e9appara\u00eetre ou se r\u00e9pandre des maladies telles que la rougeole, la dipht\u00e9rie ou la poliomy\u00e9lite ?<\/p>\n\n\n\n<p>Oppositions religieuses, arguments \u00e9cologiques, pr\u00e9ventions contre une industrie Big Pharma et un \u00c9tat Big Brother\u2026 Si internet facilite aujourd\u2019hui la diffusion de th\u00e9ories conspirationnistes, la plupart des courants \u00ab&nbsp;antivax&nbsp;\u00bb modernes reprennent des arguments n\u00e9s d\u00e8s le XVIIIe si\u00e8cle. Pasteur lui-m\u00eame ne fut-il pas en son temps accus\u00e9 d\u2019\u00eatre un sp\u00e9culateur vantant les m\u00e9rites d\u2019un proc\u00e9d\u00e9 qui aurait fait plus de victimes que la maladie elle-m\u00eame ?<\/p>\n\n\n\n<p>Une enqu\u00eate sur trois si\u00e8cles d\u2019oppositions \u00e0 une r\u00e9volution m\u00e9dicale, qui \u00e9claire les pol\u00e9miques actuelles \u00e0 la lumi\u00e8re des d\u00e9bats du pass\u00e9.<\/p>\n\n\n\n<p><a href=\"https:\/\/editions-vendemiaire.fr-html.com\">https:\/\/editions-vendemiaire.fr-html.com<\/a><\/p>\n\n\n\n<hr class=\"wp-block-separator has-css-opacity\"\/>\n\n\n\n<p><strong>Iz medija:<\/strong><\/p>\n\n\n\n<p><a href=\"https:\/\/www.hina.hr\/vijest\/10780996\">https:\/\/www.hina.hr\/vijest\/10780996<\/a><\/p>\n\n\n\n<p><a href=\"https:\/\/www.jutarnji.hr\/vijesti\/svijet\/antivakserski-pokret-nije-nista-novo-skepticizam-prema-cjepivima-star-je-koliko-i-cijepljenje-15103541\">https:\/\/www.jutarnji.hr\/vijesti\/svijet\/antivakserski-pokret-nije-nista-novo-skepticizam-prema-cjepivima-star-je-koliko-i-cijepljenje-15103541<\/a><\/p>\n\n\n\n<p><a href=\"https:\/\/www.tportal.hr\/vijesti\/clanak\/skepticizam-prema-cjepivima-star-je-koliko-i-cijepljenje-pasteura-su-nazivali-carobnjakovim-naucnikom-a-protivnici-prisilog-cijepljena-prosvjedovali-jos-prije-150-godina-20210920\">https:\/\/www.tportal.hr\/vijesti\/clanak\/skepticizam-prema-cjepivima-star-je-koliko-i-cijepljenje-pasteura-su-nazivali-carobnjakovim-naucnikom-a-protivnici-prisilog-cijepljena-prosvjedovali-jos-prije-150-godina-20210920<\/a><\/p>\n\n\n\n<p><a href=\"https:\/\/www.24sata.hr\/news\/skepticizam-prema-cjepivima-star-je-koliko-i-samo-cijepljenje-785265\">https:\/\/www.24sata.hr\/news\/skepticizam-prema-cjepivima-star-je-koliko-i-samo-cijepljenje-785265<\/a><\/p>\n\n\n\n<hr class=\"wp-block-separator has-css-opacity\"\/>\n","protected":false},"excerpt":{"rendered":"","protected":false},"author":2,"featured_media":27493,"comment_status":"open","ping_status":"open","sticky":false,"template":"","format":"standard","meta":{"_acf_changed":false,"jetpack_post_was_ever_published":false,"_jetpack_newsletter_access":"","_jetpack_dont_email_post_to_subs":false,"_jetpack_newsletter_tier_id":0,"_jetpack_memberships_contains_paywalled_content":false,"_jetpack_memberships_contains_paid_content":false,"footnotes":"","jetpack_publicize_message":"","jetpack_publicize_feature_enabled":true,"jetpack_social_post_already_shared":true,"jetpack_social_options":{"image_generator_settings":{"template":"highway","default_image_id":0,"font":"","enabled":false},"version":2}},"categories":[8,3,11],"tags":[],"class_list":["post-27492","post","type-post","status-publish","format-standard","has-post-thumbnail","hentry","category-knjige","category-novosti","category-rubrike"],"acf":{"facebook_opis":""},"jetpack_publicize_connections":[],"jetpack_featured_media_url":"https:\/\/i0.wp.com\/historiografija.hr\/wp-content\/uploads\/2021\/09\/antivax.jpg?fit=724%2C1000&ssl=1","jetpack_sharing_enabled":true,"jetpack-related-posts":[],"_links":{"self":[{"href":"https:\/\/historiografija.hr\/index.php?rest_route=\/wp\/v2\/posts\/27492","targetHints":{"allow":["GET"]}}],"collection":[{"href":"https:\/\/historiografija.hr\/index.php?rest_route=\/wp\/v2\/posts"}],"about":[{"href":"https:\/\/historiografija.hr\/index.php?rest_route=\/wp\/v2\/types\/post"}],"author":[{"embeddable":true,"href":"https:\/\/historiografija.hr\/index.php?rest_route=\/wp\/v2\/users\/2"}],"replies":[{"embeddable":true,"href":"https:\/\/historiografija.hr\/index.php?rest_route=%2Fwp%2Fv2%2Fcomments&post=27492"}],"version-history":[{"count":5,"href":"https:\/\/historiografija.hr\/index.php?rest_route=\/wp\/v2\/posts\/27492\/revisions"}],"predecessor-version":[{"id":48440,"href":"https:\/\/historiografija.hr\/index.php?rest_route=\/wp\/v2\/posts\/27492\/revisions\/48440"}],"wp:featuredmedia":[{"embeddable":true,"href":"https:\/\/historiografija.hr\/index.php?rest_route=\/wp\/v2\/media\/27493"}],"wp:attachment":[{"href":"https:\/\/historiografija.hr\/index.php?rest_route=%2Fwp%2Fv2%2Fmedia&parent=27492"}],"wp:term":[{"taxonomy":"category","embeddable":true,"href":"https:\/\/historiografija.hr\/index.php?rest_route=%2Fwp%2Fv2%2Fcategories&post=27492"},{"taxonomy":"post_tag","embeddable":true,"href":"https:\/\/historiografija.hr\/index.php?rest_route=%2Fwp%2Fv2%2Ftags&post=27492"}],"curies":[{"name":"wp","href":"https:\/\/api.w.org\/{rel}","templated":true}]}}