{"id":27484,"date":"2021-09-20T13:11:27","date_gmt":"2021-09-20T13:11:27","guid":{"rendered":"http:\/\/historiografija.hr\/?p=27484"},"modified":"2021-09-20T13:12:22","modified_gmt":"2021-09-20T13:12:22","slug":"konferencija-u-povodu-25-godisnjice-potpisivanja-sporazuma-o-normalizaciji-odnosa-izmedu-sr-jugoslavije-i-republike-hrvatske","status":"publish","type":"post","link":"https:\/\/historiografija.hr\/?p=27484","title":{"rendered":"Konferencija u povodu 25. godi\u0161njice potpisivanja Sporazuma o normalizaciji odnosa izme\u0111u SR Jugoslavije i Republike Hrvatske"},"content":{"rendered":"\n<p>Povodom 25-godi\u0161njice potpisivanja Sporazuma o normalizaciji odnosa izme\u0111u SR Jugoslavije i Republike Hrvatske u kolovozu 1996., Forum za vanjsku politiku u Zagrebu i Centar za spoljnu politiku u Beogradu zajedni\u010dki organiziraju konferenciju o tom sporazumu, s fokusom na razvoju hrvatsko-srpskih odnosa u zadnjih 25 godina.<\/p>\n\n\n\n<p>Konferencija \u0107e se odr\u017eati u utorak, 21. 9. 2021. u hibridnom obliku, istodobno u Zagrebu i Beogradu s direktnom video-vezom izme\u0111u ta dva grada. U Zagrebu se odr\u017eava u Novinarskom domu, a Beogradu u prostorijama ASK Centra za edukaciju. Koferencija \u0107e biti javna i izravno preno\u0161ena preko dru\u0161tvenih mre\u017ea (<em>livestream<\/em>) Foruma za vanjsku politiku i Centra za spoljnu politiku.<\/p>\n\n\n\n<p><strong>Program<\/strong><\/p>\n\n\n\n<p>09.00 &#8211; 09.20&nbsp;&#8211; pozdravne rije\u010di:<\/p>\n\n\n\n<p>Dejan Jovi\u0107, predsjednik Upravnog odbora Foruma za vanjsku politiku i profesor Fakulteta politi\u010dkih znanosti Sveu\u010dili\u0161ta u Zagrebu (Zagreb)<\/p>\n\n\n\n<p>Dragan \u0110ukanovi\u0107, predsjednik Centra za spoljnu politiku i profesor Fakulteta politi\u010dkih nauka Univerziteta u Beogradu (Beograd)<\/p>\n\n\n\n<p>Simon Thomas, veleposlanik Ujedinjene Kraljevine Velike Britanije i Sjeverne Irske (Zagreb)<\/p>\n\n\n\n<p>09.20 \u2013 10.15&nbsp;&#8211; Kako je do\u0161lo do Sporazuma?<\/p>\n\n\n\n<p>Moderatorica: Zorana Bakovi\u0107, Forum za vanjsku politiku (Zagreb)<\/p>\n\n\n\n<p>Tihomir Pono\u0161, Arhiv Srba u Hrvatskoj (Zagreb)<\/p>\n\n\n\n<p>Mate Grani\u0107, posebni savjetnik predsjednika Vlade Republike Hrvatske, potpisnik Sporazuma, tada\u0161nji ministar vanjskih poslova i potpredsjednik Vlade Republike Hrvatske (Zagreb)<\/p>\n\n\n\n<p>10.15 \u2013 10.30 &#8211; pauza<\/p>\n\n\n\n<p>10.30 \u2013 12.00: Srpsko-hrvatski odnosi od 1996. do danas<\/p>\n\n\n\n<p>Moderator: Senada \u0160elo \u0160abi\u0107, Institut za razvoj i me\u0111unarodne odnose i Forum za vanjsku politiku (Zagreb)<\/p>\n\n\n\n<p>Milan Krsti\u0107, Fakultet politi\u010dkih nauka Univerziteta u Beogradu (Beograd)<\/p>\n\n\n\n<p>Boris Tadi\u0107, biv\u0161i Predsjednik Republike Srbije (Beograd)<\/p>\n\n\n\n<p>Ivo Josipovi\u0107, biv\u0161i predsjednik Republike Hrvatske (Zagreb)<\/p>\n\n\n\n<p>Milorad Pupovac, zastupnik u Hrvatskom Saboru, predsjednik Srpskog narodnog vije\u0107a i predsjednik Samostalne demokratske srpske stranke (Zagreb)<\/p>\n\n\n\n<p>12.00 \u2013 12.15 &#8211;&nbsp;pauza za kavu<\/p>\n\n\n\n<p>12.15 \u2013 13.45: Regionalni i me\u0111unarodni kontekst hrvatsko-srpskih odnosa od 1996. do danas:<\/p>\n\n\n\n<p>Moderator: Sini\u0161a Tatalovi\u0107, Fakultet politi\u010dkih znanosti Sveu\u010dili\u0161ta u Zagrebu (Zagreb)<\/p>\n\n\n\n<p>Ivo Viskovi\u0107, Fakultet politi\u010dkih nauka Univerziteta u Beogradu (Beograd)<\/p>\n\n\n\n<p>Vesna Pusi\u0107, predsjednica Skup\u0161tine Foruma za vanjsku politiku, biv\u0161a ministrica vanjskih i europskih poslova i potpredsjednica Vlade Republike Hrvatske (Zagreb)<\/p>\n\n\n\n<p>Isidora Pop-Lazi\u0107, Institut za me\u0111unarodnu privredu i politiku i Centar za spoljnu politiku, Beograd (Beograd)<\/p>\n\n\n\n<p>Goran Svilanovi\u0107, biv\u0161i ministar vanjskih poslova SR Jugoslavije i biv\u0161i generalni sekretar Regionalnog vije\u0107a za suradnju (Beograd)<\/p>\n\n\n\n<p>Tanja Mi\u0161\u010devi\u0107, zamjenica generalnog sekretara Regionalnog vije\u0107a za suradnju (Beograd)<\/p>\n\n\n\n<p>13.45 \u2013 14.00 &#8211; pauza<\/p>\n\n\n\n<p>14.00 \u2013 14.30: Preporuke za budu\u0107nost hrvatsko-srpskih odnosa<\/p>\n\n\n\n<p>Otvorena diskusija<\/p>\n\n\n\n<p>Konferencija \u0107e biti javna i izravno preno\u0161ena preko dru\u0161tvenih mre\u017ea (<em>livestream<\/em>). U Zagrebu se odr\u017eava u Novinarskom domu, Perkov\u010deva 2, a u Beogradu u prostorijama ASK Centra za edukaciju, Topli\u010din venac 11. \u00a0<\/p>\n\n\n\n<hr class=\"wp-block-separator\"\/>\n\n\n\n<p>Izvori i dodatne obavijesti:<\/p>\n\n\n\n<p><a href=\"https:\/\/www.hnd.hr\/dogadanja\">https:\/\/www.hnd.hr\/dogadanja<\/a><\/p>\n\n\n\n<p><a href=\"https:\/\/m.facebook.com\/fpforum\/\">https:\/\/m.facebook.com\/fpforum\/<\/a><\/p>\n\n\n\n<p><a href=\"https:\/\/www.portalnovosti.com\/sto-je-ucinjeno-u-cetvrt-vijeka\">https:\/\/www.portalnovosti.com\/sto-je-ucinjeno-u-cetvrt-vijeka<\/a><\/p>\n\n\n\n<hr class=\"wp-block-separator\"\/>\n","protected":false},"excerpt":{"rendered":"","protected":false},"author":2,"featured_media":27486,"comment_status":"open","ping_status":"open","sticky":false,"template":"","format":"standard","meta":{"_acf_changed":false,"jetpack_post_was_ever_published":false,"_jetpack_newsletter_access":"","_jetpack_dont_email_post_to_subs":false,"_jetpack_newsletter_tier_id":0,"_jetpack_memberships_contains_paywalled_content":false,"_jetpack_memberships_contains_paid_content":false,"footnotes":"","jetpack_publicize_message":"","jetpack_publicize_feature_enabled":true,"jetpack_social_post_already_shared":true,"jetpack_social_options":{"image_generator_settings":{"template":"highway","default_image_id":0,"font":"","enabled":false},"version":2}},"categories":[3,9],"tags":[],"class_list":["post-27484","post","type-post","status-publish","format-standard","has-post-thumbnail","hentry","category-novosti","category-skupovi"],"acf":{"facebook_opis":""},"jetpack_publicize_connections":[],"jetpack_featured_media_url":"https:\/\/i0.wp.com\/historiografija.hr\/wp-content\/uploads\/2021\/09\/Sporazum.jpg?fit=1440%2C810&ssl=1","jetpack_sharing_enabled":true,"jetpack-related-posts":[],"_links":{"self":[{"href":"https:\/\/historiografija.hr\/index.php?rest_route=\/wp\/v2\/posts\/27484","targetHints":{"allow":["GET"]}}],"collection":[{"href":"https:\/\/historiografija.hr\/index.php?rest_route=\/wp\/v2\/posts"}],"about":[{"href":"https:\/\/historiografija.hr\/index.php?rest_route=\/wp\/v2\/types\/post"}],"author":[{"embeddable":true,"href":"https:\/\/historiografija.hr\/index.php?rest_route=\/wp\/v2\/users\/2"}],"replies":[{"embeddable":true,"href":"https:\/\/historiografija.hr\/index.php?rest_route=%2Fwp%2Fv2%2Fcomments&post=27484"}],"version-history":[{"count":1,"href":"https:\/\/historiografija.hr\/index.php?rest_route=\/wp\/v2\/posts\/27484\/revisions"}],"predecessor-version":[{"id":27485,"href":"https:\/\/historiografija.hr\/index.php?rest_route=\/wp\/v2\/posts\/27484\/revisions\/27485"}],"wp:featuredmedia":[{"embeddable":true,"href":"https:\/\/historiografija.hr\/index.php?rest_route=\/wp\/v2\/media\/27486"}],"wp:attachment":[{"href":"https:\/\/historiografija.hr\/index.php?rest_route=%2Fwp%2Fv2%2Fmedia&parent=27484"}],"wp:term":[{"taxonomy":"category","embeddable":true,"href":"https:\/\/historiografija.hr\/index.php?rest_route=%2Fwp%2Fv2%2Fcategories&post=27484"},{"taxonomy":"post_tag","embeddable":true,"href":"https:\/\/historiografija.hr\/index.php?rest_route=%2Fwp%2Fv2%2Ftags&post=27484"}],"curies":[{"name":"wp","href":"https:\/\/api.w.org\/{rel}","templated":true}]}}