{"id":27454,"date":"2021-09-17T18:25:49","date_gmt":"2021-09-17T18:25:49","guid":{"rendered":"http:\/\/historiografija.hr\/?p=27454"},"modified":"2021-09-17T18:25:49","modified_gmt":"2021-09-17T18:25:49","slug":"hrt-prikazuje-ndh","status":"publish","type":"post","link":"https:\/\/historiografija.hr\/?p=27454","title":{"rendered":"HRT prikazuje: NDH"},"content":{"rendered":"\n<p>U ponedjeljak, 20. rujna na Prvom programu u 20:10 ne propustite 1. epizodu dokumentarne serije NDH koja govori o razlozima nastanka usta\u0161kog pokreta, vojno-politi\u010dkim okolnostima koje su dovele do stvaranja Nezavisne Dr\u017eave Hrvatske, najva\u017enijim doga\u0111ajima i osobama koje su obilje\u017eile njezino postojanje, kao i vojno-politi\u010dkim okolnostima koje su utjecale na njezin nestanak.<\/p>\n\n\n\n<p>U <strong>12 epizoda<\/strong> serija obra\u0111uje razli\u010dite teme, od situacije u Kraljevini Jugoslaviji zbog koje \u0107e hrvatski nacionalisti oti\u0107i u emigraciju i osnovati usta\u0161ki pokret, sudjelovanja usta\u0161a u atentatu na kralja<strong> Aleksandra Kara\u0111or\u0111evi\u0107a<\/strong> u Marseilleu 1934., napada Nijemaca, Talijana i njihovih saveznika na Jugoslaviju u travnju 1941. uslijed kojeg i dolazi do osnivanja NDH, kao i razli\u010dite aspekte \u017eivota u NDH, od terora prema Srbima, \u017didovima i Romima, odnosu usta\u0161kog pokreta prema saveznicima u Berlinu i Rimu, polo\u017eaju Katoli\u010dke Crkve, svakodnevnom \u017eivotu stanovnika NDH, utjecaju politi\u010dkih i ratnih zbivanja na gospodarstvo i kulturu itd.<\/p>\n\n\n\n<p>Za seriju govori tridesetak doktora povijesnih znanosti iz Hrvatske, Bosne i Hercegovine, Srbije, Njema\u010dke, Velike Britanije i Italije, a s iskustvima \u017eivota u NDH upoznaju nas svjedoci vremena.<br><br>Serija je snimana na brojnim lokacijama u Hrvatskoj i Bosni i Hercegovini, Italiji i Vatikanu, Austriji i Njema\u010dkoj. U seriji je kori\u0161ten arhivski filmski materijal nastao u vrijeme postojanja NDH koji hrvatska javnost u najve\u0107oj mjeri do sada nije imala prilike vidjeti.<\/p>\n\n\n\n<p><strong>1. epizoda:<\/strong>&nbsp;20. lipnja 1928. godine<strong> Puni\u0161a Ra\u010di\u0107<\/strong>, poslanik Radikala u Narodnoj skup\u0161tini Kraljevine Srba, Hrvata i Slovenaca, izvr\u0161io je atentat na poslanike Hrvatske selja\u010dke stranke. <strong>Pavle Radi\u0107<\/strong> i<strong> \u0110uro Basari\u010dek<\/strong> ubijeni su na mjestu,<strong> Ivan Gran\u0111a<\/strong>, <strong>Ivan Pernar<\/strong> i <strong>Stjepan Radi\u0107 <\/strong>su ranjeni. <strong>Stjepan Radi\u0107<\/strong> je po\u010detkom kolovoza te 1928. preminuo od posljedica ranjavanja.<br><br>Atentat u Narodnoj skup\u0161tini na poslanike HSS-a doveo je do politi\u010dkih previranja. Jedna od posljedica tog previranja je i osnivanje nacionalisti\u010dke i teroristi\u010dke organizacije koja je 1932. godine usvojila ime Usta\u0161e &#8211; hrvatska revolucionarna organizacija (UHRO). Dvije godine od usvajanja tog imena usta\u0161e su sudjelovale u organizaciji i izvo\u0111enju atentata na kralja Jugoslavije <strong>Aleksandra I. Kara\u0111or\u0111evi\u0107a<\/strong> u Marseilleu. Kako su usta\u0161e nastale i kako su postale organizacija sposobna sudjelovati u organizaciji i izvo\u0111enju atentata na kralja Aleksandra, tema je prve epizode.<\/p>\n\n\n\n<p>Autori dr. <strong>Hrvoje Klasi\u0107<\/strong> i <strong>Miljenko Bukov\u010dan<\/strong>, urednik <strong>Darijo \u0160peli\u0107,<\/strong> redatelj <strong>Miljenko Bukov\u010dan<\/strong>, snimatelj<strong> Damir Bednjanec,<\/strong> monta\u017eerke<strong> Iva Bla\u0161kovi\u0107<\/strong> i<strong> Vlatka Zadro.<\/strong><\/p>\n\n\n\n<hr class=\"wp-block-separator\"\/>\n\n\n\n<p>Izvor: <a href=\"https:\/\/hrtprikazuje.hrt.hr\/dokumentarci\/ndh-2879798\">https:\/\/hrtprikazuje.hrt.hr\/dokumentarci\/ndh-2879798<\/a><\/p>\n\n\n\n<hr class=\"wp-block-separator\"\/>\n\n\n\n<p><strong>Iz medija:<\/strong><\/p>\n\n\n\n<p><a href=\"https:\/\/www.jutarnji.hr\/kultura\/film-i-televizija\/dugoocekivana-serija-konacno-dolazi-na-tv-ekrane-klasic-nam-otkriva-sto-cemo-sve-vidjeti-15101589\">https:\/\/www.jutarnji.hr\/kultura\/film-i-televizija\/dugoocekivana-serija-konacno-dolazi-na-tv-ekrane-klasic-nam-otkriva-sto-cemo-sve-vidjeti-15101589<\/a><\/p>\n\n\n\n<p><a href=\"https:\/\/www.jutarnji.hr\/kultura\/film-i-televizija\/v-d-glavnog-ravnatelja-hrt-a-serija-o-ndh-nije-zavrsila-u-bunkeru-pogledao-sam-je-evo-moje-ocjene-15102205\">https:\/\/www.jutarnji.hr\/kultura\/film-i-televizija\/v-d-glavnog-ravnatelja-hrt-a-serija-o-ndh-nije-zavrsila-u-bunkeru-pogledao-sam-je-evo-moje-ocjene-15102205<\/a><\/p>\n\n\n\n<p><a href=\"https:\/\/www.hina.hr\/vijest\/10777939\">https:\/\/www.hina.hr\/vijest\/10777939<\/a><\/p>\n\n\n\n<p><a href=\"https:\/\/www.tportal.hr\/vijesti\/clanak\/klasic-predstavio-seriju-ndh-hrt-odbacio-navode-o-bunkeriranju-20210914\">https:\/\/www.tportal.hr\/vijesti\/clanak\/klasic-predstavio-seriju-ndh-hrt-odbacio-navode-o-bunkeriranju-20210914<\/a><\/p>\n\n\n\n<p><a href=\"https:\/\/www.index.hr\/vijesti\/clanak\/krece-veliki-dokumentarac-o-ndh-klasic-objasnjava-o-cemu-se-radi\/2303799.aspx\">https:\/\/www.index.hr\/vijesti\/clanak\/krece-veliki-dokumentarac-o-ndh-klasic-objasnjava-o-cemu-se-radi\/2303799.aspx<\/a><\/p>\n\n\n\n<p><a href=\"https:\/\/www.24sata.hr\/news\/na-hrt-u-krece-dokumentarac-o-ndh-autor-klasic-otkrio-detalje-784272\">https:\/\/www.24sata.hr\/news\/na-hrt-u-krece-dokumentarac-o-ndh-autor-klasic-otkrio-detalje-784272<\/a><\/p>\n\n\n\n<figure class=\"wp-block-embed-wordpress wp-block-embed is-type-wp-embed is-provider-novi-list\"><div class=\"wp-block-embed__wrapper\">\n<blockquote class=\"wp-embedded-content\" data-secret=\"pdpWliyc4h\"><a href=\"https:\/\/www.novilist.hr\/novosti\/hrvatska\/zasto-je-klasiceva-serija-o-ndh-godinama-stajala-u-bunkeru-na-hrt-u-tvrde-trazili-smo-adekvatan-termin\/\">Za\u0161to je Klasi\u0107eva serija o NDH godinama stajala u &#8220;bunkeru&#8221;? Na HRT-u tvrde &#8211; tra\u017eili smo adekvatan termin<\/a><\/blockquote><iframe loading=\"lazy\" class=\"wp-embedded-content\" sandbox=\"allow-scripts\" security=\"restricted\" style=\"position: absolute; clip: rect(1px, 1px, 1px, 1px);\" title=\"&#8220;Za\u0161to je Klasi\u0107eva serija o NDH godinama stajala u &#8220;bunkeru&#8221;? Na HRT-u tvrde &#8211; tra\u017eili smo adekvatan termin&#8221; &#8212; Novi list\" src=\"https:\/\/www.novilist.hr\/novosti\/hrvatska\/zasto-je-klasiceva-serija-o-ndh-godinama-stajala-u-bunkeru-na-hrt-u-tvrde-trazili-smo-adekvatan-termin\/embed\/#?secret=pdpWliyc4h\" data-secret=\"pdpWliyc4h\" width=\"600\" height=\"338\" frameborder=\"0\" marginwidth=\"0\" marginheight=\"0\" scrolling=\"no\"><\/iframe>\n<\/div><\/figure>\n\n\n\n<p><a href=\"https:\/\/www.portalnovosti.com\/htv-u-listopadu-konacno-emitira-seriju-o-ndh\">https:\/\/www.portalnovosti.com\/htv-u-listopadu-konacno-emitira-seriju-o-ndh<\/a><\/p>\n\n\n\n<p><a href=\"https:\/\/www.total-croatia-news.com\/politics\/56050-hrt-national-broadcaster-to-air-series-about-ndh\">https:\/\/www.total-croatia-news.com\/politics\/56050-hrt-national-broadcaster-to-air-series-about-ndh<\/a><\/p>\n\n\n\n<hr class=\"wp-block-separator\"\/>\n","protected":false},"excerpt":{"rendered":"","protected":false},"author":2,"featured_media":27455,"comment_status":"open","ping_status":"open","sticky":false,"template":"","format":"standard","meta":{"_acf_changed":false,"jetpack_post_was_ever_published":false,"_jetpack_newsletter_access":"","_jetpack_dont_email_post_to_subs":false,"_jetpack_newsletter_tier_id":0,"_jetpack_memberships_contains_paywalled_content":false,"_jetpack_memberships_contains_paid_content":false,"footnotes":"","jetpack_publicize_message":"","jetpack_publicize_feature_enabled":true,"jetpack_social_post_already_shared":true,"jetpack_social_options":{"image_generator_settings":{"template":"highway","default_image_id":0,"font":"","enabled":false},"version":2}},"categories":[13,3],"tags":[],"class_list":["post-27454","post","type-post","status-publish","format-standard","has-post-thumbnail","hentry","category-filmovi-i-serije","category-novosti"],"acf":{"facebook_opis":""},"jetpack_publicize_connections":[],"jetpack_featured_media_url":"https:\/\/i0.wp.com\/historiografija.hr\/wp-content\/uploads\/2021\/09\/ndh-ep01-dva-atentata.jpg?fit=740%2C438&ssl=1","jetpack_sharing_enabled":true,"jetpack-related-posts":[],"_links":{"self":[{"href":"https:\/\/historiografija.hr\/index.php?rest_route=\/wp\/v2\/posts\/27454","targetHints":{"allow":["GET"]}}],"collection":[{"href":"https:\/\/historiografija.hr\/index.php?rest_route=\/wp\/v2\/posts"}],"about":[{"href":"https:\/\/historiografija.hr\/index.php?rest_route=\/wp\/v2\/types\/post"}],"author":[{"embeddable":true,"href":"https:\/\/historiografija.hr\/index.php?rest_route=\/wp\/v2\/users\/2"}],"replies":[{"embeddable":true,"href":"https:\/\/historiografija.hr\/index.php?rest_route=%2Fwp%2Fv2%2Fcomments&post=27454"}],"version-history":[{"count":1,"href":"https:\/\/historiografija.hr\/index.php?rest_route=\/wp\/v2\/posts\/27454\/revisions"}],"predecessor-version":[{"id":27456,"href":"https:\/\/historiografija.hr\/index.php?rest_route=\/wp\/v2\/posts\/27454\/revisions\/27456"}],"wp:featuredmedia":[{"embeddable":true,"href":"https:\/\/historiografija.hr\/index.php?rest_route=\/wp\/v2\/media\/27455"}],"wp:attachment":[{"href":"https:\/\/historiografija.hr\/index.php?rest_route=%2Fwp%2Fv2%2Fmedia&parent=27454"}],"wp:term":[{"taxonomy":"category","embeddable":true,"href":"https:\/\/historiografija.hr\/index.php?rest_route=%2Fwp%2Fv2%2Fcategories&post=27454"},{"taxonomy":"post_tag","embeddable":true,"href":"https:\/\/historiografija.hr\/index.php?rest_route=%2Fwp%2Fv2%2Ftags&post=27454"}],"curies":[{"name":"wp","href":"https:\/\/api.w.org\/{rel}","templated":true}]}}