{"id":27448,"date":"2021-09-17T18:05:32","date_gmt":"2021-09-17T18:05:32","guid":{"rendered":"http:\/\/historiografija.hr\/?p=27448"},"modified":"2021-09-17T18:05:32","modified_gmt":"2021-09-17T18:05:32","slug":"simpozij-novomucenici-poliperspektiva-vii","status":"publish","type":"post","link":"https:\/\/historiografija.hr\/?p=27448","title":{"rendered":"Simpozij &#8220;Novomu\u010denici: Poliperspektiva VII&#8221;"},"content":{"rendered":"\n<p>U Srpskoj pravoslavnoj op\u0161toj gimnaziji &#8220;Kantakuzina Katarina Brankovi\u0107&#8221; u Zagrebu odr\u017ean je 14. rujna 2021. u organizaciji Pakra\u010dko-slavonske eparhije SPC-a i Muzej \u017ertava genocida iz Beograda simpozij &#8220;Novomu\u010denici: Poliperspektiva VII&#8221; na kojem je sudjelovalo i nekoliko povjesni\u010dara iz Srbije, Hrvatske i inozemstva.<\/p>\n\n\n\n<hr class=\"wp-block-separator\"\/>\n\n\n\n<p>Novomu\u010denici: Poliperspektiva VII \u2013 simpozijum (program)<\/p>\n\n\n\n<p><a href=\"http:\/\/www.seecult.org\/content\/sveti-novomucenici-jasenovacki\">http:\/\/www.seecult.org\/content\/sveti-novomucenici-jasenovacki<\/a><\/p>\n\n\n\n<hr class=\"wp-block-separator\"\/>\n\n\n\n<p>Sedmi me\u0111unarodni nau\u010dni simposion \u201cNovomu\u010denici: Poliperspektiva\u201d<\/p>\n\n\n\n<figure class=\"wp-block-embed-wordpress wp-block-embed is-type-wp-embed is-provider-\u043c\u0443\u0437\u0435\u0458-\u0436\u0440\u0442\u0430\u0432\u0430-\u0433\u0435\u043d\u043e\u0446\u0438\u0434\u0430-\u0431\u0435\u043e\u0433\u0440\u0430\u0434\"><div class=\"wp-block-embed__wrapper\">\n<blockquote class=\"wp-embedded-content\" data-secret=\"wr017P8nQd\"><a href=\"https:\/\/www.muzejgenocida.rs\/2021\/09\/16\/sedmi-medjunarodni-naucni-simposion-novomucenici-poliperspektiva\/\">\u0421\u0435\u0434\u043c\u0438 \u043c\u0435\u0452\u0443\u043d\u0430\u0440\u043e\u0434\u043d\u0438 \u043d\u0430\u0443\u0447\u043d\u0438 \u0441\u0438\u043c\u043f\u043e\u0441\u0438\u043e\u043d &#8220;\u041d\u043e\u0432\u043e\u043c\u0443\u0447\u0435\u043d\u0438\u0446\u0438: \u041f\u043e\u043b\u0438\u043f\u0435\u0440\u0441\u043f\u0435\u043a\u0442\u0438\u0432\u0430&#8221;<\/a><\/blockquote><iframe loading=\"lazy\" class=\"wp-embedded-content\" sandbox=\"allow-scripts\" security=\"restricted\" style=\"position: absolute; clip: rect(1px, 1px, 1px, 1px);\" title=\"&#132;\u0421\u0435\u0434\u043c\u0438 \u043c\u0435\u0452\u0443\u043d\u0430\u0440\u043e\u0434\u043d\u0438 \u043d\u0430\u0443\u0447\u043d\u0438 \u0441\u0438\u043c\u043f\u043e\u0441\u0438\u043e\u043d &#8220;\u041d\u043e\u0432\u043e\u043c\u0443\u0447\u0435\u043d\u0438\u0446\u0438: \u041f\u043e\u043b\u0438\u043f\u0435\u0440\u0441\u043f\u0435\u043a\u0442\u0438\u0432\u0430&#8221;&#147; &#8212; \u041c\u0443\u0437\u0435\u0458 \u0436\u0440\u0442\u0430\u0432\u0430 \u0433\u0435\u043d\u043e\u0446\u0438\u0434\u0430 \u0411\u0435\u043e\u0433\u0440\u0430\u0434\" src=\"https:\/\/www.muzejgenocida.rs\/2021\/09\/16\/sedmi-medjunarodni-naucni-simposion-novomucenici-poliperspektiva\/embed\/#?secret=wr017P8nQd\" data-secret=\"wr017P8nQd\" width=\"600\" height=\"338\" frameborder=\"0\" marginwidth=\"0\" marginheight=\"0\" scrolling=\"no\"><\/iframe>\n<\/div><\/figure>\n\n\n\n<hr class=\"wp-block-separator\"\/>\n\n\n\n<p>Iz medija:<\/p>\n\n\n\n<p><a href=\"https:\/\/www.portalnovosti.com\/da-se-nikad-vise-ne-dogodi\">https:\/\/www.portalnovosti.com\/da-se-nikad-vise-ne-dogodi<\/a><\/p>\n\n\n\n<p><a href=\"https:\/\/www.portalnovosti.com\/znamo-imena-svih-zlocinaca-ali-na-zrtve-smo-zaboravili\">https:\/\/www.portalnovosti.com\/znamo-imena-svih-zlocinaca-ali-na-zrtve-smo-zaboravili<\/a><\/p>\n\n\n\n<hr class=\"wp-block-separator\"\/>\n","protected":false},"excerpt":{"rendered":"","protected":false},"author":2,"featured_media":27449,"comment_status":"open","ping_status":"open","sticky":false,"template":"","format":"standard","meta":{"_acf_changed":false,"jetpack_post_was_ever_published":false,"_jetpack_newsletter_access":"","_jetpack_dont_email_post_to_subs":false,"_jetpack_newsletter_tier_id":0,"_jetpack_memberships_contains_paywalled_content":false,"_jetpack_memberships_contains_paid_content":false,"footnotes":"","jetpack_publicize_message":"","jetpack_publicize_feature_enabled":true,"jetpack_social_post_already_shared":true,"jetpack_social_options":{"image_generator_settings":{"template":"highway","default_image_id":0,"font":"","enabled":false},"version":2}},"categories":[3,9],"tags":[],"class_list":["post-27448","post","type-post","status-publish","format-standard","has-post-thumbnail","hentry","category-novosti","category-skupovi"],"acf":{"facebook_opis":""},"jetpack_publicize_connections":[],"jetpack_featured_media_url":"https:\/\/i0.wp.com\/historiografija.hr\/wp-content\/uploads\/2021\/09\/mucenici.jpg?fit=1024%2C683&ssl=1","jetpack_sharing_enabled":true,"jetpack-related-posts":[],"_links":{"self":[{"href":"https:\/\/historiografija.hr\/index.php?rest_route=\/wp\/v2\/posts\/27448","targetHints":{"allow":["GET"]}}],"collection":[{"href":"https:\/\/historiografija.hr\/index.php?rest_route=\/wp\/v2\/posts"}],"about":[{"href":"https:\/\/historiografija.hr\/index.php?rest_route=\/wp\/v2\/types\/post"}],"author":[{"embeddable":true,"href":"https:\/\/historiografija.hr\/index.php?rest_route=\/wp\/v2\/users\/2"}],"replies":[{"embeddable":true,"href":"https:\/\/historiografija.hr\/index.php?rest_route=%2Fwp%2Fv2%2Fcomments&post=27448"}],"version-history":[{"count":1,"href":"https:\/\/historiografija.hr\/index.php?rest_route=\/wp\/v2\/posts\/27448\/revisions"}],"predecessor-version":[{"id":27450,"href":"https:\/\/historiografija.hr\/index.php?rest_route=\/wp\/v2\/posts\/27448\/revisions\/27450"}],"wp:featuredmedia":[{"embeddable":true,"href":"https:\/\/historiografija.hr\/index.php?rest_route=\/wp\/v2\/media\/27449"}],"wp:attachment":[{"href":"https:\/\/historiografija.hr\/index.php?rest_route=%2Fwp%2Fv2%2Fmedia&parent=27448"}],"wp:term":[{"taxonomy":"category","embeddable":true,"href":"https:\/\/historiografija.hr\/index.php?rest_route=%2Fwp%2Fv2%2Fcategories&post=27448"},{"taxonomy":"post_tag","embeddable":true,"href":"https:\/\/historiografija.hr\/index.php?rest_route=%2Fwp%2Fv2%2Ftags&post=27448"}],"curies":[{"name":"wp","href":"https:\/\/api.w.org\/{rel}","templated":true}]}}