{"id":27441,"date":"2021-09-17T10:20:25","date_gmt":"2021-09-17T10:20:25","guid":{"rendered":"http:\/\/historiografija.hr\/?p=27441"},"modified":"2021-09-17T10:22:56","modified_gmt":"2021-09-17T10:22:56","slug":"izet-sabotic-odgovor-na-piskaranje-nedima-zahirovica","status":"publish","type":"post","link":"https:\/\/historiografija.hr\/?p=27441","title":{"rendered":"Izet \u0160aboti\u0107 &#8211; Odgovor na piskaranje  Nedima Zahirovi\u0107a"},"content":{"rendered":"\n<p>Po\u0161tovani uredni\u010de,<\/p>\n\n\n\n<p>Na va\u0161em web portalu<a href=\"https:\/\/historiografija.hr\/?p=27333\"> http:\/\/historiogrfija.hr\/?p=27333<\/a>, ni\u010dim izazvan, a ponajmanje pozvan, izvjesni filolog (turkolog) Nedim Zahirovi\u0107, nedobronamjerno, nenau\u010dno, neakademski, neutemeljeno \u00a0i neprofesionalno u vi\u0161e navrata iznio je niz nehistorijskih tvrdnji, bolje re\u010deno nebluoza na ra\u010dun mojih radova, kao i radova ostalih kolega sa Odsjeka za historiju Filozofskog fakulteta \u00a0Univerziteta u Tuzli. Ne znam \u0161to je cilj, i u \u010demu je problem filologa (turkologa) Nedima Zahirovi\u0107a ovakvom neakademskom, nenau\u010danom i neljudskom divljanju i neznala\u010dkom obru\u0161avanju na moje i nau\u010dne radove kolega sa Odsjeka za historiju Filozofskog fakulteta Univerziteta u Tuzli. Naime, istupi filologa (turkologa) Nedima Zahirovi\u0107a vrve od neta\u010dnosti, neargumentiranosti, neobjektivnosti i elementarnog nepoznavanja osnovnih metodolo\u0161kih i nau\u010dnih na\u010dela historijske nauke. Jednostavno se u svim njegovim istupima, jedino mo\u017ee vidjeti\u00a0 frustracija, zloba, i ogromna mr\u017enja, te stoga i nisam smatrao potrebnim odgovarati na ne\u0161to \u0161to ne pripada nauci i akademskoj zajednici. \u00a0<\/p>\n\n\n\n<p>Me\u0111utim, njegovo posljednje piskaranje, pod naslovom:<em> Otkud harem-ran\u010devi u osmanskoj Bosni?<\/em> objavljeno na va\u0161em web portalu, 9. rujna 2021. godine me natjeralo, ne da polemi\u0161em sa frustriranim filologom (turkologom) Nedimom Zahirovi\u0107em, ve\u0107 da putem va\u0161eg portala uka\u017eem na o\u010ditu zloupotrebu javnog prostora, zlonamjernost i smi\u0161ljeno kvarno istupanje filologa (turkologa) Nedima Zahirovi\u0107a, s ciljem moje diskreditacije, kao i diskreditaciije dugih profesora sa Odsjeka za historiju Filozofskog fakulteta u Tuzli. Naime, niti jedna iznesena tvrdnja u ovom nehistori\u010dnom Zahirovi\u0107evom tekstu ne mo\u017ee se uzeti ni s minimalnom dozom nau\u010dne ozbiljnosti, jer sve \u0161to je izneseno je \u00a0neobjektivno, neargumentirano, zlonamjerno i svjesno izvu\u010deno iz konteksta. Ono \u0161to je evidentno, jeste na\u017ealost nevjerovatna doza mr\u017enje prema meni, kao autoru navedenog rada. S filologom (turkologom) i nehistori\u010darem Nedimom Zahirovi\u0107em ne kanim polemisati ni o jednoj historijskoj temi, jer to bi bilo apsurdno i poni\u017eavaju\u0107e za mene kao i za historijsku nauku. Me\u0111utim, po\u0161tuju\u0107i sud javnosti i \u010ditaoce va\u0161eg portala, dajem\u00a0 navedeni rad na uvid (Izet \u0160aboti\u0107, Propadanje i uzurpacija imovine Bakir-bega Tuzli\u0107a, <em>Historijski pogledi<\/em>, god. III, br. 3, Tuzla 2020, 48-71. (<a href=\"https:\/\/pogledi.cimoshis.org\/wp-content\/uploads\/2020\/06\/2.-Izet-Sabotic-HP3.pdf\">https:\/\/pogledi.cimoshis.org\/wp-content\/uploads\/2020\/06\/2.-Izet-Sabotic-HP3.pdf<\/a>), iz kojeg se jednostavno mo\u017ee utvrditi da sve \u0161to je predo\u010deno u istom, je adekvatno potkrijepljeno validnom historiografskom osnovom (105-fusnotana), \u0161to je temeljna stavka u metodologiji historijskog istra\u017eivanja i interpretaciji historijskih sadr\u017eaja. Isti\u010dem, da je navedeni rad izme\u0111u ostalog napisan uz konsultovanje vi\u0161e od 60 osto izvora prvoga reda, odnosno sadr\u017eaja koji se prvi puta prezentuje nau\u010dnoj javnosti.<\/p>\n\n\n\n<p>Iskazano neznanje, filologu (turkologu) Nedimu Zahirovi\u0107u mogu oprostiti, ali sra\u010dunate gnusne klevete i uvrede na moj ra\u010dun ne mogu i ne\u0107u, te \u0107e kona\u010dan sud o istim dati nadle\u017ene pravosudne ustanove.<\/p>\n\n\n\n<p>S po\u0161tovanjem,<\/p>\n\n\n\n<p>Prof. dr. Izet \u0160aboti\u0107<\/p>\n\n\n\n<hr class=\"wp-block-separator\"\/>\n\n\n\n<p><em>Uredni\u0161tvo portala Historiografija.hr ne odgovara za tvrdnje izre\u010dene u raspravama, polemikama i drugim tekstovima. Reagiranja i polemi\u010dke priloge mo\u017eete slati na e-mail adresu urednika portala bjankovi@ffzg.hr<\/em><\/p>\n\n\n\n<hr class=\"wp-block-separator\"\/>\n","protected":false},"excerpt":{"rendered":"","protected":false},"author":2,"featured_media":0,"comment_status":"open","ping_status":"open","sticky":false,"template":"","format":"standard","meta":{"_acf_changed":false,"jetpack_post_was_ever_published":false,"_jetpack_newsletter_access":"","_jetpack_dont_email_post_to_subs":false,"_jetpack_newsletter_tier_id":0,"_jetpack_memberships_contains_paywalled_content":false,"_jetpack_memberships_contains_paid_content":false,"footnotes":"","jetpack_publicize_message":"","jetpack_publicize_feature_enabled":true,"jetpack_social_post_already_shared":true,"jetpack_social_options":{"image_generator_settings":{"template":"highway","default_image_id":0,"font":"","enabled":false},"version":2}},"categories":[4,17],"tags":[],"class_list":["post-27441","post","type-post","status-publish","format-standard","hentry","category-osvrti","category-rasprave"],"acf":{"facebook_opis":""},"jetpack_publicize_connections":[],"jetpack_featured_media_url":"","jetpack_sharing_enabled":true,"jetpack-related-posts":[],"_links":{"self":[{"href":"https:\/\/historiografija.hr\/index.php?rest_route=\/wp\/v2\/posts\/27441","targetHints":{"allow":["GET"]}}],"collection":[{"href":"https:\/\/historiografija.hr\/index.php?rest_route=\/wp\/v2\/posts"}],"about":[{"href":"https:\/\/historiografija.hr\/index.php?rest_route=\/wp\/v2\/types\/post"}],"author":[{"embeddable":true,"href":"https:\/\/historiografija.hr\/index.php?rest_route=\/wp\/v2\/users\/2"}],"replies":[{"embeddable":true,"href":"https:\/\/historiografija.hr\/index.php?rest_route=%2Fwp%2Fv2%2Fcomments&post=27441"}],"version-history":[{"count":3,"href":"https:\/\/historiografija.hr\/index.php?rest_route=\/wp\/v2\/posts\/27441\/revisions"}],"predecessor-version":[{"id":27444,"href":"https:\/\/historiografija.hr\/index.php?rest_route=\/wp\/v2\/posts\/27441\/revisions\/27444"}],"wp:attachment":[{"href":"https:\/\/historiografija.hr\/index.php?rest_route=%2Fwp%2Fv2%2Fmedia&parent=27441"}],"wp:term":[{"taxonomy":"category","embeddable":true,"href":"https:\/\/historiografija.hr\/index.php?rest_route=%2Fwp%2Fv2%2Fcategories&post=27441"},{"taxonomy":"post_tag","embeddable":true,"href":"https:\/\/historiografija.hr\/index.php?rest_route=%2Fwp%2Fv2%2Ftags&post=27441"}],"curies":[{"name":"wp","href":"https:\/\/api.w.org\/{rel}","templated":true}]}}