{"id":27428,"date":"2021-09-16T17:05:16","date_gmt":"2021-09-16T17:05:16","guid":{"rendered":"http:\/\/historiografija.hr\/?p=27428"},"modified":"2021-09-16T17:05:16","modified_gmt":"2021-09-16T17:05:16","slug":"julia-thyroff-beatrice-ziegler-hg-die-jugoslawienkriege-in-geschichtskultur-und-geschichtsvermittlung","status":"publish","type":"post","link":"https:\/\/historiografija.hr\/?p=27428","title":{"rendered":"Julia Thyroff, B\u00e9atrice Ziegler (Hg.), &#8220;Die Jugoslawienkriege in Geschichtskultur und Geschichtsvermittlung&#8221;"},"content":{"rendered":"\n<p>In der Schweiz leben zahlreiche Menschen mit Bezug zum ehemaligen Jugoslawien und zu den Jugoslawienkriegen, unter ihnen viele Sch\u00fclerinnen und Sch\u00fcler. F\u00fcr sie wie f\u00fcr die gesamte Gesellschaft scheint es dringlich, das Thema Jugoslawien der Geschichtsvermittlung zu erschliessen.<\/p>\n\n\n\n<p>Zwar tauchen die Jugoslawienkriege in Lehrmitteln auf, doch findet bis anhin kaum eine geschichtsdidaktische Auseinandersetzung dar\u00fcber statt. Aufgrund der Komplexit\u00e4t des Themas steht die Vermittlungspraxis vor grossen Herausforderungen. Der Band nimmt eine Situations\u00adbestimmung vor, analysiert geschichtskulturelle Mani\u00adfestationen und lotet M\u00f6glichkeiten bei der Behandlung der Jugoslawienkriege im Geschichtsunterricht aus.<\/p>\n\n\n\n<hr class=\"wp-block-separator\"\/>\n\n\n\n<p>Inhaltsverzeichnis<\/p>\n\n\n\n<p>Einleitung<\/p>\n\n\n\n<hr class=\"wp-block-separator\"\/>\n\n\n\n<p><strong>Nada Boskovska<\/strong><\/p>\n\n\n\n<p>Die Jugoslawienkriege 1991\u20131995<\/p>\n\n\n\n<p>S. 19\u201333<\/p>\n\n\n\n<p><strong>Julia Thyroff<\/strong><\/p>\n\n\n\n<p>Die Vermittlung der Jugo\u00acslawienkriege als Herausforderungsgef\u00fcge<\/p>\n\n\n\n<p>Bestandsaufnahme und Problemaufriss aus geschichtsdidaktisch-theoretischer Perspektive<\/p>\n\n\n\n<p>S. 37\u201360<\/p>\n\n\n\n<p><strong>Julia Thyroff<\/strong><\/p>\n\n\n\n<p>Die Jugoslawienkriege als Unterrichtsthema in der Schweiz<\/p>\n\n\n\n<p>Der Lehrplan 21 f\u00fcr die Sekundarstufe I und darauf abgestimmte Geschichtslehrmittel<\/p>\n\n\n\n<p>S. 61\u201372<\/p>\n\n\n\n<p><strong>Thomas B\u00fcrgisser<\/strong><\/p>\n\n\n\n<p>Vergessener Kontrapunkt<\/p>\n\n\n\n<p>Das schweizerische Jugoslawienbild im Kalten Krieg<\/p>\n\n\n\n<p>S. 75\u201386<\/p>\n\n\n\n<p><strong>Kathrin Pavic<\/strong><\/p>\n\n\n\n<p>Das \u00abSerbenbild\u00bb w\u00e4hrend der Jugoslawienkriege in der Schweiz<\/p>\n\n\n\n<p>S. 87\u2013100<\/p>\n\n\n\n<p><strong>Nadine Gautschi<\/strong><\/p>\n\n\n\n<p>Zwischen Stigmatisierung und Emanzipation<\/p>\n\n\n\n<p>Bildungserfahrungen von Schweizer Romnija mit exjugoslawischer Herkunft bez\u00fcglich ihrer Roma-Zugeh\u00f6rigkeit<\/p>\n\n\n\n<p>S. 101\u2013112<\/p>\n\n\n\n<p><strong>Elisa Satjukow<\/strong><\/p>\n\n\n\n<p>Vergeben, aber nicht vergessen<\/p>\n\n\n\n<p>Serbisches Gedenken an die NATO-Bombardierung 1999<\/p>\n\n\n\n<p>S. 115\u2013130<\/p>\n\n\n\n<p><strong>Petra Hamer<\/strong><\/p>\n\n\n\n<p>National and Religious Categorisation in Patriotic Songs Made between 1992 to 1995 in Sarajevo, Bosnia-Herzegovina<\/p>\n\n\n\n<p>S. 131\u2013141<\/p>\n\n\n\n<p><strong>Shk\u00eblzen Gashi<\/strong><\/p>\n\n\n\n<p>The Kosovo War during 1998\u20131999 in the History Textbooks in Kosovo and Serbia<\/p>\n\n\n\n<p>S. 143\u2013154<\/p>\n\n\n\n<p><strong>Franziska Anna Zaugg<\/strong><\/p>\n\n\n\n<p>Die \u00ablange Dauer\u00bb<\/p>\n\n\n\n<p>Gewalt und Erinnerung in Kosovo im 20. und 21. Jahrhundert mit Beispielen aus Mitrovica<\/p>\n\n\n\n<p>S. 155\u2013168<\/p>\n\n\n\n<p><strong>Dominik Sauerl\u00e4nder<\/strong><\/p>\n\n\n\n<p>Jugoslawienkriege im Geschichtsunterricht in der Schweiz<\/p>\n\n\n\n<p>Tagungskommentar<\/p>\n\n\n\n<p>S. 171\u2013174<\/p>\n\n\n\n<p><strong>Kathrin Pavic<\/strong><\/p>\n\n\n\n<p>\u00abPulverfass Balkan\u00bb?<\/p>\n\n\n\n<p>Zu den M\u00f6glichkeiten des Einsatzes von Karikaturen im Umgang mit einem \u00fcberkommenen Deutungsmuster<\/p>\n\n\n\n<p>S. 175\u2013188<\/p>\n\n\n\n<p><strong>Elke Schlote, Susanne Grubenmann<\/strong><\/p>\n\n\n\n<p>Perspektiven gewinnen<\/p>\n\n\n\n<p>Youtube-Clips zu den Jugo\u00acslawienkriegen mit der Webapp Travis Go im Unterricht kooperativ untersuchen<\/p>\n\n\n\n<p>S. 189\u2013200<\/p>\n\n\n\n<p><strong>Oliver Plessow<\/strong><\/p>\n\n\n\n<p>Die Schweiz und die Aufl\u00f6sung Jugo\u00acslawiens im Spielfilm<\/p>\n\n\n\n<p>Ansatzpunkte f\u00fcr ein identit\u00e4tssensibles historisches Lernen in den Filmen Andrea \u0160takas<\/p>\n\n\n\n<p>S. 201\u2013212<\/p>\n\n\n\n<p><strong>Gabriele Danninger<\/strong><\/p>\n\n\n\n<p>Internationale Friedenssicherung im \u00abJugo\u00acslawienkonflikt\u00bb<\/p>\n\n\n\n<p>Systemische Reflexionsformen in der Unterrichtsplanung<\/p>\n\n\n\n<p>S. 213\u2013226<\/p>\n\n\n\n<hr class=\"wp-block-separator\"\/>\n\n\n\n<p>Broschur<\/p>\n\n\n\n<p>2020. 232 Seiten, 5 Abbildungen s\/w., 4 Tabellen<\/p>\n\n\n\n<hr class=\"wp-block-separator\"\/>\n\n\n\n<p><a href=\"https:\/\/www.chronos-verlag.ch\/node\/27364#kurztext\">https:\/\/www.chronos-verlag.ch\/node\/27364#kurztext<\/a><\/p>\n\n\n\n<hr class=\"wp-block-separator\"\/>\n","protected":false},"excerpt":{"rendered":"","protected":false},"author":2,"featured_media":27429,"comment_status":"open","ping_status":"open","sticky":false,"template":"","format":"standard","meta":{"_acf_changed":false,"jetpack_post_was_ever_published":false,"_jetpack_newsletter_access":"","_jetpack_dont_email_post_to_subs":false,"_jetpack_newsletter_tier_id":0,"_jetpack_memberships_contains_paywalled_content":false,"_jetpack_memberships_contains_paid_content":false,"footnotes":"","jetpack_publicize_message":"","jetpack_publicize_feature_enabled":true,"jetpack_social_post_already_shared":true,"jetpack_social_options":{"image_generator_settings":{"template":"highway","default_image_id":0,"font":"","enabled":false},"version":2}},"categories":[8,3],"tags":[],"class_list":["post-27428","post","type-post","status-publish","format-standard","has-post-thumbnail","hentry","category-knjige","category-novosti"],"acf":{"facebook_opis":""},"jetpack_publicize_connections":[],"jetpack_featured_media_url":"https:\/\/i0.wp.com\/historiografija.hr\/wp-content\/uploads\/2021\/09\/Jugoslawien.jpg?fit=283%2C412&ssl=1","jetpack_sharing_enabled":true,"jetpack-related-posts":[],"_links":{"self":[{"href":"https:\/\/historiografija.hr\/index.php?rest_route=\/wp\/v2\/posts\/27428","targetHints":{"allow":["GET"]}}],"collection":[{"href":"https:\/\/historiografija.hr\/index.php?rest_route=\/wp\/v2\/posts"}],"about":[{"href":"https:\/\/historiografija.hr\/index.php?rest_route=\/wp\/v2\/types\/post"}],"author":[{"embeddable":true,"href":"https:\/\/historiografija.hr\/index.php?rest_route=\/wp\/v2\/users\/2"}],"replies":[{"embeddable":true,"href":"https:\/\/historiografija.hr\/index.php?rest_route=%2Fwp%2Fv2%2Fcomments&post=27428"}],"version-history":[{"count":1,"href":"https:\/\/historiografija.hr\/index.php?rest_route=\/wp\/v2\/posts\/27428\/revisions"}],"predecessor-version":[{"id":27430,"href":"https:\/\/historiografija.hr\/index.php?rest_route=\/wp\/v2\/posts\/27428\/revisions\/27430"}],"wp:featuredmedia":[{"embeddable":true,"href":"https:\/\/historiografija.hr\/index.php?rest_route=\/wp\/v2\/media\/27429"}],"wp:attachment":[{"href":"https:\/\/historiografija.hr\/index.php?rest_route=%2Fwp%2Fv2%2Fmedia&parent=27428"}],"wp:term":[{"taxonomy":"category","embeddable":true,"href":"https:\/\/historiografija.hr\/index.php?rest_route=%2Fwp%2Fv2%2Fcategories&post=27428"},{"taxonomy":"post_tag","embeddable":true,"href":"https:\/\/historiografija.hr\/index.php?rest_route=%2Fwp%2Fv2%2Ftags&post=27428"}],"curies":[{"name":"wp","href":"https:\/\/api.w.org\/{rel}","templated":true}]}}