{"id":27424,"date":"2021-09-15T09:18:58","date_gmt":"2021-09-15T09:18:58","guid":{"rendered":"http:\/\/historiografija.hr\/?p=27424"},"modified":"2021-09-15T09:18:58","modified_gmt":"2021-09-15T09:18:58","slug":"frane-krnic-crni-kaputi-bijele-rukavice-zapisi-jednog-diplomata","status":"publish","type":"post","link":"https:\/\/historiografija.hr\/?p=27424","title":{"rendered":"Frane Krni\u0107, \u201eCrni kaputi, bijele rukavice. Zapisi jednog diplomata\u201c"},"content":{"rendered":"\n<p>Naklada Bo\u0161kovi\u0107 objavila je 2021. godine knjigu Frane Krni\u0107a \u201eCrni kaputi, bijele rukavice. Zapisi jednog diplomata\u201c, koji je proveo 47 godina u diplomaciji (\u201c21 u jugoslavenskoj, a 26 u hrvatskoj\u201d). Budu\u0107i da je i od 2002. do 2003. bio predstojnik Vladina ureda za suradnju s Me\u0111unarodnim sudom u Haagu, Krni\u0107evi zapisi izazvali su pozornost medija i polemi\u010dke reakcije.<\/p>\n\n\n\n<hr class=\"wp-block-separator\"\/>\n\n\n\n<p>Odjeci:<\/p>\n\n\n\n<p><a href=\"https:\/\/historiografija.ba\/article.php?id=588\">https:\/\/historiografija.ba\/article.php?id=588<\/a><\/p>\n\n\n\n<hr class=\"wp-block-separator\"\/>\n\n\n\n<p>Iz medija:<\/p>\n\n\n\n<p><a href=\"https:\/\/www.jutarnji.hr\/globus\/politika\/tudman-je-28-minuta-sutio-dok-sam-mu-otkrivao-sve-o-milosevicu-s-kojim-sam-studirao-15102030\">https:\/\/www.jutarnji.hr\/globus\/politika\/tudman-je-28-minuta-sutio-dok-sam-mu-otkrivao-sve-o-milosevicu-s-kojim-sam-studirao-15102030<\/a><\/p>\n\n\n\n<p><a href=\"https:\/\/slobodnadalmacija.hr\/vijesti\/hrvatska\/zapisi-splitskog-diplomata-krnica-o-tudmanu-koji-je-odbio-pricestiti-se-u-katedrali-u-santiagu-zahtjevu-bolivijskog-predsjednika-da-se-prestane-progoniti-serbedziju-sahovnici-na-nizozemskoj-zastavi-1116789\">https:\/\/slobodnadalmacija.hr\/vijesti\/hrvatska\/zapisi-splitskog-diplomata-krnica-o-tudmanu-koji-je-odbio-pricestiti-se-u-katedrali-u-santiagu-zahtjevu-bolivijskog-predsjednika-da-se-prestane-progoniti-serbedziju-sahovnici-na-nizozemskoj-zastavi-1116789<\/a><\/p>\n\n\n\n<p><a href=\"https:\/\/slobodnadalmacija.hr\/vijesti\/hrvatska\/zapisi-diplomata-krnica-2-predsjednik-tudman-je-imao-veliku-zelju-upoznati-kralja-juana-carlosa-ali-njemu-se-nikako-nije-svidjela-ta-ideja-evo-kako-je-franjo-reagirao-1118669\">https:\/\/slobodnadalmacija.hr\/vijesti\/hrvatska\/zapisi-diplomata-krnica-2-predsjednik-tudman-je-imao-veliku-zelju-upoznati-kralja-juana-carlosa-ali-njemu-se-nikako-nije-svidjela-ta-ideja-evo-kako-je-franjo-reagirao-1118669<\/a><\/p>\n\n\n\n<p><a href=\"https:\/\/slobodnadalmacija.hr\/vijesti\/hrvatska\/na-opcoj-skupstini-un-a-fidel-castro-za-zla-na-balkanu-okrivio-je-hrvatsku-ali-onda-je-ambasador-krnic-ulozio-protest-i-kuba-se-na-kraju-ispricala-1120235\">https:\/\/slobodnadalmacija.hr\/vijesti\/hrvatska\/na-opcoj-skupstini-un-a-fidel-castro-za-zla-na-balkanu-okrivio-je-hrvatsku-ali-onda-je-ambasador-krnic-ulozio-protest-i-kuba-se-na-kraju-ispricala-1120235<\/a><\/p>\n\n\n\n<p><a href=\"https:\/\/slobodnadalmacija.hr\/vijesti\/hrvatska\/otkrivaju-se-novi-detalji-oko-transkripata-koji-su-osvanuli-u-haagu-mesic-ih-ipak-nije-dostavio-nakontudmanove-smrti-protuobavjestajna-agencija-je-upala-na-pantovcak-1121761\">https:\/\/slobodnadalmacija.hr\/vijesti\/hrvatska\/otkrivaju-se-novi-detalji-oko-transkripata-koji-su-osvanuli-u-haagu-mesic-ih-ipak-nije-dostavio-nakontudmanove-smrti-protuobavjestajna-agencija-je-upala-na-pantovcak-1121761<\/a><\/p>\n\n\n\n<p><a href=\"https:\/\/slobodnadalmacija.hr\/vijesti\/hrvatska\/tvrdnje-svjedoka-vremena-agenti-i-tudman-zabranili-su-gotovini-da-prica-s-haagom-a-mogao-se-spasiti-kao-i-general-dzanko-evo-i-zasto-je-carla-del-ponte-tako-zagrizla-za-generala-1123287\">https:\/\/slobodnadalmacija.hr\/vijesti\/hrvatska\/tvrdnje-svjedoka-vremena-agenti-i-tudman-zabranili-su-gotovini-da-prica-s-haagom-a-mogao-se-spasiti-kao-i-general-dzanko-evo-i-zasto-je-carla-del-ponte-tako-zagrizla-za-generala-1123287<\/a><\/p>\n\n\n\n<p><a href=\"https:\/\/slobodnadalmacija.hr\/vijesti\/hrvatska\/karamarko-ostro-reagirao-na-tekst-mesic-nije-dostavio-transkripe-u-haag-nakon-tudmanove-smrti-protuobavjestajna-agencija-je-upala-na-pantovcak-1122527\">https:\/\/slobodnadalmacija.hr\/vijesti\/hrvatska\/karamarko-ostro-reagirao-na-tekst-mesic-nije-dostavio-transkripe-u-haag-nakon-tudmanove-smrti-protuobavjestajna-agencija-je-upala-na-pantovcak-1122527<\/a><\/p>\n\n\n\n<figure class=\"wp-block-embed-wordpress wp-block-embed is-type-wp-embed is-provider-dnevno-hr\"><div class=\"wp-block-embed__wrapper\">\n<blockquote class=\"wp-embedded-content\" data-secret=\"72F4aeShgC\"><a href=\"https:\/\/www.dnevno.hr\/7dnevno\/jugo-diplomat-koji-je-s-budom-loncarom-presao-tudmanu-ukljucili-smo-se-u-hrvatsku-diplomaciju-iz-ocitih-domoljubnih-motiva-1810483\/\">JUGO-DIPLOMAT KOJI JE S BUDOM LON\u010cAROM PRE\u0160AO TU\u0110MANU: &#8216;Uklju\u010dili smo se u hrvatsku diplomaciju iz o\u010ditih domoljubnih motiva&#8217;<\/a><\/blockquote><iframe loading=\"lazy\" class=\"wp-embedded-content\" sandbox=\"allow-scripts\" security=\"restricted\" style=\"position: absolute; clip: rect(1px, 1px, 1px, 1px);\" title=\"&#8220;JUGO-DIPLOMAT KOJI JE S BUDOM LON\u010cAROM PRE\u0160AO TU\u0110MANU: &#8216;Uklju\u010dili smo se u hrvatsku diplomaciju iz o\u010ditih domoljubnih motiva&#8217;&#8221; &#8212; Dnevno.hr\" src=\"https:\/\/www.dnevno.hr\/7dnevno\/jugo-diplomat-koji-je-s-budom-loncarom-presao-tudmanu-ukljucili-smo-se-u-hrvatsku-diplomaciju-iz-ocitih-domoljubnih-motiva-1810483\/embed\/#?secret=72F4aeShgC\" data-secret=\"72F4aeShgC\" width=\"600\" height=\"338\" frameborder=\"0\" marginwidth=\"0\" marginheight=\"0\" scrolling=\"no\"><\/iframe>\n<\/div><\/figure>\n\n\n\n<p><a href=\"https:\/\/www.hrsvijet.net\/index.php\/vijesti\/132-hrvatska\/60107-stvaranje-bolje-proslosti-za-franu-krnica-i-drugove\">https:\/\/www.hrsvijet.net\/index.php\/vijesti\/132-hrvatska\/60107-stvaranje-bolje-proslosti-za-franu-krnica-i-drugove<\/a><\/p>\n\n\n\n<hr class=\"wp-block-separator\"\/>\n","protected":false},"excerpt":{"rendered":"","protected":false},"author":2,"featured_media":27425,"comment_status":"open","ping_status":"open","sticky":false,"template":"","format":"standard","meta":{"_acf_changed":false,"jetpack_post_was_ever_published":false,"_jetpack_newsletter_access":"","_jetpack_dont_email_post_to_subs":false,"_jetpack_newsletter_tier_id":0,"_jetpack_memberships_contains_paywalled_content":false,"_jetpack_memberships_contains_paid_content":false,"footnotes":"","jetpack_publicize_message":"","jetpack_publicize_feature_enabled":true,"jetpack_social_post_already_shared":true,"jetpack_social_options":{"image_generator_settings":{"template":"highway","default_image_id":0,"font":"","enabled":false},"version":2}},"categories":[8,3],"tags":[],"class_list":["post-27424","post","type-post","status-publish","format-standard","has-post-thumbnail","hentry","category-knjige","category-novosti"],"acf":{"facebook_opis":""},"jetpack_publicize_connections":[],"jetpack_featured_media_url":"https:\/\/i0.wp.com\/historiografija.hr\/wp-content\/uploads\/2021\/09\/Frane-Krnic.jpg?fit=450%2C590&ssl=1","jetpack_sharing_enabled":true,"jetpack-related-posts":[],"_links":{"self":[{"href":"https:\/\/historiografija.hr\/index.php?rest_route=\/wp\/v2\/posts\/27424","targetHints":{"allow":["GET"]}}],"collection":[{"href":"https:\/\/historiografija.hr\/index.php?rest_route=\/wp\/v2\/posts"}],"about":[{"href":"https:\/\/historiografija.hr\/index.php?rest_route=\/wp\/v2\/types\/post"}],"author":[{"embeddable":true,"href":"https:\/\/historiografija.hr\/index.php?rest_route=\/wp\/v2\/users\/2"}],"replies":[{"embeddable":true,"href":"https:\/\/historiografija.hr\/index.php?rest_route=%2Fwp%2Fv2%2Fcomments&post=27424"}],"version-history":[{"count":1,"href":"https:\/\/historiografija.hr\/index.php?rest_route=\/wp\/v2\/posts\/27424\/revisions"}],"predecessor-version":[{"id":27426,"href":"https:\/\/historiografija.hr\/index.php?rest_route=\/wp\/v2\/posts\/27424\/revisions\/27426"}],"wp:featuredmedia":[{"embeddable":true,"href":"https:\/\/historiografija.hr\/index.php?rest_route=\/wp\/v2\/media\/27425"}],"wp:attachment":[{"href":"https:\/\/historiografija.hr\/index.php?rest_route=%2Fwp%2Fv2%2Fmedia&parent=27424"}],"wp:term":[{"taxonomy":"category","embeddable":true,"href":"https:\/\/historiografija.hr\/index.php?rest_route=%2Fwp%2Fv2%2Fcategories&post=27424"},{"taxonomy":"post_tag","embeddable":true,"href":"https:\/\/historiografija.hr\/index.php?rest_route=%2Fwp%2Fv2%2Ftags&post=27424"}],"curies":[{"name":"wp","href":"https:\/\/api.w.org\/{rel}","templated":true}]}}