{"id":27421,"date":"2021-09-15T09:03:40","date_gmt":"2021-09-15T09:03:40","guid":{"rendered":"http:\/\/historiografija.hr\/?p=27421"},"modified":"2021-09-15T09:22:55","modified_gmt":"2021-09-15T09:22:55","slug":"ivo-komsic-tudmanov-haski-profil-udruzeni-zlocinacki-poduhvat-na-bih","status":"publish","type":"post","link":"https:\/\/historiografija.hr\/?p=27421","title":{"rendered":"Ivo Kom\u0161i\u0107, \u201eTu\u0111manov ha\u0161ki profil: udru\u017eeni zlo\u010dina\u010dki poduhvat na BiH\u201c"},"content":{"rendered":"\n<p>Izdava\u010d Synopsis objavio je knjigu Ive Kom\u0161i\u0107a \u201eTu\u0111manov ha\u0161ki profil: udru\u017eeni zlo\u010dina\u010dki poduhvat na BiH\u201c (Zagreb \u2013 Sarajevo 2021, 554 str.).<\/p>\n\n\n\n<hr class=\"wp-block-separator\"\/>\n\n\n\n<p>\u201cOvo je vrlo va\u017ena knjiga \u010diji naslov govori o \u010demu se radi. Ona je nastala na arhivi Ha\u0161kog suda koju ima Informativni centar Me\u0111unarodnog krivi\u010dnog suda za biv\u0161u Jugoslaviju u Sarajevu. Knjiga je, dakle, ra\u0111ena na arhivskoj gra\u0111i, koja je autenti\u010dna, veoma va\u017ena i ne odstupa od onoga \u0161to je Ha\u0161ki sud utvrdio.<\/p>\n\n\n\n<p>Iz arhive izvu\u010deno je sve ono \u0161to je bilo va\u017eno za osnovnu tezu &#8211; da je na \u010delu udru\u017eenog zlo\u010dina\u010dkog poduhvata bio Franjo Tu\u0111man zajedno sa svojim ministrom Gojkom \u0160u\u0161kom i komandantom hrvatske vojske Jankom Bobetkom. To je utvrdio Ha\u0161ki sud.<\/p>\n\n\n\n<p>U knjizi se nalazi i skra\u0107ena verzija optu\u017enice, zatim prvostepene i drugostepene presude, otkriva Kom\u0161i\u0107.\u201d<\/p>\n\n\n\n<hr class=\"wp-block-separator\"\/>\n\n\n\n<p>Izvor:<\/p>\n\n\n\n<p><a href=\"https:\/\/www.knjiga.ba\/tudmanov-haski-profil-udjruzeni-zlocinacki-podjuhvat-na-bih-b0690.html\">https:\/\/www.knjiga.ba\/tudmanov-haski-profil-udjruzeni-zlocinacki-podjuhvat-na-bih-b0690.html<\/a><\/p>\n\n\n\n<hr class=\"wp-block-separator\"\/>\n\n\n\n<p>Odjeci:<\/p>\n\n\n\n<p><a href=\"https:\/\/historiografija.ba\/article.php?id=550\">https:\/\/historiografija.ba\/article.php?id=550<\/a><\/p>\n\n\n\n<hr class=\"wp-block-separator\"\/>\n\n\n\n<p>Iz medija:<\/p>\n\n\n\n<figure class=\"wp-block-embed-wordpress wp-block-embed is-type-wp-embed is-provider-autograf-hr\"><div class=\"wp-block-embed__wrapper\">\n<blockquote class=\"wp-embedded-content\" data-secret=\"7So6YZxXDW\"><a href=\"https:\/\/www.autograf.hr\/tudmanov-haski-profil-udruzeni-zlocinacki-poduhvat-na-bih\/\">Tu\u0111manov ha\u0161ki profil \u2013 Udru\u017eeni zlo\u010dina\u010dki poduhvat na BiH<\/a><\/blockquote><iframe loading=\"lazy\" class=\"wp-embedded-content\" sandbox=\"allow-scripts\" security=\"restricted\" style=\"position: absolute; clip: rect(1px, 1px, 1px, 1px);\" title=\"Embedded WordPress Post\" src=\"https:\/\/www.autograf.hr\/tudmanov-haski-profil-udruzeni-zlocinacki-poduhvat-na-bih\/embed\/#?secret=7So6YZxXDW\" data-secret=\"7So6YZxXDW\" width=\"600\" height=\"338\" frameborder=\"0\" marginwidth=\"0\" marginheight=\"0\" scrolling=\"no\"><\/iframe>\n<\/div><\/figure>\n\n\n\n<p><a href=\"https:\/\/avaz.ba\/vijesti\/bih\/670039\/ivo-komsic-na-celu-udruzenog-zlocinackog-poduhvata-bio-je-franjo-tudman?fb_comment_id=4277137625673190_4280697878650498\">https:\/\/avaz.ba\/vijesti\/bih\/670039\/ivo-komsic-na-celu-udruzenog-zlocinackog-poduhvata-bio-je-franjo-tudman?fb_comment_id=4277137625673190_4280697878650498<\/a><\/p>\n\n\n\n<figure class=\"wp-block-embed-wordpress wp-block-embed is-type-wp-embed is-provider-n-1\"><div class=\"wp-block-embed__wrapper\">\n<blockquote class=\"wp-embedded-content\" data-secret=\"JeHEbyPk6L\"><a href=\"https:\/\/ba.n1info.com\/vijesti\/komsic-sve-sto-se-u-bih-desavalo-od-1992-projektovano-je-u-tudjmanovom-kabinetu\/\">Kom\u0161i\u0107: Sve \u0161to se u BiH de\u0161avalo od 1992. projektovano je u Tu\u0111manovom kabinetu<\/a><\/blockquote><iframe loading=\"lazy\" class=\"wp-embedded-content\" sandbox=\"allow-scripts\" security=\"restricted\" style=\"position: absolute; clip: rect(1px, 1px, 1px, 1px);\" title=\"&#8220;Kom\u0161i\u0107: Sve \u0161to se u BiH de\u0161avalo od 1992. projektovano je u Tu\u0111manovom kabinetu&#8221; &#8212; N1\" src=\"https:\/\/ba.n1info.com\/vijesti\/komsic-sve-sto-se-u-bih-desavalo-od-1992-projektovano-je-u-tudjmanovom-kabinetu\/embed\/#?secret=JeHEbyPk6L\" data-secret=\"JeHEbyPk6L\" width=\"600\" height=\"338\" frameborder=\"0\" marginwidth=\"0\" marginheight=\"0\" scrolling=\"no\"><\/iframe>\n<\/div><\/figure>\n\n\n\n<hr class=\"wp-block-separator\"\/>\n","protected":false},"excerpt":{"rendered":"","protected":false},"author":2,"featured_media":27422,"comment_status":"open","ping_status":"open","sticky":false,"template":"","format":"standard","meta":{"_acf_changed":false,"jetpack_post_was_ever_published":false,"_jetpack_newsletter_access":"","_jetpack_dont_email_post_to_subs":false,"_jetpack_newsletter_tier_id":0,"_jetpack_memberships_contains_paywalled_content":false,"_jetpack_memberships_contains_paid_content":false,"footnotes":"","jetpack_publicize_message":"","jetpack_publicize_feature_enabled":true,"jetpack_social_post_already_shared":true,"jetpack_social_options":{"image_generator_settings":{"template":"highway","default_image_id":0,"font":"","enabled":false},"version":2}},"categories":[8,3],"tags":[],"class_list":["post-27421","post","type-post","status-publish","format-standard","has-post-thumbnail","hentry","category-knjige","category-novosti"],"acf":{"facebook_opis":""},"jetpack_publicize_connections":[],"jetpack_featured_media_url":"https:\/\/i0.wp.com\/historiografija.hr\/wp-content\/uploads\/2021\/09\/udruzeni_zlocinacki_poduhvat_ivo_komsic.jpg?fit=440%2C700&ssl=1","jetpack_sharing_enabled":true,"jetpack-related-posts":[],"_links":{"self":[{"href":"https:\/\/historiografija.hr\/index.php?rest_route=\/wp\/v2\/posts\/27421","targetHints":{"allow":["GET"]}}],"collection":[{"href":"https:\/\/historiografija.hr\/index.php?rest_route=\/wp\/v2\/posts"}],"about":[{"href":"https:\/\/historiografija.hr\/index.php?rest_route=\/wp\/v2\/types\/post"}],"author":[{"embeddable":true,"href":"https:\/\/historiografija.hr\/index.php?rest_route=\/wp\/v2\/users\/2"}],"replies":[{"embeddable":true,"href":"https:\/\/historiografija.hr\/index.php?rest_route=%2Fwp%2Fv2%2Fcomments&post=27421"}],"version-history":[{"count":2,"href":"https:\/\/historiografija.hr\/index.php?rest_route=\/wp\/v2\/posts\/27421\/revisions"}],"predecessor-version":[{"id":27427,"href":"https:\/\/historiografija.hr\/index.php?rest_route=\/wp\/v2\/posts\/27421\/revisions\/27427"}],"wp:featuredmedia":[{"embeddable":true,"href":"https:\/\/historiografija.hr\/index.php?rest_route=\/wp\/v2\/media\/27422"}],"wp:attachment":[{"href":"https:\/\/historiografija.hr\/index.php?rest_route=%2Fwp%2Fv2%2Fmedia&parent=27421"}],"wp:term":[{"taxonomy":"category","embeddable":true,"href":"https:\/\/historiografija.hr\/index.php?rest_route=%2Fwp%2Fv2%2Fcategories&post=27421"},{"taxonomy":"post_tag","embeddable":true,"href":"https:\/\/historiografija.hr\/index.php?rest_route=%2Fwp%2Fv2%2Ftags&post=27421"}],"curies":[{"name":"wp","href":"https:\/\/api.w.org\/{rel}","templated":true}]}}