{"id":27418,"date":"2021-09-15T08:49:03","date_gmt":"2021-09-15T08:49:03","guid":{"rendered":"http:\/\/historiografija.hr\/?p=27418"},"modified":"2021-09-15T08:49:03","modified_gmt":"2021-09-15T08:49:03","slug":"denis-becirovic-teritorijalni-ekspanzionizam-srbije-prema-bosni-i-hercegovini","status":"publish","type":"post","link":"https:\/\/historiografija.hr\/?p=27418","title":{"rendered":"Denis Be\u0107irovi\u0107, \u201cTeritorijalni ekspanzionizam Srbije prema Bosni i Hercegovini\u201d"},"content":{"rendered":"\n<p>Institut za istra\u017eivanje zlo\u010dina protiv \u010dovje\u010dnosti i me\u0111unarodnog prava Univerziteta u Sarajevu objavio je knjigu \u201eTeritorijalni ekspanzionizam Srbije prema Bosni i Hercegovini\u201c, autora Denisa Be\u0107irovi\u0107a. U \u010detiri poglavlja autor razmatra ekspanzionisti\u010dke ambicije Srbije prema Bosni i Hercegovini od po\u010detka 19. stolje\u0107a do 2020. godine. Akcenat je stavljen na procese s kraja 20. stolje\u0107a, negiranje dr\u017eavnosti i agresivni rat protiv BiH 1992 \u2013 1995, te na srbijansko ohrabrivanje separatizma u bh entitetu Republika Srpska. Autor to razmatra u kontekstu \u0161irih geopoliti\u010dkih kretanja, uticaja Rusije na Balkanu, odnosa Srbije prema presudama Karad\u017ei\u0107u i Mladi\u0107u za po\u010dinjene ratne zlo\u010dine, te kroz o\u017eivljavanje Milo\u0161evi\u0107eve politike \u201eSrbija \u0107e za\u0161titi prava Srba gde god oni \u017eive\u201c, a koja se u posljednje vrijeme manifestira kroz ideju o objedinjavanju \u201esrpskog sveta\u201c.<\/p>\n\n\n\n<p>Knjiga sumira historijska znanja o odnosu Srbije prema Bosni i Hercegovini od po\u010detka 19. do po\u010detka 21. stolje\u0107a, ali je i izraz Be\u0107irovi\u0107evog politi\u010dkog stava prema Bosni i Hercegovini kao dr\u017eavi, s obzirom da je rije\u010d o autoru koji vrlo aktivan u politi\u010dkom \u017eivotu.<\/p>\n\n\n\n<hr class=\"wp-block-separator\"\/>\n\n\n\n<p>Izvor: <a href=\"https:\/\/historiografija.ba\/article.php?id=545\">https:\/\/historiografija.ba\/article.php?id=545<\/a><\/p>\n\n\n\n<hr class=\"wp-block-separator\"\/>\n","protected":false},"excerpt":{"rendered":"","protected":false},"author":2,"featured_media":27419,"comment_status":"open","ping_status":"open","sticky":false,"template":"","format":"standard","meta":{"_acf_changed":false,"jetpack_post_was_ever_published":false,"_jetpack_newsletter_access":"","_jetpack_dont_email_post_to_subs":false,"_jetpack_newsletter_tier_id":0,"_jetpack_memberships_contains_paywalled_content":false,"_jetpack_memberships_contains_paid_content":false,"footnotes":"","jetpack_publicize_message":"","jetpack_publicize_feature_enabled":true,"jetpack_social_post_already_shared":true,"jetpack_social_options":{"image_generator_settings":{"template":"highway","default_image_id":0,"font":"","enabled":false},"version":2}},"categories":[8,3],"tags":[],"class_list":["post-27418","post","type-post","status-publish","format-standard","has-post-thumbnail","hentry","category-knjige","category-novosti"],"acf":{"facebook_opis":""},"jetpack_publicize_connections":[],"jetpack_featured_media_url":"https:\/\/i0.wp.com\/historiografija.hr\/wp-content\/uploads\/2021\/09\/Becirovic.jpg?fit=450%2C666&ssl=1","jetpack_sharing_enabled":true,"jetpack-related-posts":[],"_links":{"self":[{"href":"https:\/\/historiografija.hr\/index.php?rest_route=\/wp\/v2\/posts\/27418","targetHints":{"allow":["GET"]}}],"collection":[{"href":"https:\/\/historiografija.hr\/index.php?rest_route=\/wp\/v2\/posts"}],"about":[{"href":"https:\/\/historiografija.hr\/index.php?rest_route=\/wp\/v2\/types\/post"}],"author":[{"embeddable":true,"href":"https:\/\/historiografija.hr\/index.php?rest_route=\/wp\/v2\/users\/2"}],"replies":[{"embeddable":true,"href":"https:\/\/historiografija.hr\/index.php?rest_route=%2Fwp%2Fv2%2Fcomments&post=27418"}],"version-history":[{"count":1,"href":"https:\/\/historiografija.hr\/index.php?rest_route=\/wp\/v2\/posts\/27418\/revisions"}],"predecessor-version":[{"id":27420,"href":"https:\/\/historiografija.hr\/index.php?rest_route=\/wp\/v2\/posts\/27418\/revisions\/27420"}],"wp:featuredmedia":[{"embeddable":true,"href":"https:\/\/historiografija.hr\/index.php?rest_route=\/wp\/v2\/media\/27419"}],"wp:attachment":[{"href":"https:\/\/historiografija.hr\/index.php?rest_route=%2Fwp%2Fv2%2Fmedia&parent=27418"}],"wp:term":[{"taxonomy":"category","embeddable":true,"href":"https:\/\/historiografija.hr\/index.php?rest_route=%2Fwp%2Fv2%2Fcategories&post=27418"},{"taxonomy":"post_tag","embeddable":true,"href":"https:\/\/historiografija.hr\/index.php?rest_route=%2Fwp%2Fv2%2Ftags&post=27418"}],"curies":[{"name":"wp","href":"https:\/\/api.w.org\/{rel}","templated":true}]}}