{"id":27409,"date":"2021-09-15T08:20:05","date_gmt":"2021-09-15T08:20:05","guid":{"rendered":"http:\/\/historiografija.hr\/?p=27409"},"modified":"2021-09-15T08:28:55","modified_gmt":"2021-09-15T08:28:55","slug":"roko-markovina-mostar-kronika-destrukcije-1990-1992-dolazi-rat","status":"publish","type":"post","link":"https:\/\/historiografija.hr\/?p=27409","title":{"rendered":"Roko Markovina, \u201cMOSTAR: Kronika destrukcije (1990.-1992.) Dolazi rat\u201d"},"content":{"rendered":"\n<p>IKD \u201eUniversity Press &#8211; Izdanja Magistrat \u201c Sarajevo u okviru Edicije POSEBNA IZDANJA objavilo je novi naslov: \u201cMOSTAR: Kronika destrukcije (1990.-1992.) Dolazi rat\u201d autora Roka Markovine. Ova knjiga istovremeno predstavlja memoare pora\u017eenog \u010dovjeka i dnevnik rata koji dolazi, ali prije svega funkcionira kao nostalgi\u010dna posveta jednom vremenu i svijetu koji su s nastupom promatranih doga\u0111aja zauvijek i netragom nestali.<\/p>\n\n\n\n<hr class=\"wp-block-separator\"\/>\n\n\n\n<p>ISBN: 978-9958-673-80-1<\/p>\n\n\n\n<p>Godina: 2021.<\/p>\n\n\n\n<p>Broj stranica:&nbsp; 489<\/p>\n\n\n\n<p>Uvez: meki<\/p>\n\n\n\n<p>Cijena: 35.00 KM\u00a0 sa PDV<\/p>\n\n\n\n<hr class=\"wp-block-separator\"\/>\n\n\n\n<p>Iz recenzije:<\/p>\n\n\n\n<p>\u201eKnjiga koja je pred vama istovremeno je i dirljiva i napeta, funkcionira kao dnevnik, i kao politolo\u0161ka, antropolo\u0161ka, historiografska i sociolo\u0161ka analiza jednog vremena, istovremeno iz prve ruke ukazuju\u0107i na to kako doista izgledaju dru\u0161tveni i politi\u010dki prevrati. U takvom prevratni\u010dkom dobu, u Mostaru i Bosni i Hercegovini je, kao i svugdje drugdje uostalom, bilo onih koji su se u njemu odli\u010dno snalazili i znali ne\u0161to vi\u0161e, onih kojima su informacije bile dozirane na kapaljku i slu\u017eili su kao pijuni pobjedni\u010dkih projekata, kao i onih koje je povijest odlu\u010dila ostaviti za sobom, na gubitni\u010dkoj strani. Glas Roka Markovine iz ove knjige govori u ime ovih posljednjih, koji na sve \u0161to se doga\u0111alo nisu bili spremni i koje je rat zaustavio u naponu snage i stvaranja, ostaviv\u0161i ih bez prirodnog im i samorazumljivog konteksta normalnog i suvremenog Mostara. Na pitanje jesu li oni do danas uspjeli osvijestiti \u0161to im se zapravo dogodilo i zbog \u010dega, to\u010dnije \u0161to se i za\u0161to dogodilo njihovom gradu i zemlji u kojoj su odrasli, ova knjiga ne mo\u017ee dati potvrdan odgovor. Iz te nemogu\u0107nosti da se na ovo pitanje ponudi potvrdan odgovor, mo\u017eemo razumijeti i nemogu\u0107nost da predvide onda\u0161nje procese i da im se ozbiljno odupru. Ti su ljudi, a i Roko s njima, jednostavno govorili nekim druk\u010dijim jezikom od nacionalista, stvari koje su se njima \u010dinile samorazumljive, ovim drugima su izgledale nezamislive i obratno, pa je na koncu jedino \u0161to im je na kraju preostalo bila uzaludna, ali plemenita borba za unaprijed izgubljenu stvar i beskrajno \u010du\u0111enje nad logikom nasilja te krvi i tla. Rukopis nas tako\u0111er vodi kroz ra\u0111anje ratne psihoze u Mostaru i Hercegovini, kroz raspad legalnih vlasti, dolazak rezervista, odnose izme\u0111u njih i slu\u017ebene vojske, kroz dokidanje civilnog \u017eivota, kroz brojne sjednice kriznog \u0161taba, na kojima su prisustvovali predstavnici svih stranaka, JNA i policije, Kluba intelektualaca, mjesne samouprave iz okolnih sredina i gradskih vlasti. Govornici na tim sastancima ne propu\u0161taju uo\u010diti kako na posljednjima upadljivo fale predstavnici SDS-a i HDZ-a, neovisno o prisutnosti gradona\u010delnika Gagre, koji je tu bio po funkciji, a ne zbog \u010dlanstva u HDZ-u. Iz svega navedenog isijavao je ponajprije strah, uz tek slaba\u0161nu nadu kod ve\u0107ine onih koji su tim sastancima prisustvovali, kao i kod obi\u010dnih gra\u0111ana, da se ne\u0107e dogodit ono najgore. Strah se pove\u0107avao s dolaskom no\u0107i i s udaljavanjem iz centra grada. Cestama se po Hercegovini nije moglo putovati, bez da vas razne vojne i paravojne patrole stalno ne zaustavljaju, s realnom opasno\u0161\u0107u po \u017eivot&#8230;\u201c<\/p>\n\n\n\n<p>Dr.sci Dragan Markovina<\/p>\n\n\n\n<hr class=\"wp-block-separator\"\/>\n\n\n\n<p>O autoru:<\/p>\n\n\n\n<p>Markovina Roko je ro\u0111en 1945. godine u \u010capljini (BiH), od oca Stanka, znanstvenog suradnika Duhanskog instituta u Mostaru, i majke Du\u0161anke, ro\u0111ene Bukvi\u0107, doma\u0107ice. Osnovnu i srednju \u0161kolu zavr\u0161io je u Mostaru, Fakultet strojarstva i brodogradnje, Odjel brodogra\u0111evni na Sveu\u010dili\u0161tu u Zagrebu, na kojemu je i magistrirao 1976. godine. Doktorirao je na Ma\u0161inskom fakultetu Univerziteta \u201cD\u017eemal Bijedi\u0107\u201d u Mostaru 1991. godine. Radio je u Brodogradili\u0161tu Split u Splitu (1970-1975), Vazduhoplovnoj industriji Soko u Mostaru (1975-1992), Brodogradili\u0161tu Inkobrod na Kor\u010duli (1993-1998) te Fakultetu elektrotehnike, strojarstva i brodogradnje Sveu\u010dili\u0161ta u Splitu (1998-2014), odakle je u zvanju redovitog profesora u trajnom zvanju oti\u0161ao u mirovinu. Bio je i vanjski suradnik Ma\u0161inskog fakulteta Univerziteta \u201cD\u017eemal Bijedi\u0107\u201d u Mostaru, u vi\u0161e navrata voditelj Katedre za brodogradnju, na stru\u010dnom, dodiplomskom i postdiplomskom studiju Fakulteta elektrotehnike, strojarstva i brodogradnje Sveu\u010dili\u0161ta u Splitu, gostuju\u0107i profesor na Studiju morskog ribarstva i Pomorskom fakultetu Sveu\u010dili\u0161ta u Splitu, te \u201cPolitechnica di Bari\u201d Sveu\u010dili\u0161ta u Bariju (Italija). U tri navrata je bio na stru\u010dnim i znanstvenim specijalizacijama iz suvremenih tehnologija u British Aerospace Industry (Engleska), te Aerospatiale i Institutu CETIM &#8211; Senlis (Francuska). Tijekom dosada\u0161njeg rada objavio je preko 50 znanstvenih i stru\u010dnih radova, prezentiranih na doma\u0107im i me\u0111unarodnim simpozijima te u vi\u0161e poznatih znanstvenih \u010dasopisa. Suautor je i patenta vrlo brzog broda, posebne forme Glisiraju\u0107e krilo sa Farukom Dizdarevi\u0107em, dipl. in\u017e. vazd., a bio je voditelj jednog projekta Ministarstva znanosti obrazovanja i sporta RH, kao i suvoditelj jednog projekta Ministarstva nauke BiH. Bio je tajnik Hrvatske udruge brodograditelja, \u010dlan Hrvatske udruge proizvodnog strojarstva te Me\u0111unarodne udruge brodograditelja SNAME iz USA. U\u0161ao je u Marquisovu knjigu Who is who in the world od 2006. godine, u 23. izdanju. Bavio se sportom i dru\u0161tveno-politi\u010dkim radom. Od igra\u010da F.K. Vele\u017e, preko N.K. Trnje (Zagreb) do R.N.K. Split u nogometu. Jedan je od osniva\u010da Tenis kluba Mostar i Vaterpolo kluba Vele\u017e. Bio je i predsjednik Saveza organizacija za fizi\u010dku kulturu (SOFK-Mostar), bass u klapi Soko \u2013 Mostar, te \u010dlan Mje\u0161ovitih zborova More\u0161ka sa Kor\u010dule, Mirta iz Splita i Sv. Roko iz Lumbarde. Svira gitaru, a u slobodnom vremenu bavio se i slikarstvom, izla\u017eu\u0107i na nekoliko skupnih i samostalnih izlo\u017ebi. Pisao je scenarije i vodio mnoge promocije i sve\u010dane obljetnice u Mostaru, Lumbardi, Kor\u010duli i Splitu. Bio je \u010dlan Vije\u0107a udru\u017eenog rada u Mostaru (1978-1982), \u010dlan Savjeta Univerziteta \u201cD\u017eemal Bijedi\u0107\u201d u Mostaru (1983-1985), zastupnik u Skup\u0161tini BiH (1990- 1996). Bio je i ratni zapovjednik Civilne za\u0161tite u Mostaru (1992), \u010dlan Poglavarstva Op\u0107ine Lumbarda na Kor\u010duli (1997-2001). Za svoj uspje\u0161an rad vi\u0161e je puta nagra\u0111ivan: \u201cPlaketa ACTIM\u201d (Paris &#8211; Francuska), Plaketa V.I. Soko (Mostar), \u201cMajska nagrada\u201d grada Mostara (1983), Plaketa i Zlatna plaketa Hrvatske udruge proizvodnog strojarstva &#8211; Zagreb (2000. i 2003.), \u201cNagrada za \u017eivotno djelo\u201d Op\u0107ine Lumbarda (2009), te nagradu \u201cMimar mira\u201d Centra za mir i multietni\u010dku suradnju grada Mostara (2015).<\/p>\n\n\n\n<hr class=\"wp-block-separator\"\/>\n\n\n\n<p>Sadr\u017eaj knjige:<\/p>\n\n\n\n<ul class=\"wp-block-list\"><li>PRVI DIO: Vrijeme opomena i tmurnih oblaka<\/li><li>DRUGI DIO: Izbor u skup\u0161tinu BiH<\/li><li>TRE\u0106I DIO: Iz moga skup\u0161tinskoga dnevnika<\/li><li>\u010cETVRTI DIO: Te\u0161ko ljeto 1991.<\/li><li>PETI DIO: Kako je sve po\u010delo<\/li><li>\u0160ESTI DIO: A lijepo sam im govorio<\/li><\/ul>\n\n\n\n<ul class=\"wp-block-list\"><li>\u00a0SEDMI DIO: Odabrani zapisi iz mog skup\u0161tinskoga dnevnika<\/li><li>\u00a0OSMI DIO: Obra\u0107anje na gra\u0111anskom opozicijskom forumu<\/li><li>\u00a0\u00a0DEVETI DIO: Osnivanje kluba intelektualaca mostara<\/li><li>\u00a0\u00a0DESETI DIO: Ponovo u Slobodi<\/li><li>\u00a0JEDANAESTI DIO: Igre i \u201cigrice\u201d oko bih<\/li><li>\u00a0DVANESTI DIO: Pretprazni\u010dko vrijeme pred 1992.<\/li><li>TRINAESTI DIO: Vrijeme ru\u0161enja 1992.<\/li><li>\u010cETRNAESTI DIO: Kako je po\u010deo kaos (raspad BiH)<\/li><\/ul>\n\n\n\n<p>Knjigu, po cijeni od 35 KM sa PDV-om, mo\u017eete naru\u010diti putem e mail: unipress@bih.net.ba ili telefonom 00 387 33 550-675 ili na fax: 00 387 33 550-677.<\/p>\n\n\n\n<hr class=\"wp-block-separator\"\/>\n\n\n\n<p>Dodatne informacije:<\/p>\n\n\n\n<p><strong>Mostar \u2013 dolazi rat<\/strong><\/p>\n\n\n\n<p><a href=\"https:\/\/historiografija.ba\/article.php?id=617\">https:\/\/historiografija.ba\/article.php?id=617<\/a><\/p>\n\n\n\n<hr class=\"wp-block-separator\"\/>\n\n\n\n<p><\/p>\n","protected":false},"excerpt":{"rendered":"","protected":false},"author":2,"featured_media":27410,"comment_status":"open","ping_status":"open","sticky":false,"template":"","format":"standard","meta":{"_acf_changed":false,"jetpack_post_was_ever_published":false,"_jetpack_newsletter_access":"","_jetpack_dont_email_post_to_subs":false,"_jetpack_newsletter_tier_id":0,"_jetpack_memberships_contains_paywalled_content":false,"_jetpack_memberships_contains_paid_content":false,"footnotes":"","jetpack_publicize_message":"","jetpack_publicize_feature_enabled":true,"jetpack_social_post_already_shared":true,"jetpack_social_options":{"image_generator_settings":{"template":"highway","default_image_id":0,"font":"","enabled":false},"version":2}},"categories":[8,3],"tags":[],"class_list":["post-27409","post","type-post","status-publish","format-standard","has-post-thumbnail","hentry","category-knjige","category-novosti"],"acf":{"facebook_opis":""},"jetpack_publicize_connections":[],"jetpack_featured_media_url":"https:\/\/i0.wp.com\/historiografija.hr\/wp-content\/uploads\/2021\/09\/Cover-Markovina-Roko.jpg?fit=450%2C690&ssl=1","jetpack_sharing_enabled":true,"jetpack-related-posts":[{"id":52547,"url":"https:\/\/historiografija.hr\/?p=52547","url_meta":{"origin":27409,"position":0},"title":"ISHA Zagreb \u2013 Filmska ve\u010der: Povratak Martina Guerrea","author":"Branimir Jankovi\u0107","date":"20. travnja 2026.","format":false,"excerpt":"Klub studenata povijesti \u2013 ISHA Zagreb poziva Vas na filmsku ve\u010der na kojoj \u0107e se prikazivati \u201ePovratak Martina Guerrea\u201c, povijesna drama iz 1982. godine s radnjom smje\u0161tenom u 16. stolje\u0107u. Radnja je utemeljena na stvarnoj povijesnoj li\u010dnosti Martina Guerrea koji se nakon mnogo godina izbivanja vra\u0107a u svoje rodno mjesto\u2026","rel":"","context":"U &quot;Filmovi i serije&quot;","block_context":{"text":"Filmovi i serije","link":"https:\/\/historiografija.hr\/?cat=13"},"img":{"alt_text":"","src":"https:\/\/i0.wp.com\/historiografija.hr\/wp-content\/uploads\/2026\/04\/M-Guerre.png?fit=702%2C1006&ssl=1&resize=350%2C200","width":350,"height":200,"srcset":"https:\/\/i0.wp.com\/historiografija.hr\/wp-content\/uploads\/2026\/04\/M-Guerre.png?fit=702%2C1006&ssl=1&resize=350%2C200 1x, https:\/\/i0.wp.com\/historiografija.hr\/wp-content\/uploads\/2026\/04\/M-Guerre.png?fit=702%2C1006&ssl=1&resize=525%2C300 1.5x, https:\/\/i0.wp.com\/historiografija.hr\/wp-content\/uploads\/2026\/04\/M-Guerre.png?fit=702%2C1006&ssl=1&resize=700%2C400 2x"},"classes":[]},{"id":52592,"url":"https:\/\/historiografija.hr\/?p=52592","url_meta":{"origin":27409,"position":1},"title":"Predstavljanje knjige &#8220;Turska ku\u0107a u Rijeci&#8221; u Zagrebu","author":"Branimir Jankovi\u0107","date":"22. travnja 2026.","format":false,"excerpt":"U prostorijama Turskog kulturnog centra Yunus Emre u Zagrebu, u utorak 21. travnja 2026. godine, odr\u017eano je sve\u010dano predstavljanje dopunjenog izdanja knjige Turska ku\u0107a u Rijeci, u organizaciji Hrvatsko-turskog dru\u0161tva Rijeka i partnerstvu sa Skupinom prijateljstva Hrvatska-Turska Hrvatskog sabora, Veleposlanstvom Republike Turske u Republici Hrvatskoj te Turskim kulturnim centrom Yunus\u2026","rel":"","context":"U &quot;Novosti&quot;","block_context":{"text":"Novosti","link":"https:\/\/historiografija.hr\/?cat=3"},"img":{"alt_text":"","src":"https:\/\/i0.wp.com\/historiografija.hr\/wp-content\/uploads\/2026\/04\/Turska-kuca-ZG.jpg?fit=1200%2C800&ssl=1&resize=350%2C200","width":350,"height":200,"srcset":"https:\/\/i0.wp.com\/historiografija.hr\/wp-content\/uploads\/2026\/04\/Turska-kuca-ZG.jpg?fit=1200%2C800&ssl=1&resize=350%2C200 1x, https:\/\/i0.wp.com\/historiografija.hr\/wp-content\/uploads\/2026\/04\/Turska-kuca-ZG.jpg?fit=1200%2C800&ssl=1&resize=525%2C300 1.5x, https:\/\/i0.wp.com\/historiografija.hr\/wp-content\/uploads\/2026\/04\/Turska-kuca-ZG.jpg?fit=1200%2C800&ssl=1&resize=700%2C400 2x, https:\/\/i0.wp.com\/historiografija.hr\/wp-content\/uploads\/2026\/04\/Turska-kuca-ZG.jpg?fit=1200%2C800&ssl=1&resize=1050%2C600 3x"},"classes":[]},{"id":52536,"url":"https:\/\/historiografija.hr\/?p=52536","url_meta":{"origin":27409,"position":2},"title":"Kader Abdolah, \u201ePrije nego \u0161to bude kasno\u201c","author":"Branimir Jankovi\u0107","date":"20. travnja 2026.","format":false,"excerpt":"Kader Abdolah \u017eeli se vratiti ku\u0107i. Ali povratak je nemogu\u0107: u Iranu bi bio uhap\u0161en. Pod la\u017enim imenom i s krivotvorenim paso\u0161em ipak uspijeva u\u0107i u domovinu i sti\u017ee do roditeljske ku\u0107e, visoko u planinama. Majka ga ne prepoznaje, otac je mrtav, a sve \u0161to je tra\u017eio izmi\u010de mu pred\u2026","rel":"","context":"U &quot;Novosti&quot;","block_context":{"text":"Novosti","link":"https:\/\/historiografija.hr\/?cat=3"},"img":{"alt_text":"","src":"https:\/\/i0.wp.com\/historiografija.hr\/wp-content\/uploads\/2026\/04\/Prije-nego-sto-bude-kasno.webp?fit=566%2C872&ssl=1&resize=350%2C200","width":350,"height":200,"srcset":"https:\/\/i0.wp.com\/historiografija.hr\/wp-content\/uploads\/2026\/04\/Prije-nego-sto-bude-kasno.webp?fit=566%2C872&ssl=1&resize=350%2C200 1x, https:\/\/i0.wp.com\/historiografija.hr\/wp-content\/uploads\/2026\/04\/Prije-nego-sto-bude-kasno.webp?fit=566%2C872&ssl=1&resize=525%2C300 1.5x"},"classes":[]},{"id":52704,"url":"https:\/\/historiografija.hr\/?p=52704","url_meta":{"origin":27409,"position":3},"title":"Predstavljanje knjige &#8220;Vladimir Vasiljevi\u0107: Moji do\u017eivljaji. Dnevni\u010dki zapisi iz Prvoga svjetskog rata i poratnoga vremena&#8221;","author":"Filip \u0160imunjak","date":"29. travnja 2026.","format":false,"excerpt":"Doga\u0111anja ovogodi\u0161njega Festivala povijesti Kliofest zapo\u010dinjemo ve\u0107 i prije samoga slu\u017ebenog otvaranja, predstavljanjem knjige \u201eMoji do\u017eivljaji. Dnevni\u010dki zapisi iz Prvoga svjetskog rata i poratnoga vremena\u201d Vladimira Vasiljevi\u0107a, koju su priredili Karlo Rukavina i Damir Agi\u010di\u0107. Pozivamo Vas na predstavljanje koje \u0107e se odr\u017eati u ponedjeljak 4. svibnja, s po\u010detkom u\u2026","rel":"","context":"U &quot;Knjige&quot;","block_context":{"text":"Knjige","link":"https:\/\/historiografija.hr\/?cat=8"},"img":{"alt_text":"","src":"https:\/\/i0.wp.com\/historiografija.hr\/wp-content\/uploads\/2026\/04\/Naslovna-V.-Vasiljevic.webp?fit=1200%2C600&ssl=1&resize=350%2C200","width":350,"height":200,"srcset":"https:\/\/i0.wp.com\/historiografija.hr\/wp-content\/uploads\/2026\/04\/Naslovna-V.-Vasiljevic.webp?fit=1200%2C600&ssl=1&resize=350%2C200 1x, https:\/\/i0.wp.com\/historiografija.hr\/wp-content\/uploads\/2026\/04\/Naslovna-V.-Vasiljevic.webp?fit=1200%2C600&ssl=1&resize=525%2C300 1.5x, https:\/\/i0.wp.com\/historiografija.hr\/wp-content\/uploads\/2026\/04\/Naslovna-V.-Vasiljevic.webp?fit=1200%2C600&ssl=1&resize=700%2C400 2x, https:\/\/i0.wp.com\/historiografija.hr\/wp-content\/uploads\/2026\/04\/Naslovna-V.-Vasiljevic.webp?fit=1200%2C600&ssl=1&resize=1050%2C600 3x"},"classes":[]},{"id":52528,"url":"https:\/\/historiografija.hr\/?p=52528","url_meta":{"origin":27409,"position":4},"title":"[Promocija knjige] Banja Luka u ratu: Etnopolitika i svakodnevica (1990\u20131995) (ActiveLab, YugoLab)","author":"Branimir Jankovi\u0107","date":"17. travnja 2026.","format":false,"excerpt":"Institut za filozofiju i dru\u0161tvenu teoriju i O\u0161tra Nula organizuju promociju knjige Banja Luka u ratu: Etnopolitika i svakodnevica (1990\u20131995) autorke Armine Galija\u0161, koja \u0107e se odr\u017eati 20. aprila 2026. u 12.00 sati u prostorijama Instituta (Kraljice Natalije 45, Beograd). Re\u010d je o prvom nau\u010dno utemeljenom i sistematskom radu koji\u2026","rel":"","context":"U &quot;Novosti&quot;","block_context":{"text":"Novosti","link":"https:\/\/historiografija.hr\/?cat=3"},"img":{"alt_text":"","src":"https:\/\/i0.wp.com\/historiografija.hr\/wp-content\/uploads\/2026\/04\/20-april-RS.jpg?fit=1200%2C675&ssl=1&resize=350%2C200","width":350,"height":200,"srcset":"https:\/\/i0.wp.com\/historiografija.hr\/wp-content\/uploads\/2026\/04\/20-april-RS.jpg?fit=1200%2C675&ssl=1&resize=350%2C200 1x, https:\/\/i0.wp.com\/historiografija.hr\/wp-content\/uploads\/2026\/04\/20-april-RS.jpg?fit=1200%2C675&ssl=1&resize=525%2C300 1.5x, https:\/\/i0.wp.com\/historiografija.hr\/wp-content\/uploads\/2026\/04\/20-april-RS.jpg?fit=1200%2C675&ssl=1&resize=700%2C400 2x, https:\/\/i0.wp.com\/historiografija.hr\/wp-content\/uploads\/2026\/04\/20-april-RS.jpg?fit=1200%2C675&ssl=1&resize=1050%2C600 3x"},"classes":[]},{"id":52499,"url":"https:\/\/historiografija.hr\/?p=52499","url_meta":{"origin":27409,"position":5},"title":"POTPISAN UGOVOR O ZNANSTVENO-ISTRA\u017dIVA\u010cKOJ SURADNJI: PROJEKT \u201eTEMELJI HRVATSKE SAMOSTALNOSTI\u201d","author":"Branimir Jankovi\u0107","date":"17. travnja 2026.","format":false,"excerpt":"Hrvatski institut za povijest, Sveu\u010dili\u0161te obrane i sigurnosti \u201eDr. Franjo Tu\u0111man\u201d, Institut dru\u0161tvenih znanosti Ivo Pilar i Hrvatski dr\u017eavni arhiv\u00a0potpisali su 23. o\u017eujka 2026.\u00a0Ugovor o znanstveno-istra\u017eiva\u010dkoj suradnji s ciljem provedbe projekta \u201eTemelji hrvatske samostalnosti\u201d. Tim projektom obuhva\u0107a se istra\u017eivanje arhivskoga gradiva, priprema znanstvenih publikacija, digitalizacija i javna prezentacija rezultata istra\u017eivanja\u2026","rel":"","context":"U &quot;Novosti&quot;","block_context":{"text":"Novosti","link":"https:\/\/historiografija.hr\/?cat=3"},"img":{"alt_text":"","src":"https:\/\/i0.wp.com\/historiografija.hr\/wp-content\/uploads\/2026\/04\/THS_sporazum.jpg?fit=1200%2C583&ssl=1&resize=350%2C200","width":350,"height":200,"srcset":"https:\/\/i0.wp.com\/historiografija.hr\/wp-content\/uploads\/2026\/04\/THS_sporazum.jpg?fit=1200%2C583&ssl=1&resize=350%2C200 1x, https:\/\/i0.wp.com\/historiografija.hr\/wp-content\/uploads\/2026\/04\/THS_sporazum.jpg?fit=1200%2C583&ssl=1&resize=525%2C300 1.5x, https:\/\/i0.wp.com\/historiografija.hr\/wp-content\/uploads\/2026\/04\/THS_sporazum.jpg?fit=1200%2C583&ssl=1&resize=700%2C400 2x, https:\/\/i0.wp.com\/historiografija.hr\/wp-content\/uploads\/2026\/04\/THS_sporazum.jpg?fit=1200%2C583&ssl=1&resize=1050%2C600 3x"},"classes":[]}],"_links":{"self":[{"href":"https:\/\/historiografija.hr\/index.php?rest_route=\/wp\/v2\/posts\/27409","targetHints":{"allow":["GET"]}}],"collection":[{"href":"https:\/\/historiografija.hr\/index.php?rest_route=\/wp\/v2\/posts"}],"about":[{"href":"https:\/\/historiografija.hr\/index.php?rest_route=\/wp\/v2\/types\/post"}],"author":[{"embeddable":true,"href":"https:\/\/historiografija.hr\/index.php?rest_route=\/wp\/v2\/users\/2"}],"replies":[{"embeddable":true,"href":"https:\/\/historiografija.hr\/index.php?rest_route=%2Fwp%2Fv2%2Fcomments&post=27409"}],"version-history":[{"count":4,"href":"https:\/\/historiografija.hr\/index.php?rest_route=\/wp\/v2\/posts\/27409\/revisions"}],"predecessor-version":[{"id":27414,"href":"https:\/\/historiografija.hr\/index.php?rest_route=\/wp\/v2\/posts\/27409\/revisions\/27414"}],"wp:featuredmedia":[{"embeddable":true,"href":"https:\/\/historiografija.hr\/index.php?rest_route=\/wp\/v2\/media\/27410"}],"wp:attachment":[{"href":"https:\/\/historiografija.hr\/index.php?rest_route=%2Fwp%2Fv2%2Fmedia&parent=27409"}],"wp:term":[{"taxonomy":"category","embeddable":true,"href":"https:\/\/historiografija.hr\/index.php?rest_route=%2Fwp%2Fv2%2Fcategories&post=27409"},{"taxonomy":"post_tag","embeddable":true,"href":"https:\/\/historiografija.hr\/index.php?rest_route=%2Fwp%2Fv2%2Ftags&post=27409"}],"curies":[{"name":"wp","href":"https:\/\/api.w.org\/{rel}","templated":true}]}}