{"id":27363,"date":"2021-09-10T14:55:37","date_gmt":"2021-09-10T14:55:37","guid":{"rendered":"http:\/\/historiografija.hr\/?p=27363"},"modified":"2021-09-10T14:55:37","modified_gmt":"2021-09-10T14:55:37","slug":"5-history-film-festival","status":"publish","type":"post","link":"https:\/\/historiografija.hr\/?p=27363","title":{"rendered":"5. History Film Festival"},"content":{"rendered":"\n<p>Peti History Film Festival \u2013 me\u0111unarodni festival povijesnog dokumentarnog filma \u2013 odr\u017eavat \u0107e se od 14. do 18. rujna 2021. u rije\u010dkom Art-kinu.\u00a0<\/p>\n\n\n\n<hr class=\"wp-block-separator\"\/>\n\n\n\n<p><strong>Uvodno slovo<\/strong><\/p>\n\n\n\n<p>Po\u0161tovane filmofilke i filmofili,<\/p>\n\n\n\n<p><br>pred Vama je peto izdanje History Film Festivala, jo\u0161 uvijek jedinog festivala u svijetu koji isklju\u010divo prikazuje i vrednuje povijesni dokumentarni film. U natjecateljsku kategoriju pristigla su nam 123 filma iz 40 zemalja svijeta, a odabrao sam 23 filma koji \u0107e konkurirati za festivalske nagrade. Odluke o tome donijet \u0107e me\u0111unarodni \u017eiri kojim ove godine predsjeda ugledni hrvatski filmski i kazali\u0161ni redatelj Vinko Bre\u0161an.<br><br>Ono \u0161to me je izuzetno razveselilo jest \u010dinjenica da \u0107emo ove godine gledati odli\u010dne i zanimljive filmove koji se bave povijesnim temama i zbivanjima nakon Drugoga svjetskoga rata. Iako strahote toga rata nikako ne treba zaboraviti, mislim da se moramo okrenuti pri\u010dama o ljudima i doga\u0111ajima bli\u017eim na\u0161oj svakodnevici kako bismo bolje razumjeli svijet oko sebe.<br><br>Pri\u010de ovogodi\u0161njih filmova vodit \u0107e Vas od u\u017easa Korejskog rata, napetosti Hladnoga rata, krvavih politi\u010dkih i vojnih igara oko Afganistana i Iraka, pojave ISIL-a do rasnih sukoba i globalisti\u010dkih pojava. Gledaju\u0107i te filmove produbit \u0107ete svoja saznanja, pojasniti ljude i doga\u0111aje obavijene medijskim zastorima te na koncu spoznati uzroke i posljedice njihovih pojava.<\/p>\n\n\n\n<p>Dio ovogodi\u0161njeg natjecateljskog programa donosi i pri\u010de o poznatim ljudima kojima smo se vi\u0161e ili manje divili, voljeli ih gledati i slu\u0161ati, a sada \u0107e nam autori tih filmova rasvijetliti njihove osobnosti i \u017eivote. Legendarni Louis Armstrong, kultni sarajevski bend Indexi, glumci Louis de Fun\u00e8s i Oleg Vidov, redatelj Elia Kazan i mnogi drugi podsjetit \u0107e Vas na njihove pjesme i ostvarenja kojima smo se divili.<br><br>Ove se godine obilje\u017eava tridesetogodi\u0161njica po\u010detka Domovinskog rata, najzna\u010dajnijeg doga\u0111aja u povijesti hrvatskoga naroda, jer nam je pobjeda u tom nametnutom ratu donijela samostalnu i slobodnu dr\u017eavu kojoj su te\u017eile generacije Hrvata i njenih stanovnika. Tom smo doga\u0111aju posvetili jedan poseban festivalski program, budu\u0107i da smo \u010dvrsto uvjereni kako je kultura sje\u0107anja i pam\u0107enja klju\u010dna stvar za izgradnju odnosa prema pro\u0161losti i politi\u010dkom identitetu naroda i dr\u017eave. Program 18 odabranih dokumentaraca prikazivat \u0107e se na velikom LED ekranu (7 x 3 metra), postavljenom na Pavlinskom trgu u samom srcu Rijeke, tijekom dva dana. Vjerujem da \u0107e brojni Rije\u010dani i namjernici zastati i pogledati djela hrvatskih autora u kojima su ispri\u010dane pri\u010de o \u017ertvi, hrabrosti i zanosu na\u0161ega naroda.<\/p>\n\n\n\n<p>Europska unija proglasila je ovu godinu Europskom godinom \u017eeljeznice, pa smo osmisli jedan poseban festivalski program posve\u0107en temi \u017eeljeznice. U legendarnoj \u017eeljezni\u010dkoj postaji Matulji, poznatijoj kao \u0160tacijon, prikazivat \u0107e se filmovi o vlakovima i prugama, filmolog Silvestar Mileta pri\u010dat \u0107e nam o povijesnim ispreplitanjima filma i \u017eeljeznice , a u galeriji Kortil bit \u0107e postavljena izlo\u017eba Hrvatskog \u017eeljezni\u010dkog muzeja.<br><br>\u017delim Vam dobrodo\u0161licu i vjerujem da \u0107ete u\u017eivati u na\u0161em programu !<\/p>\n\n\n\n<p>BERNARDIN MODRI\u0106,<\/p>\n\n\n\n<p>direktor festivala<\/p>\n\n\n\n<hr class=\"wp-block-separator\"\/>\n\n\n\n<p>Izvor, program i dodatne informacije:<\/p>\n\n\n\n<figure class=\"wp-block-embed-wordpress wp-block-embed is-type-wp-embed is-provider-history-film-festival\"><div class=\"wp-block-embed__wrapper\">\n<blockquote class=\"wp-embedded-content\" data-secret=\"aQ3GKeq2fq\"><a href=\"http:\/\/historyfilmfestival.com\/web\/\">Home<\/a><\/blockquote><iframe loading=\"lazy\" class=\"wp-embedded-content\" sandbox=\"allow-scripts\" security=\"restricted\" style=\"position: absolute; clip: rect(1px, 1px, 1px, 1px);\" title=\"&#8220;Home&#8221; &#8212; History Film Festival\" src=\"http:\/\/historyfilmfestival.com\/web\/embed\/#?secret=aQ3GKeq2fq\" data-secret=\"aQ3GKeq2fq\" width=\"600\" height=\"338\" frameborder=\"0\" marginwidth=\"0\" marginheight=\"0\" scrolling=\"no\"><\/iframe>\n<\/div><\/figure>\n\n\n\n<hr class=\"wp-block-separator\"\/>\n","protected":false},"excerpt":{"rendered":"","protected":false},"author":2,"featured_media":27364,"comment_status":"open","ping_status":"open","sticky":false,"template":"","format":"standard","meta":{"_acf_changed":false,"jetpack_post_was_ever_published":false,"_jetpack_newsletter_access":"","_jetpack_dont_email_post_to_subs":false,"_jetpack_newsletter_tier_id":0,"_jetpack_memberships_contains_paywalled_content":false,"_jetpack_memberships_contains_paid_content":false,"footnotes":"","jetpack_publicize_message":"","jetpack_publicize_feature_enabled":true,"jetpack_social_post_already_shared":true,"jetpack_social_options":{"image_generator_settings":{"template":"highway","default_image_id":0,"font":"","enabled":false},"version":2}},"categories":[13,3],"tags":[],"class_list":["post-27363","post","type-post","status-publish","format-standard","has-post-thumbnail","hentry","category-filmovi-i-serije","category-novosti"],"acf":{"facebook_opis":""},"jetpack_publicize_connections":[],"jetpack_featured_media_url":"https:\/\/i0.wp.com\/historiografija.hr\/wp-content\/uploads\/2021\/09\/5.-History-Film.jpg?fit=750%2C500&ssl=1","jetpack_sharing_enabled":true,"jetpack-related-posts":[],"_links":{"self":[{"href":"https:\/\/historiografija.hr\/index.php?rest_route=\/wp\/v2\/posts\/27363","targetHints":{"allow":["GET"]}}],"collection":[{"href":"https:\/\/historiografija.hr\/index.php?rest_route=\/wp\/v2\/posts"}],"about":[{"href":"https:\/\/historiografija.hr\/index.php?rest_route=\/wp\/v2\/types\/post"}],"author":[{"embeddable":true,"href":"https:\/\/historiografija.hr\/index.php?rest_route=\/wp\/v2\/users\/2"}],"replies":[{"embeddable":true,"href":"https:\/\/historiografija.hr\/index.php?rest_route=%2Fwp%2Fv2%2Fcomments&post=27363"}],"version-history":[{"count":1,"href":"https:\/\/historiografija.hr\/index.php?rest_route=\/wp\/v2\/posts\/27363\/revisions"}],"predecessor-version":[{"id":27365,"href":"https:\/\/historiografija.hr\/index.php?rest_route=\/wp\/v2\/posts\/27363\/revisions\/27365"}],"wp:featuredmedia":[{"embeddable":true,"href":"https:\/\/historiografija.hr\/index.php?rest_route=\/wp\/v2\/media\/27364"}],"wp:attachment":[{"href":"https:\/\/historiografija.hr\/index.php?rest_route=%2Fwp%2Fv2%2Fmedia&parent=27363"}],"wp:term":[{"taxonomy":"category","embeddable":true,"href":"https:\/\/historiografija.hr\/index.php?rest_route=%2Fwp%2Fv2%2Fcategories&post=27363"},{"taxonomy":"post_tag","embeddable":true,"href":"https:\/\/historiografija.hr\/index.php?rest_route=%2Fwp%2Fv2%2Ftags&post=27363"}],"curies":[{"name":"wp","href":"https:\/\/api.w.org\/{rel}","templated":true}]}}