{"id":27353,"date":"2021-09-10T13:00:18","date_gmt":"2021-09-10T13:00:18","guid":{"rendered":"http:\/\/historiografija.hr\/?p=27353"},"modified":"2021-09-10T13:01:02","modified_gmt":"2021-09-10T13:01:02","slug":"izlozba-spone-zagrebacka-likovna-akademija-i-slovenski-umjetnici-izmedu-dvaju-ratova-u-galeriji-bozidar-jakac-u-kostanjevici-na-krki-od-10-rujna-2021-do-13-vel","status":"publish","type":"post","link":"https:\/\/historiografija.hr\/?p=27353","title":{"rendered":"Izlo\u017eba \u201cSpone \u2013 Zagreba\u010dka likovna akademija i slovenski umjetnici izme\u0111u dvaju ratova\u201d u Kostanjevici na Krki"},"content":{"rendered":"\n<p><strong>Izlo\u017eba \u201cSpone \u2013 Zagreba\u010dka likovna akademija i slovenski umjetnici izme\u0111u dvaju ratova\u201d u Galeriji Bo\u017eidar Jakac u Kostanjevici na Krki \u2013 od 10. rujna 2021. do 13. velja\u010de 2022.<\/strong><\/p>\n\n\n\n<p>Nakon premijernog predstavljanja u Nacionalnom muzeju moderne umjetnosti u Zagrebu ovog prolje\u0107a, me\u0111unarodna izlo\u017eba Spone \u2013 Zagreba\u010dka likovna akademija i slovenski umjetnici izme\u0111u dvaju ratova, bit \u0107e prezentirana i slovenskoj kulturnoj javnosti u Galeriji Bo\u017eidara Jakca u Kostanjevici na Krki, od 10. rujna 2021. do 13. velja\u010de 2022.<br>Izlo\u017ebu u autorskoj koncepciji dr.sc. Aste Vre\u010dko i muzejske savjetnice NMMU Dajane Vlaisavljevi\u0107, koja \u0107e se odr\u017eati pod po\u010dasnim pokroviteljstvom predsjednika Republike Slovenije Boruta Pahora, otvorit \u0107e Njegova Ekscelencija mr. sc. Boris Grigi\u0107, veleposlanik Republike Hrvatske u Republici Sloveniji.<\/p>\n\n\n\n<p>Na izlo\u017ebi \u0107e biti predstavljeni radovi i arhivska gra\u0111a iz zbirki: Galerija Bo\u017eidara Jakca, Kostanjevica na Krki, Nacionalni muzej moderne umjetnosti, Zagreb, Akademija likovnih umjetnosti, Zagreb, Umjetni\u010dka galerija Maribor, Moderna galerija, Ljubljana, Gradski muzej Ljubljana (MGML), Narodna galerija, Ljubljana, Zbirka Krka, r. d., Novo mesto, Lah Contemporary, Narodni muzej, Beograd, Muzej novije povijesti Slovenije, Ljubljana, Pokrajinski muzej Ptuj Ormo\u017e, Dolenjski muzej Novo mesto, Posavski muzej Bre\u017eice, Galerija Miha Male\u0161 (MMK), Kamnik, Grafi\u010dki kabinet HAZU , Zagreb, Muzej novije povijesti Celje Verlag Fritz Rasch, Cilli: \u2026 Franc Su\u0161nik, Ravne na Koro\u0161kem, privatne zbirke.<\/p>\n\n\n\n<p>Konferencija za medije kojoj \u0107e prisustvovati autorice izlo\u017ebe i predstavnici institucija, odr\u017eat \u0107e se u petak. 10. rujna 2021., u 11 sati, u Galeriji Bo\u017eidar Jakac.<\/p>\n\n\n\n<p>Za prisustvovanje konferenciji za medije kao i otvorenju izlo\u017ebe u Galeriji Bo\u017eidar Jakac, obavezno je imati va\u017ee\u0107u Covid potvrdu ( o preboljenoj bolesti, potpunom cijepljenu ili negativan test ne stariji od 48 sati) koja \u0107e se kontrolirati pri ulasku.<\/p>\n\n\n\n<p><strong>Organizatori izlo\u017ebe:<\/strong><br>Galerija Bo\u017eidar Jakac Kostanjevica na Krki<br>Nacionalni muzej moderne umjetnosti, Zagreb<br>Akademija likovnih umjetnosti, Zagreb<\/p>\n\n\n\n<p><strong>Autorice izlo\u017ebe:<\/strong><br>Asta Vre\u010dko<br>Dajana Vlaisavljevi\u0107<\/p>\n\n\n\n<p><strong>Tekstovi u katalogu:<\/strong><br>Branko Franceschi<br>Goran Milovanovi\u0107<br>Dajana Vlaisavljevi\u0107<br>Ariana Novina<br>Asta Vre\u010dko<br>Breda Ilich Klan\u010dnik<br>mag. Gojko Zupan<\/p>\n\n\n\n<p><strong>Grafi\u010dki dizajn:<\/strong><br>Matic Tr\u0161ar<\/p>\n\n\n\n<p><strong>Najava Galerije Bo\u017eidar Jakac<\/strong><\/p>\n\n\n\n<p>Galerija Bo\u017eidar Jakac<br>Grajska cesta 45<br>8311 Kostanjevica na Krki<br>www.galerija-bj.si<\/p>\n\n\n\n<p>Vezi. Zagreb\u0161ka likovna akademija in slovenski umetniki med obema vojnama<br>Mednarodna razstava<br>10 September 2021\u201313. Februar 2022, Galerija Bo\u017eidar Jakac, Kostanjevica na Krki<\/p>\n\n\n\n<p>\u201ePred vojno sem \u017eelel priti v Zagreb, se vpisati na akademijo, \u0161tudirati slikarstvo. Tak\u0161nih \u0161ol v Sloveniji takrat \u0161e nismo imeli. Pomislil sem na Dunaj, a v Zagrebu je bil Me\u0161trovi\u0107, tam sta u\u010dila Babi\u0107 in Krizman, kaj ve\u010d bi mladeni\u010d potreboval? Zagreb je imel \u010dudovito gledali\u0161\u010de in v njem \u0161tevilne Slovence, igralce in pevce \u2026 in to je bil pokazatelj, da ste doma, med svojimi, z lahkoto smo se zna\u0161li, hitro se nau\u010dili jezika, do nas ni bilo predsodkov, ravno nasprotno \u2026 bili smo lepo sprejeti. \u02bbVredni Slovenci\u02bc \u2212 tako so rekli. Hodili smo na velike in pomembne razstave, kakr\u0161nih v bli\u017enji okolici ni ve\u010d bilo.\u201c (Zoran Mu\u0161i\u010d, 1991)<\/p>\n\n\n\n<p>Razstava Vezi. Zagreb\u0161ka likovna akademija in slovenski umetniki med obema vojnama predstavlja umetnike, ki so \u0161tudirali v Zagrebu, ter njihova dela do 2. svetovne vojne. Predstavlja vplive, povezave in sodelovanja med slovenskimi in hrva\u0161kimi umetniki in umetnicami ter odpira nekatera osrednja umetnostna in dru\u017ebena vpra\u0161anja, s katerimi so se ukvarjali v tem \u010dasu \u2013 od nacionalnega likovnega izraza do anga\u017eirane umetnosti. Avtorici razstave sta dr. Asta Vre\u010dko in Dajana Vlaisavljevi\u0107. Razstava je nastala v sodelovanju treh slovenskih in hrva\u0161kih ustanov: Galerije Bo\u017eidar Jakac v Kostanjevici na Krki, Nacionalnega muzeja moderne umetnosti v Zagrebu in Akademije likovnih umetnosti v Zagrebu.<\/p>\n\n\n\n<p>Zagreb je bil v obdobju med obema vojnama \u017eivahna metropola, kulturno in izobra\u017eevalno sredi\u0161\u010de z edino likovno akademijo v Kraljevini Jugoslaviji, ki jo je med letoma 1923 in 1944 pa jo je vodil Ivan Me\u0161trovi\u0107. Na njej so v tem \u010dasu \u0161tudirali \u0161tevilni umetniki iz celotne kraljevine, med njimi tudi skoraj sto slovenskih umetnic in umetnikov, na primer: Zoran Mu\u0161i\u010d, Gabrijel Stupica, Zoran Didek, France Miheli\u010d, Miha Male\u0161, France Gor\u0161e, Nikolaj Pirnat, Marij Pregelj, Maksim Sedej, Mira Pregelj, Fran\u010di\u0161ek Smerdu, Boris in Zdenko Kalin, Bara Remec ter \u0161tevilni drugi, ki so delovali kot slikarji, kiparji, scenografi, likovni pedagogi, kulturni delavci in teoretiki ter tudi kot prvi profesorji Akademije likovnih umetnosti v Ljubljani, ustanovljene leta 1945. Med umetniki zagreb\u0161ke akademije so se spletla trajna prijateljstva, nekdanji profesorji in \u0161tudentje so postali kolegi, nekdanji so\u0161olci sodelavci, umetniki in umetnice so skupaj razstavljali, delovali v dru\u0161tvih, zasedali v odborih in sooblikovali tako umetnost 20. stoletja.<\/p>\n\n\n\n<p>Kustosinji dr. Asta Vre\u010dko (Galerija Bo\u017eidar Jakac) in Dajana Vlaisavljevi\u0107 (Nacionalni muzej moderne umetnosti) sta na razstavo umestili ve\u010d kot sto trideset slikarskih in kiparskih del ter grafik najbolj znanih slovenskih umetnikov ter veliko arhivskega gradiva iz \u010dasa akademije. Nekatera dela so bila skupaj razstavljena \u017ee v \u010dasu pred vojno, nekatera bodo v Sloveniji prvi\u010d na ogled. Prav tako bo mo\u017eno prvi\u010d po vojni videti nekatera dela iz zasebnih zbirk. Umetni\u0161ka dela slovenskih avtorjev in avtoric bodo predstavljena skupaj z deli njihovih hrva\u0161kih kolegov Antuna Motike, Otona Postru\u017enika, Marijana Detonija, Frana \u0160imunovi\u0107a, Slavka Kopa\u010da in profesorjev Ljube Babi\u0107a, Vladimira Beci\u0107a, Ivana Me\u0161trovi\u0107a, Krste Hegedu\u0161i\u0107a, Marina Tartaglie in drugih. Poleg del iz zbirk Nacionalnega muzeja moderne umetnosti iz Zagreba, ki se bo predstavila s skoraj petdesetimi deli in Galerije Bo\u017eidar Jakac bodo razstavljena dela in dokumentarno gradivo \u0161e iz Narodnega muzeja v Beogradu ter petnajstih slovenskih in hrva\u0161kih javnih institucij, \u0161tevilnih zasebnih zbirk in arhiva Akademije likovnih umetnosti v Zagrebu.<\/p>\n\n\n\n<p>Ob razstavi bo iz\u0161la dvojezi\u010dna slovensko-angle\u0161ka monografija z besedili direktorja Galerije Bo\u017eidar Jakac Gorana Milovanovi\u0107a in direktorja Nacionalnega muzeja moderne umetnosti (Moderne galerije) Branka Franceschija ter avtoric in avtorja dr. Aste Vre\u010dko, muzejske svetnice Dajane Vlaisavljevi\u0107, Adriane Novina, vodje arhiva Akademije likovnih umetnosti v Zagrebu, Brede Ilich Klan\u010dnik, upokojene muzejske svetnice Moderne galerije v Ljubljani in umetnostnega zgodovinarja mag. Gojka Zupana. Katalog je oblikoval Matic Tr\u0161ar.<\/p>\n\n\n\n<p>Razstava bo na ogled od 9. septembra 2021 do 13. februarja 2022. V druga\u010dni izvedbi je bila razstava spomladi v Nacionalnem muzeju moderne umetnosti v Zagrebu. S tem projektom Galerija Bo\u017eidar Jakac nadaljuje mednarodna sodelovanja na podro\u010dju raziskovanja umetnosti med obema vojnama, ki jih je za\u010dela z razstavo Obrazi ekspresionizma (1905\u20131925), ki je gostovala v muzeju GASK v Kutni Gori na \u010ce\u0161kem, in jih bo v prihodnjih letih nadaljevala z obdobjem nove stvarnosti.<\/p>\n\n\n\n<p>\u010castni pokrovitelj mednarodne razstave je predsednik Republike Slovenije Borut Pahor.<br>Otvoritev razstave bo v petek, 10. septembra 2021 ob 19.00. Razstavo bo odprl Njegova Ekscelenca mr. sc. Boris Grigi\u0107, veleposlanik Republike Hrva\u0161ke v Republiki Sloveniji.<\/p>\n\n\n\n<p>Novinarska konferenca z avtorji razstave in predstavniki institucij bo v petek, 10. septembra 2021, ob 11.00.<\/p>\n\n\n\n<p>Avtorici razstave:<br>Asta Vre\u010dko<br>Dajana Vlaisavljevi\u0107<\/p>\n\n\n\n<p>Besedila v katalogu:<br>Branko Franceschi<br>Goran Milovanovi\u0107<br>Dajana Vlaisavljevi\u0107<br>Ariana Novina<br>Asta Vre\u010dko<br>Breda Ilich Klan\u010dnik<br>mag. Gojko Zupan<\/p>\n\n\n\n<p>Grafi\u010dno oblkovanje:<br>Matic Tr\u0161ar<\/p>\n\n\n\n<p>Na razstavi bodo dela in arhivsko gradivo iz zbrik:<br>Galerija Bo\u017eidar Jakac, Kostanjevica na Krki, Nacionalni muzej moderne umjetnosti, Zagreb, Akademija likovnih umjetnosti, Zagreb, Umetnostna galerija Maribor, Moderna galerija, Ljubljana, Mestni muzej Ljubljana (MGML), Narodna galerija, Ljubljana, Zbirka Krka, d. d., Novo mesto, Lah Contemporary, Narodni muzej, Beograd, Muzej novej\u0161e zgodovine Slovenije, Ljubljana, Pokrajinski muzej Ptuj Ormo\u017e, Dolenjski muzej Novo mesto, Posavski muzej Bre\u017eice, Galerija Miha Male\u0161a (MMK), Kamnik, HAZU Kabinet grafike, Zagreb, Muzej novej\u0161e zgodovine Celje, Medob\u010dinska splo\u0161na knji\u017enica \u017dalec, Koro\u0161ka osrednja knji\u017enica dr. Franca Su\u0161nika, Ravne na Koro\u0161kem, zasebne zbirke \/ private collections.<\/p>\n\n\n\n<p>Odnosi z javnostmi:<br>Maja Bahar<br>maja.bahar@galerija-bj.si<\/p>\n\n\n\n<hr class=\"wp-block-separator\"\/>\n\n\n\n<p>Izvor: <\/p>\n\n\n\n<p><a href=\"https:\/\/www.moderna-galerija.hr\/dogadjanja\/izlozba-spone-akademija-likovnih-umjetnosti-u-zagrebu-i-slovenski-umjetnici-izmedu-dva-svjetska-rata\/\">https:\/\/www.moderna-galerija.hr\/dogadjanja\/izlozba-spone-akademija-likovnih-umjetnosti-u-zagrebu-i-slovenski-umjetnici-izmedu-dva-svjetska-rata\/<\/a><\/p>\n\n\n\n<hr class=\"wp-block-separator\"\/>\n","protected":false},"excerpt":{"rendered":"","protected":false},"author":2,"featured_media":27354,"comment_status":"open","ping_status":"open","sticky":false,"template":"","format":"standard","meta":{"_acf_changed":false,"jetpack_post_was_ever_published":false,"_jetpack_newsletter_access":"","_jetpack_dont_email_post_to_subs":false,"_jetpack_newsletter_tier_id":0,"_jetpack_memberships_contains_paywalled_content":false,"_jetpack_memberships_contains_paid_content":false,"footnotes":"","jetpack_publicize_message":"","jetpack_publicize_feature_enabled":true,"jetpack_social_post_already_shared":true,"jetpack_social_options":{"image_generator_settings":{"template":"highway","default_image_id":0,"font":"","enabled":false},"version":2}},"categories":[10,3],"tags":[],"class_list":["post-27353","post","type-post","status-publish","format-standard","has-post-thumbnail","hentry","category-izlozbe","category-novosti"],"acf":{"facebook_opis":""},"jetpack_publicize_connections":[],"jetpack_featured_media_url":"https:\/\/i0.wp.com\/historiografija.hr\/wp-content\/uploads\/2021\/09\/Spone.jpg?fit=953%2C1165&ssl=1","jetpack_sharing_enabled":true,"jetpack-related-posts":[],"_links":{"self":[{"href":"https:\/\/historiografija.hr\/index.php?rest_route=\/wp\/v2\/posts\/27353","targetHints":{"allow":["GET"]}}],"collection":[{"href":"https:\/\/historiografija.hr\/index.php?rest_route=\/wp\/v2\/posts"}],"about":[{"href":"https:\/\/historiografija.hr\/index.php?rest_route=\/wp\/v2\/types\/post"}],"author":[{"embeddable":true,"href":"https:\/\/historiografija.hr\/index.php?rest_route=\/wp\/v2\/users\/2"}],"replies":[{"embeddable":true,"href":"https:\/\/historiografija.hr\/index.php?rest_route=%2Fwp%2Fv2%2Fcomments&post=27353"}],"version-history":[{"count":2,"href":"https:\/\/historiografija.hr\/index.php?rest_route=\/wp\/v2\/posts\/27353\/revisions"}],"predecessor-version":[{"id":27356,"href":"https:\/\/historiografija.hr\/index.php?rest_route=\/wp\/v2\/posts\/27353\/revisions\/27356"}],"wp:featuredmedia":[{"embeddable":true,"href":"https:\/\/historiografija.hr\/index.php?rest_route=\/wp\/v2\/media\/27354"}],"wp:attachment":[{"href":"https:\/\/historiografija.hr\/index.php?rest_route=%2Fwp%2Fv2%2Fmedia&parent=27353"}],"wp:term":[{"taxonomy":"category","embeddable":true,"href":"https:\/\/historiografija.hr\/index.php?rest_route=%2Fwp%2Fv2%2Fcategories&post=27353"},{"taxonomy":"post_tag","embeddable":true,"href":"https:\/\/historiografija.hr\/index.php?rest_route=%2Fwp%2Fv2%2Ftags&post=27353"}],"curies":[{"name":"wp","href":"https:\/\/api.w.org\/{rel}","templated":true}]}}