{"id":2735,"date":"2016-12-15T23:00:05","date_gmt":"2016-12-15T23:00:05","guid":{"rendered":"http:\/\/historiografija.hr\/?p=2735"},"modified":"2022-09-19T13:35:33","modified_gmt":"2022-09-19T13:35:33","slug":"predstava-atlas-komunizma-u-berlinu-pred-100-obljetnicu-oktobarske-revolucije","status":"publish","type":"post","link":"https:\/\/historiografija.hr\/?p=2735","title":{"rendered":"Predstava &#8216;Atlas komunizma&#8217; u Berlinu pred 100. obljetnicu Oktobarske revolucije"},"content":{"rendered":"<p class=\"MsoNormal\" align=\"justify\"><b style=\"mso-bidi-font-weight:normal\">Maxim Gorki Theater<\/b><\/p>\n<p class=\"MsoNormal\" align=\"justify\">Berlin<\/p>\n<p class=\"MsoNormal\" align=\"justify\">&nbsp;<\/p>\n<p class=\"MsoNormal\" align=\"justify\">http:\/\/www.gorki.de\/en\/atlas-des-kommunismus<\/p>\n<p class=\"MsoNormal\" align=\"justify\">&nbsp;<\/p>\n<p class=\"MsoNormal\" align=\"justify\"><b style=\"mso-bidi-font-weight:normal\">Atlas des Kommunismus<\/b><\/p>\n<p class=\"MsoNormal\" align=\"justify\">&nbsp;<\/p>\n<p class=\"MsoNormal\" align=\"justify\">In the summer of 1917 Lenin travelled in a sealed train, with the permission of the German Emperor, to Petrograd and lit the sparks that spread the October Revolution. The train&#8217;s journey, however, left a mark on its transit country as well: In 1918 Karl Liebknecht tried to proclaim the Free Socialist Republic from the palace balcony in Berlin.<\/p>\n<p class=\"MsoNormal\" align=\"justify\">&nbsp;<\/p>\n<p class=\"MsoNormal\" align=\"justify\">Men dominate in historiography.<\/p>\n<p class=\"MsoNormal\" align=\"justify\">&nbsp;<\/p>\n<p class=\"MsoNormal\" align=\"justify\">99 years later, the Argentine director Lola Arias invites people from 8 to 85 years old to the stage to tell stories about communism. Together they will reconstruct their own lives and that of Salomea Genin. As a child of a Jewish family Salomea Genin was forced to flee from the National Socialist regime of terror to Australia, where she was inspired by the communist dream and decided to support building a socialist state on German soil. She worked for the Stasi before she realized that the GDR had become a police state and then broke with it. Her story is accompanied by those of a translator, an actress, a punk singer and a Vietnamese contract worker, as well as a puppeteer, a young communist from Bavaria, a 16 year-old activist and a student from Berlin Pankow.<\/p>\n<p class=\"MsoNormal\" align=\"justify\">&nbsp;<\/p>\n<p class=\"MsoNormal\" align=\"justify\">Together they report on singing communist work songs in front of factories, on the teachings of socialist brother countries, on surveillance in everyday life, on concerts in church rooms, on the discussion in the theatre during reunification, on burning asylum centres in eastern Germany and the demands from refugees today, all in order to reveal an image of the personal in the political, of failure and getting up again.<\/p>\n<p class=\"MsoNormal\" align=\"justify\">&nbsp;<\/p>\n<p class=\"MsoNormal\" align=\"justify\">&#8212;<\/p>\n<p class=\"MsoNormal\" align=\"justify\">&nbsp;<\/p>\n<p class=\"MsoNormal\" align=\"justify\"><b style=\"mso-bidi-font-weight:normal\">&#8216;ATLAS KOMUNIZMA&#8217; U BERLINU ZA 100. OBLJETNICU OKTOBARSKE REVOLUCIJE <\/b><\/p>\n<p class=\"MsoNormal\" align=\"justify\">Depresija, strah i bu\u0111enje u nepoznatom svijetu<\/p>\n<p class=\"MsoNormal\" align=\"justify\">&nbsp;<\/p>\n<p class=\"MsoNormal\" align=\"justify\">Oni su ve\u0107 po\u010deli obilje\u017eavati 100-godi\u0161njicu Oktobarske revolucije. S predstavom Atlas komunizma berlinsko kazali\u0161te Maxim Gorki rekapitulira iskustvo DDR-a, onako kako se odra\u017eavalo na \u017eivotima njegovih stanovnika. Nije rije\u010d o nekim tipi\u010dnim, izmi\u0161ljenim likovima, na pozornici su stvarne osobe koje predstavljaju sebe: liderica punk benda koja je godinu i pol dana bila u zatvoru zbog nepo\u0107udnih pjesama, dugogodi\u0161nja dou\u0161nica Stasija koja se osamdesetih slomila u depresiji kad je kona\u010dno shvatila u \u0161to su se izrodili njeni mladena\u010dki ideali, \u017eena koja je prevodila \u010duvenu konferenciju za novinare 8. studenog 1989. na kojem se zbunjeni G\u00fcnter Schabowski izletio da je Zid ve\u0107 otvoren. I glumica Ruth Reinecke, koja predo\u010dava kako su se tada, krajem osamdesetih, na istoj toj sceni Maxima Gorkog dovijali kako da progovore a da ne zavr\u0161e u zatvoru.<\/p>\n<p class=\"MsoNormal\" align=\"justify\">&nbsp;<\/p>\n<p class=\"MsoNormal\" align=\"justify\">(&#8230;)<\/p>\n<p class=\"MsoNormal\" align=\"justify\">&nbsp;<\/p>\n<p class=\"MsoNormal\" align=\"justify\">IZVOR: <a href=\"http:\/\/www.jutarnji.hr\/globus\/Globus-kultura\/atlas-komunizma-u-berlinu-za-100.-obljetnicu-oktobarske-revolucije-depresija-strah-i-budenje-u-nepoznatom-svijetu\/5262043\/\">http:\/\/www.jutarnji.hr\/globus\/Globus-kultura\/atlas-komunizma-u-berlinu-za-100.-obljetnicu-oktobarske-revolucije-depresija-strah-i-budenje-u-nepoznatom-svijetu\/5262043\/<\/a><\/p>\n<p class=\"MsoNormal\" align=\"justify\">&nbsp;<\/p>\n<p class=\"MsoNormal\" align=\"justify\">AUTOR: Snje\u017eana Pavi\u0107<\/p>\n<p class=\"MsoNormal\" align=\"justify\">&nbsp;<\/p>\n<p class=\"MsoNormal\" align=\"justify\">OBJAVLJENO: 14.11.2016.<\/p>\n<p class=\"MsoNormal\">&nbsp;<\/p>\n<p class=\"MsoNormal\">&nbsp;<\/p>\n","protected":false},"excerpt":{"rendered":"","protected":false},"author":1,"featured_media":0,"comment_status":"open","ping_status":"open","sticky":false,"template":"","format":"standard","meta":{"_acf_changed":false,"jetpack_post_was_ever_published":false,"_jetpack_newsletter_access":"","_jetpack_dont_email_post_to_subs":false,"_jetpack_newsletter_tier_id":0,"_jetpack_memberships_contains_paywalled_content":false,"_jetpack_memberships_contains_paid_content":false,"footnotes":"","jetpack_publicize_message":"","jetpack_publicize_feature_enabled":true,"jetpack_social_post_already_shared":false,"jetpack_social_options":{"image_generator_settings":{"template":"highway","default_image_id":0,"font":"","enabled":false},"version":2}},"categories":[22,3],"tags":[],"class_list":["post-2735","post","type-post","status-publish","format-standard","hentry","category-kazalisne-predstave","category-novosti"],"acf":{"facebook_opis":""},"jetpack_publicize_connections":[],"jetpack_featured_media_url":"","jetpack_sharing_enabled":true,"jetpack-related-posts":[],"_links":{"self":[{"href":"https:\/\/historiografija.hr\/index.php?rest_route=\/wp\/v2\/posts\/2735","targetHints":{"allow":["GET"]}}],"collection":[{"href":"https:\/\/historiografija.hr\/index.php?rest_route=\/wp\/v2\/posts"}],"about":[{"href":"https:\/\/historiografija.hr\/index.php?rest_route=\/wp\/v2\/types\/post"}],"author":[{"embeddable":true,"href":"https:\/\/historiografija.hr\/index.php?rest_route=\/wp\/v2\/users\/1"}],"replies":[{"embeddable":true,"href":"https:\/\/historiografija.hr\/index.php?rest_route=%2Fwp%2Fv2%2Fcomments&post=2735"}],"version-history":[{"count":1,"href":"https:\/\/historiografija.hr\/index.php?rest_route=\/wp\/v2\/posts\/2735\/revisions"}],"predecessor-version":[{"id":32671,"href":"https:\/\/historiografija.hr\/index.php?rest_route=\/wp\/v2\/posts\/2735\/revisions\/32671"}],"wp:attachment":[{"href":"https:\/\/historiografija.hr\/index.php?rest_route=%2Fwp%2Fv2%2Fmedia&parent=2735"}],"wp:term":[{"taxonomy":"category","embeddable":true,"href":"https:\/\/historiografija.hr\/index.php?rest_route=%2Fwp%2Fv2%2Fcategories&post=2735"},{"taxonomy":"post_tag","embeddable":true,"href":"https:\/\/historiografija.hr\/index.php?rest_route=%2Fwp%2Fv2%2Ftags&post=2735"}],"curies":[{"name":"wp","href":"https:\/\/api.w.org\/{rel}","templated":true}]}}