{"id":2734,"date":"2016-12-15T23:00:05","date_gmt":"2016-12-15T23:00:05","guid":{"rendered":"http:\/\/historiografija.hr\/?p=2734"},"modified":"2020-12-21T17:16:57","modified_gmt":"2020-12-21T17:16:57","slug":"povjesnicar-rene-lovrencic","status":"publish","type":"post","link":"https:\/\/historiografija.hr\/?p=2734","title":{"rendered":"Povjesni\u010dar Rene Lovren\u010di\u0107"},"content":{"rendered":"<p class=\"MsoNormal\" align=\"justify\">\n<style> <!--  \/* Font Definitions *\/  @font-face \t{font-family:Calibri; \tpanose-1:2 15 5 2 2 2 4 3 2 4; \tmso-font-charset:238; \tmso-generic-font-family:swiss; \tmso-font-pitch:variable; \tmso-font-signature:-1610611985 1073750139 0 0 159 0;}  \/* Style Definitions *\/  p.MsoNormal, li.MsoNormal, div.MsoNormal \t{mso-style-unhide:no; \tmso-style-qformat:yes; \tmso-style-parent:\"\"; \tmargin-top:0cm; \tmargin-right:0cm; \tmargin-bottom:10.0pt; \tmargin-left:0cm; \tline-height:115%; \tmso-pagination:widow-orphan; \tfont-size:11.0pt; \tfont-family:\"Calibri\",\"sans-serif\"; \tmso-ascii-font-family:Calibri; \tmso-ascii-theme-font:minor-latin; \tmso-fareast-font-family:Calibri; \tmso-fareast-theme-font:minor-latin; \tmso-hansi-font-family:Calibri; \tmso-hansi-theme-font:minor-latin; \tmso-bidi-font-family:\"Times New Roman\"; \tmso-bidi-theme-font:minor-bidi; \tmso-fareast-language:EN-US;} .MsoChpDefault \t{mso-style-type:export-only; \tmso-default-props:yes; \tmso-ascii-font-family:Calibri; \tmso-ascii-theme-font:minor-latin; \tmso-fareast-font-family:Calibri; \tmso-fareast-theme-font:minor-latin; \tmso-hansi-font-family:Calibri; \tmso-hansi-theme-font:minor-latin; \tmso-bidi-font-family:\"Times New Roman\"; \tmso-bidi-theme-font:minor-bidi; \tmso-fareast-language:EN-US;} .MsoPapDefault \t{mso-style-type:export-only; \tmargin-bottom:10.0pt; \tline-height:115%;} @page Section1 \t{size:612.0pt 792.0pt; \tmargin:70.85pt 70.85pt 70.85pt 70.85pt; \tmso-header-margin:36.0pt; \tmso-footer-margin:36.0pt; \tmso-paper-source:0;} div.Section1 \t{page:Section1;} --> <\/style>\n<\/p>\n<p class=\"MsoNormal\" align=\"justify\">Dana\u0161nje obavijesti bit \u0107e posve\u0107ene povjesni\u010daru <b style=\"mso-bidi-font-weight:normal\">Reneu Lovren\u010di\u0107u<\/b> (1928-2012) kao najava predstavljanja <i style=\"mso-bidi-font-style:normal\">Spomenice Renea Lovren\u010di\u0107a<\/i>. Tom prigodom obavje\u0161tavamo i o Ruskoj revoluciji \u2013 povodom skore obljetnice \u2013 jednoj od tema iz op\u0107e povijesti kojima se bavio profesor Lovren\u010di\u0107.<\/p>\n<p class=\"MsoNormal\" align=\"justify\">&nbsp;<\/p>\n<p class=\"MsoNormal\" align=\"justify\">&#8212;<\/p>\n<p class=\"MsoNormal\" align=\"justify\">&nbsp;<\/p>\n<p class=\"MsoNormal\" align=\"justify\"><b style=\"mso-bidi-font-weight:normal\">Lovren\u010di\u0107, Rene<\/b>, hrvatski povjesni\u010dar (Zagreb, 8. IX. 1928 \u2013 Zagreb, 7. VI. 2012). God. 1953. diplomirao, a 1965. doktorirao povijest na Filozofskome fakultetu u Zagrebu, gdje je predavao od 1954. do umirovljenja 1996 (od 1981. redoviti profesor na Katedri za op\u0107u povijest novoga vijeka). Prete\u017eito se bavio istra\u017eivanjem europske povijesti XIX. i XX. stolje\u0107a. Objavio velik broj znanstvenih radova u \u010dasopisima i zbornicima. Zna\u010dajnija djela: Op\u0107a povijest: od Be\u010dkog kongresa do Pari\u0161ke komune, 1815\u20131870 (ud\u017ebenik, 1955), Geneza politike \u00bbnovog kursa\u00ab (1972), Nemirni mir: svijet 1918.-1939.(2011).<\/p>\n<p class=\"MsoNormal\" align=\"justify\">&nbsp;<\/p>\n<p class=\"MsoNormal\" align=\"justify\">Izvor: <i style=\"mso-bidi-font-style:normal\">Hrvatska enciklopedija<\/i>, <a href=\"http:\/\/www.enciklopedija.hr\/natuknica.aspx?id=37277\">http:\/\/www.enciklopedija.hr\/natuknica.aspx?id=37277<\/a><\/p>\n<p class=\"MsoNormal\" align=\"justify\">&nbsp;<\/p>\n<p class=\"MsoNormal\" align=\"justify\">&#8212;<\/p>\n<p class=\"MsoNormal\" align=\"justify\">&nbsp;<\/p>\n<p class=\"MsoNormal\" align=\"justify\">Rene Lovren\u010di\u0107<\/p>\n<p class=\"MsoNormal\" align=\"justify\"><b style=\"mso-bidi-font-weight:normal\"><i style=\"mso-bidi-font-style: normal\">Prva ruska revolucija i gra\u0111anska javnost u Hrvatskoj<\/i><\/b><\/p>\n<p class=\"MsoNormal\" align=\"justify\">Radovi Zavoda za hrvatsku povijest, 1971.<\/p>\n<p class=\"MsoNormal\" align=\"justify\">http:\/\/hrcak.srce.hr\/49060<\/p>\n<p class=\"MsoNormal\" align=\"justify\">&nbsp;<\/p>\n<p class=\"MsoNormal\" align=\"justify\">&nbsp;<\/p>\n<p class=\"MsoNormal\" align=\"justify\">Rene Lovren\u010di\u0107<\/p>\n<p class=\"MsoNormal\" align=\"justify\"><b style=\"mso-bidi-font-weight:normal\"><i style=\"mso-bidi-font-style: normal\">Nemirni mir &#8211; svijet 1918.-1939.<\/i><\/b><\/p>\n<p class=\"MsoNormal\" align=\"justify\">Broj stranica: 288<\/p>\n<p class=\"MsoNormal\" align=\"justify\">Godina izdanja: 2011.<\/p>\n<p class=\"MsoNormal\" align=\"justify\"><a href=\"http:\/\/www.mala-zvona.hr\/nemirni-mir\">http:\/\/www.mala-zvona.hr\/nemirni-mir<\/a><\/p>\n<p class=\"MsoNormal\" align=\"justify\">&nbsp;<\/p>\n<p class=\"MsoNormal\" align=\"justify\">&#8212;<\/p>\n<p class=\"MsoNormal\" align=\"justify\">&nbsp;<\/p>\n<p class=\"MsoNormal\" align=\"justify\"><b style=\"mso-bidi-font-weight:normal\">Preminuo prof. dr. Rene Lovren\u010di\u0107<\/b><\/p>\n<p class=\"MsoNormal\" align=\"justify\"><a href=\"https:\/\/historiografija.hr\/news.php?id=338\">https:\/\/historiografija.hr\/news.php?id=338<\/a><\/p>\n<p class=\"MsoNormal\" align=\"justify\">&nbsp;<\/p>\n<p class=\"MsoNormal\" align=\"justify\">&nbsp;<\/p>\n<p class=\"MsoNormal\" align=\"justify\">Tvrtko Jakovina<\/p>\n<p class=\"MsoNormal\" align=\"justify\"><b style=\"mso-bidi-font-weight:normal\">Odlazak troje povjesni\u010dara &#8216;dugog 19. stolje\u0107a&#8217;<\/b><\/p>\n<p class=\"MsoNormal\" align=\"justify\"><a href=\"http:\/\/www.tportal.hr\/komentari\/komentatori\/218229\/Odlazak-troje-povjesnicara-dugog-19-stoljeca.html\">http:\/\/www.tportal.hr\/komentari\/komentatori\/218229\/Odlazak-troje-povjesnicara-dugog-19-stoljeca.html<\/a><\/p>\n<p class=\"MsoNormal\" align=\"justify\">&nbsp;<\/p>\n<p class=\"MsoNormal\" align=\"justify\">&nbsp;<\/p>\n<p class=\"MsoNormal\" align=\"justify\">Drago Roksandi\u0107<\/p>\n<p class=\"MsoNormal\" align=\"justify\"><b style=\"mso-bidi-font-weight:normal\">Rije\u010d na komemoraciji profesoru Ren\u00e9u Lovren\u010di\u0107u<\/b><\/p>\n<p class=\"MsoNormal\" align=\"justify\"><a href=\"http:\/\/hrcak.srce.hr\/116758\">http:\/\/hrcak.srce.hr\/116758<\/a><\/p>\n<p class=\"MsoNormal\" align=\"justify\">&nbsp;<\/p>\n<p class=\"MsoNormal\" align=\"justify\">&nbsp;<\/p>\n<p class=\"MsoNormal\" align=\"justify\">Damir Agi\u010di\u0107<\/p>\n<p class=\"MsoNormal\" align=\"justify\"><b style=\"mso-bidi-font-weight:normal\">In memoriam Mirjana Gross (1922-2012) Rene Lovren\u010di\u0107 (1928-2012)<\/b><\/p>\n<p class=\"MsoNormal\" align=\"justify\"><a href=\"http:\/\/hrcak.srce.hr\/117198\">http:\/\/hrcak.srce.hr\/117198<\/a><\/p>\n<p class=\"MsoNormal\" align=\"justify\">&nbsp;<\/p>\n<p class=\"MsoNormal\" align=\"justify\">&nbsp;<\/p>\n<p class=\"MsoNormal\" align=\"justify\">Tvrtko Jakovina<\/p>\n<p class=\"MsoNormal\" align=\"justify\"><b style=\"mso-bidi-font-weight:normal\">Rene Lovren\u010di\u0107 (1928-2012)<\/b><\/p>\n<p class=\"MsoNormal\" align=\"justify\">http:\/\/hrcak.srce.hr\/117740<\/p>\n<p class=\"MsoNormal\">&nbsp;<\/p>\n","protected":false},"excerpt":{"rendered":"","protected":false},"author":1,"featured_media":0,"comment_status":"open","ping_status":"open","sticky":false,"template":"","format":"standard","meta":{"_acf_changed":false,"jetpack_post_was_ever_published":false,"_jetpack_newsletter_access":"","_jetpack_dont_email_post_to_subs":false,"_jetpack_newsletter_tier_id":0,"_jetpack_memberships_contains_paywalled_content":false,"_jetpack_memberships_contains_paid_content":false,"footnotes":"","jetpack_publicize_message":"","jetpack_publicize_feature_enabled":true,"jetpack_social_post_already_shared":false,"jetpack_social_options":{"image_generator_settings":{"template":"highway","default_image_id":0,"font":"","enabled":false},"version":2}},"categories":[3,20],"tags":[],"class_list":["post-2734","post","type-post","status-publish","format-standard","hentry","category-novosti","category-obavijesti-o-smrti-i-nekrolozi"],"acf":{"facebook_opis":""},"jetpack_publicize_connections":[],"jetpack_featured_media_url":"","jetpack_sharing_enabled":true,"jetpack-related-posts":[{"id":52439,"url":"https:\/\/historiografija.hr\/?p=52439","url_meta":{"origin":2734,"position":0},"title":"Tribina &#8220;Ahmi\u0107i 33 godine kasnije: Ne u na\u0161e ime&#8221;","author":"Branimir Jankovi\u0107","date":"16. travnja 2026.","format":false,"excerpt":"U \u010detvrtak, 16. travnja 2026. u 17 sati u Knji\u017enici i \u010ditaonici Bogdana Ogrizovi\u0107a u Zagrebu odr\u017eat \u0107e se tribina pod nazivom Ahmi\u0107i 33 godine kasnije: Ne u na\u0161e ime. Na tribini \u0107e govoriti Ivica \u0110iki\u0107, novinar, Mubera Masli\u0107 \u2013 \u017ddralovi\u0107, aktivistikinja, prevoditeljica za arapski, Domagoj Fuk, student politologije, \u010dlan\u2026","rel":"","context":"U &quot;Novosti&quot;","block_context":{"text":"Novosti","link":"https:\/\/historiografija.hr\/?cat=3"},"img":{"alt_text":"","src":"https:\/\/i0.wp.com\/historiografija.hr\/wp-content\/uploads\/2026\/04\/Zagreb_2026.jpeg?fit=1200%2C900&ssl=1&resize=350%2C200","width":350,"height":200,"srcset":"https:\/\/i0.wp.com\/historiografija.hr\/wp-content\/uploads\/2026\/04\/Zagreb_2026.jpeg?fit=1200%2C900&ssl=1&resize=350%2C200 1x, https:\/\/i0.wp.com\/historiografija.hr\/wp-content\/uploads\/2026\/04\/Zagreb_2026.jpeg?fit=1200%2C900&ssl=1&resize=525%2C300 1.5x, https:\/\/i0.wp.com\/historiografija.hr\/wp-content\/uploads\/2026\/04\/Zagreb_2026.jpeg?fit=1200%2C900&ssl=1&resize=700%2C400 2x, https:\/\/i0.wp.com\/historiografija.hr\/wp-content\/uploads\/2026\/04\/Zagreb_2026.jpeg?fit=1200%2C900&ssl=1&resize=1050%2C600 3x"},"classes":[]},{"id":52556,"url":"https:\/\/historiografija.hr\/?p=52556","url_meta":{"origin":2734,"position":1},"title":"ZagrebDox 2026.","author":"Branimir Jankovi\u0107","date":"20. travnja 2026.","format":false,"excerpt":"Me\u0111unarodni festival dokumentarnog filma 19. - 26. travnja 2026. Kaptol Boutique Cinema, Zagreb Program i dodatne obavijesti: https:\/\/zagrebdox.net\/hr","rel":"","context":"U &quot;Filmovi i serije&quot;","block_context":{"text":"Filmovi i serije","link":"https:\/\/historiografija.hr\/?cat=13"},"img":{"alt_text":"","src":"https:\/\/i0.wp.com\/historiografija.hr\/wp-content\/uploads\/2026\/04\/DOX-logo.jpg?fit=600%2C600&ssl=1&resize=350%2C200","width":350,"height":200,"srcset":"https:\/\/i0.wp.com\/historiografija.hr\/wp-content\/uploads\/2026\/04\/DOX-logo.jpg?fit=600%2C600&ssl=1&resize=350%2C200 1x, https:\/\/i0.wp.com\/historiografija.hr\/wp-content\/uploads\/2026\/04\/DOX-logo.jpg?fit=600%2C600&ssl=1&resize=525%2C300 1.5x"},"classes":[]},{"id":52675,"url":"https:\/\/historiografija.hr\/?p=52675","url_meta":{"origin":2734,"position":2},"title":"Predstavljanje knjige Luke Peji\u0107a &#8220;U taboru anarhista: \u017divot Ivana Zeppa&#8221; u Osijeku","author":"Branimir Jankovi\u0107","date":"27. travnja 2026.","format":false,"excerpt":"U \u010detvrtak, 30. travnja 2026.\u00a0u\u00a019.00 sati\u00a0u Klubu knji\u017eare Nova\u00a0(Trg Ante Star\u010devi\u0107a 4, Osijek) odr\u017eat \u0107e se predstavljanje nove knjige Luke Peji\u0107a U taboru anarhista: \u017divot Ivana Zeppa (DAF, 2025.). Uz autora o knjizi \u0107e govoriti recenzent i povjesni\u010dar Nikola Toma\u0161egovi\u0107 te povjesni\u010darka Ana Rajkovi\u0107 Peji\u0107. Razgovor \u0107e moderirati doktorandica\u00a0Valentina Kezi\u0107.\u2026","rel":"","context":"U &quot;Novosti&quot;","block_context":{"text":"Novosti","link":"https:\/\/historiografija.hr\/?cat=3"},"img":{"alt_text":"","src":"https:\/\/i0.wp.com\/historiografija.hr\/wp-content\/uploads\/2025\/11\/Pejic.jpg?fit=574%2C790&ssl=1&resize=350%2C200","width":350,"height":200,"srcset":"https:\/\/i0.wp.com\/historiografija.hr\/wp-content\/uploads\/2025\/11\/Pejic.jpg?fit=574%2C790&ssl=1&resize=350%2C200 1x, https:\/\/i0.wp.com\/historiografija.hr\/wp-content\/uploads\/2025\/11\/Pejic.jpg?fit=574%2C790&ssl=1&resize=525%2C300 1.5x"},"classes":[]},{"id":52559,"url":"https:\/\/historiografija.hr\/?p=52559","url_meta":{"origin":2734,"position":3},"title":"Dobitnici dr\u017eavne nagrade za znanost za 2024. godinu","author":"Branimir Jankovi\u0107","date":"20. travnja 2026.","format":false,"excerpt":"Na sjednici Odbora za podjelu dr\u017eavnih nagrada za znanost odr\u017eanoj 16. travnja 2026. godine donesena je Odluka o dodjeli dr\u017eavnih nagrada za znanost za 2024. godinu. Godi\u0161njom nagradom za popularizaciju i promid\u017ebu znanosti nagra\u0111eni su u podru\u010dju humanisti\u010dkih znanosti znanstveni suradnici dr. sc. Josip Mihaljevi\u0107 i dr. sc. Gordan Ravan\u010di\u0107,\u2026","rel":"","context":"U &quot;Novosti&quot;","block_context":{"text":"Novosti","link":"https:\/\/historiografija.hr\/?cat=3"},"img":{"alt_text":"","src":"https:\/\/i0.wp.com\/historiografija.hr\/wp-content\/uploads\/2021\/12\/povijesne-kontroverze.jpg?fit=1200%2C675&ssl=1&resize=350%2C200","width":350,"height":200,"srcset":"https:\/\/i0.wp.com\/historiografija.hr\/wp-content\/uploads\/2021\/12\/povijesne-kontroverze.jpg?fit=1200%2C675&ssl=1&resize=350%2C200 1x, https:\/\/i0.wp.com\/historiografija.hr\/wp-content\/uploads\/2021\/12\/povijesne-kontroverze.jpg?fit=1200%2C675&ssl=1&resize=525%2C300 1.5x, https:\/\/i0.wp.com\/historiografija.hr\/wp-content\/uploads\/2021\/12\/povijesne-kontroverze.jpg?fit=1200%2C675&ssl=1&resize=700%2C400 2x, https:\/\/i0.wp.com\/historiografija.hr\/wp-content\/uploads\/2021\/12\/povijesne-kontroverze.jpg?fit=1200%2C675&ssl=1&resize=1050%2C600 3x"},"classes":[]},{"id":52669,"url":"https:\/\/historiografija.hr\/?p=52669","url_meta":{"origin":2734,"position":4},"title":"Predavanje Igora Dude &#8220;Odmor kao \u017eivotna potreba: o slobodnom vremenu u socijalisti\u010dkoj Jugoslaviji&#8221;","author":"Branimir Jankovi\u0107","date":"27. travnja 2026.","format":false,"excerpt":"U sklopu proljetnog ciklusa programa\u00a0Kriti\u010dka dramaturgija: pauza, u\u00a0subotu, 25. travnja 2026. u 19 sati\u00a0u prostoru Udru\u017eenja hrvatskih arhitekata povjesni\u010dar Igor Duda\u00a0odr\u017eao je predavanje naslovljeno\u00a0Odmor kao \u017eivotna potreba: o slobodnom vremenu u socijalisti\u010dkoj Jugoslaviji. Industrijalizacija i urbanizacija dru\u0161tava u povijesti su zna\u010dile i prelazak s predindustrijskog na industrijsko shva\u0107anje vremena. Ono\u2026","rel":"","context":"U &quot;Novosti&quot;","block_context":{"text":"Novosti","link":"https:\/\/historiografija.hr\/?cat=3"},"img":{"alt_text":"","src":"https:\/\/i0.wp.com\/historiografija.hr\/wp-content\/uploads\/2026\/04\/Duda.png?fit=1200%2C628&ssl=1&resize=350%2C200","width":350,"height":200,"srcset":"https:\/\/i0.wp.com\/historiografija.hr\/wp-content\/uploads\/2026\/04\/Duda.png?fit=1200%2C628&ssl=1&resize=350%2C200 1x, https:\/\/i0.wp.com\/historiografija.hr\/wp-content\/uploads\/2026\/04\/Duda.png?fit=1200%2C628&ssl=1&resize=525%2C300 1.5x, https:\/\/i0.wp.com\/historiografija.hr\/wp-content\/uploads\/2026\/04\/Duda.png?fit=1200%2C628&ssl=1&resize=700%2C400 2x, https:\/\/i0.wp.com\/historiografija.hr\/wp-content\/uploads\/2026\/04\/Duda.png?fit=1200%2C628&ssl=1&resize=1050%2C600 3x"},"classes":[]},{"id":52654,"url":"https:\/\/historiografija.hr\/?p=52654","url_meta":{"origin":2734,"position":5},"title":"Gostuju\u0107e predavanje &#8211; Danijel D\u017eino \u201eKasnoanti\u010dke i ranosrednjovjekovne gra\u0111evine u Brezi: Spomenici nepotpune biografije\u201c","author":"Branimir Jankovi\u0107","date":"24. travnja 2026.","format":false,"excerpt":"Doktorski studij predmoderne povijesti poziva na predavanje \"Kasnoanti\u010dke i ranosrednjovjekovne gra\u0111evine u Brezi: Spomenici nepotpune biografije\u201d koje \u0107e odr\u017eati profesor Danijel D\u017eino sa Sveu\u010dili\u0161ta Macquarie u Sydneyu u\u00a0utorak 28. travnja 2026. u 17h u Konferencijskoj dvorani Knji\u017enice Filozofskog fakulteta u Zagrebu. Predavanje \u0107e predo\u010diti nova saznanja dobivena kroz arhivsko-dokumentarna istra\u017eivanja\u2026","rel":"","context":"U &quot;Novosti&quot;","block_context":{"text":"Novosti","link":"https:\/\/historiografija.hr\/?cat=3"},"img":{"alt_text":"","src":"https:\/\/i0.wp.com\/historiografija.hr\/wp-content\/uploads\/2026\/04\/Dzino.jpg?fit=980%2C819&ssl=1&resize=350%2C200","width":350,"height":200,"srcset":"https:\/\/i0.wp.com\/historiografija.hr\/wp-content\/uploads\/2026\/04\/Dzino.jpg?fit=980%2C819&ssl=1&resize=350%2C200 1x, https:\/\/i0.wp.com\/historiografija.hr\/wp-content\/uploads\/2026\/04\/Dzino.jpg?fit=980%2C819&ssl=1&resize=525%2C300 1.5x, https:\/\/i0.wp.com\/historiografija.hr\/wp-content\/uploads\/2026\/04\/Dzino.jpg?fit=980%2C819&ssl=1&resize=700%2C400 2x"},"classes":[]}],"_links":{"self":[{"href":"https:\/\/historiografija.hr\/index.php?rest_route=\/wp\/v2\/posts\/2734","targetHints":{"allow":["GET"]}}],"collection":[{"href":"https:\/\/historiografija.hr\/index.php?rest_route=\/wp\/v2\/posts"}],"about":[{"href":"https:\/\/historiografija.hr\/index.php?rest_route=\/wp\/v2\/types\/post"}],"author":[{"embeddable":true,"href":"https:\/\/historiografija.hr\/index.php?rest_route=\/wp\/v2\/users\/1"}],"replies":[{"embeddable":true,"href":"https:\/\/historiografija.hr\/index.php?rest_route=%2Fwp%2Fv2%2Fcomments&post=2734"}],"version-history":[{"count":1,"href":"https:\/\/historiografija.hr\/index.php?rest_route=\/wp\/v2\/posts\/2734\/revisions"}],"predecessor-version":[{"id":24202,"href":"https:\/\/historiografija.hr\/index.php?rest_route=\/wp\/v2\/posts\/2734\/revisions\/24202"}],"wp:attachment":[{"href":"https:\/\/historiografija.hr\/index.php?rest_route=%2Fwp%2Fv2%2Fmedia&parent=2734"}],"wp:term":[{"taxonomy":"category","embeddable":true,"href":"https:\/\/historiografija.hr\/index.php?rest_route=%2Fwp%2Fv2%2Fcategories&post=2734"},{"taxonomy":"post_tag","embeddable":true,"href":"https:\/\/historiografija.hr\/index.php?rest_route=%2Fwp%2Fv2%2Ftags&post=2734"}],"curies":[{"name":"wp","href":"https:\/\/api.w.org\/{rel}","templated":true}]}}