{"id":27305,"date":"2021-09-06T09:22:32","date_gmt":"2021-09-06T09:22:32","guid":{"rendered":"http:\/\/historiografija.hr\/?p=27305"},"modified":"2021-09-06T09:22:32","modified_gmt":"2021-09-06T09:22:32","slug":"seminar-nositi-se-s-teskim-naslijedem-izmedu-povijesnih-cinjenica-i-osobnih-naracija","status":"publish","type":"post","link":"https:\/\/historiografija.hr\/?p=27305","title":{"rendered":"Seminar \u2018Nositi se s te\u0161kim naslije\u0111em: izme\u0111u povijesnih \u010dinjenica i osobnih naracija\u2019"},"content":{"rendered":"\n<p>Seminar \u2018Nositi se s te\u0161kim naslije\u0111em: izme\u0111u povijesnih \u010dinjenica i osobnih naracija\u2019 odr\u017eava se u okviru EU Creative Europe projekta \u201cUgro\u017eeni identitet\u201d &#8211; \u201cIdentity on the line\u201d.<\/p>\n\n\n\n<p><br>PROGRAM<\/p>\n\n\n\n<p><br>7. rujna 2021 &#8211; CENTAR ZA POVIJESNA ISTRA\u017dIVANJA \u2013 Rovinj <a href=\"https:\/\/crsrv.org\/hr\/\">https:\/\/crsrv.org\/hr\/<\/a><\/p>\n\n\n\n<p><br>10:00 &#8211; 10:20 Pozdravni govori<br>10:20 &#8211; 10:50 Dr. Kathrin Pabst: Dr Kathrin Pabst: Predstavljanje projekta \u201cUgro\u017eeni identitet\u201d<br>10:50 &#8211; 11:20 Dr Orietta Moscarda: &#8216;Studije i istra\u017eivanja o Istarskom egzodusu nakon II svjetskog rata&#8217; Centro di ricerche storiche di Rovigno<br>11:20 &#8211; 11:30 Pauza za kavu<br>11:30 &#8211; 12:30 Dr. Jonas Frykman:\u201d Kad spomenici o\u017eive: afekt i materijalna kultura &#8220;<br>13:00 -14:00 Pauza za ru\u010dak<br>14:00 &#8211; 16:30 Posjet memorijalnom mjestu \u010ci\u017ee<br>17:00 &#8211; 18:00 Posjet Etnografskom muzeju Istre uz izlaganje Dr Lidije Niko\u010devi\u0107<br>18:00 povratak za Rovinj i Pulu<\/p>\n\n\n\n<hr class=\"wp-block-separator\"\/>\n\n\n\n<p>Izvor:<\/p>\n\n\n\n<p><a href=\"https:\/\/www.emi.hr\/index.php?jezik=hr\">https:\/\/www.emi.hr\/index.php?jezik=hr<\/a><\/p>\n\n\n\n<p><a href=\"https:\/\/www.mdc.hr\/\">https:\/\/www.mdc.hr\/<\/a><\/p>\n\n\n\n<hr class=\"wp-block-separator\"\/>\n","protected":false},"excerpt":{"rendered":"","protected":false},"author":2,"featured_media":27306,"comment_status":"open","ping_status":"open","sticky":false,"template":"","format":"standard","meta":{"_acf_changed":false,"jetpack_post_was_ever_published":false,"_jetpack_newsletter_access":"","_jetpack_dont_email_post_to_subs":false,"_jetpack_newsletter_tier_id":0,"_jetpack_memberships_contains_paywalled_content":false,"_jetpack_memberships_contains_paid_content":false,"footnotes":"","jetpack_publicize_message":"","jetpack_publicize_feature_enabled":true,"jetpack_social_post_already_shared":true,"jetpack_social_options":{"image_generator_settings":{"template":"highway","default_image_id":0,"font":"","enabled":false},"version":2}},"categories":[3,9],"tags":[],"class_list":["post-27305","post","type-post","status-publish","format-standard","has-post-thumbnail","hentry","category-novosti","category-skupovi"],"acf":{"facebook_opis":""},"jetpack_publicize_connections":[],"jetpack_featured_media_url":"https:\/\/i0.wp.com\/historiografija.hr\/wp-content\/uploads\/2021\/09\/line.jpg?fit=444%2C1224&ssl=1","jetpack_sharing_enabled":true,"jetpack-related-posts":[],"_links":{"self":[{"href":"https:\/\/historiografija.hr\/index.php?rest_route=\/wp\/v2\/posts\/27305","targetHints":{"allow":["GET"]}}],"collection":[{"href":"https:\/\/historiografija.hr\/index.php?rest_route=\/wp\/v2\/posts"}],"about":[{"href":"https:\/\/historiografija.hr\/index.php?rest_route=\/wp\/v2\/types\/post"}],"author":[{"embeddable":true,"href":"https:\/\/historiografija.hr\/index.php?rest_route=\/wp\/v2\/users\/2"}],"replies":[{"embeddable":true,"href":"https:\/\/historiografija.hr\/index.php?rest_route=%2Fwp%2Fv2%2Fcomments&post=27305"}],"version-history":[{"count":1,"href":"https:\/\/historiografija.hr\/index.php?rest_route=\/wp\/v2\/posts\/27305\/revisions"}],"predecessor-version":[{"id":27307,"href":"https:\/\/historiografija.hr\/index.php?rest_route=\/wp\/v2\/posts\/27305\/revisions\/27307"}],"wp:featuredmedia":[{"embeddable":true,"href":"https:\/\/historiografija.hr\/index.php?rest_route=\/wp\/v2\/media\/27306"}],"wp:attachment":[{"href":"https:\/\/historiografija.hr\/index.php?rest_route=%2Fwp%2Fv2%2Fmedia&parent=27305"}],"wp:term":[{"taxonomy":"category","embeddable":true,"href":"https:\/\/historiografija.hr\/index.php?rest_route=%2Fwp%2Fv2%2Fcategories&post=27305"},{"taxonomy":"post_tag","embeddable":true,"href":"https:\/\/historiografija.hr\/index.php?rest_route=%2Fwp%2Fv2%2Ftags&post=27305"}],"curies":[{"name":"wp","href":"https:\/\/api.w.org\/{rel}","templated":true}]}}