{"id":27299,"date":"2021-09-06T09:04:23","date_gmt":"2021-09-06T09:04:23","guid":{"rendered":"http:\/\/historiografija.hr\/?p=27299"},"modified":"2021-09-07T11:25:08","modified_gmt":"2021-09-07T11:25:08","slug":"medunarodni-okrugli-stol-spomenicka-bastina-i-kultura-sjecanja-na-prvi-svjetski-rat-zagreb-9-10-9-2021","status":"publish","type":"post","link":"https:\/\/historiografija.hr\/?p=27299","title":{"rendered":"Me\u0111unarodni okrugli stol \u201eSpomeni\u010dka ba\u0161tina i kultura sje\u0107anja na Prvi svjetski rat\u201c (Zagreb, 9.-10. 9. 2021.)"},"content":{"rendered":"\n<p><strong>U Institutu dru\u0161tvenih znanosti Ivo Pilar (Multimedijalna dvorana) od \u010detvrtka 9. rujna do petka 10. rujna 2021. odr\u017eat \u0107e se Me\u0111unarodni okrugli stol&nbsp; \u201eSpomeni\u010dka ba\u0161tina i kultura sje\u0107anja na Prvi svjetski rat\u201c u organizaciji Instituta Pilar i Gradske knji\u017enice Vukovar<\/strong><\/p>\n\n\n\n<p>Me\u0111unarodni znanstveni okrugli stol sastavni je dio projekta HRZZ-a Prvi svjetski rat u kulturi sje\u0107anja. Zaboravljena ba\u0161tina (IP-2019-04-5897) koji vodi dr. sc. Ljiljana Dobrov\u0161ak.<\/p>\n\n\n\n<p>Tijekom dva dana predvi\u0111ena su predavanja znanstvenika iz Slovenije, Srbije, Bosne i Hercegovine te Hrvatske koji \u0107e govoriti o kulturi sje\u0107anja na Prvi svjetski rat i komemorativnim praksama vezanim uz obilje\u017eavanje Prvoga svjetskoga rata.<\/p>\n\n\n\n<p><strong>Napomena:<\/strong> Zbog provedbe epidemiolo\u0161kih mjera, u Multimedijalnoj dvorani bit \u0107e ograni\u010den broj sudionika i uzvanika, a okrugli stol mo\u017ee se pratiti putem poveznice:<\/p>\n\n\n\n<p><strong>Topic:<\/strong> Me\u0111unarodni okrugli stol SPOMENI\u010cKA BA\u0160TINA I KULTURA SJE\u0106ANJA NA PRVI SVJETSKI RAT<br><strong>Time: <\/strong>Sep 9, 2021 10:00 AM Budapest<br>&nbsp; &nbsp; &nbsp; &nbsp; &nbsp; &nbsp; &nbsp;Every day, until Sep 10, 2021, 2 occurrence(s)<br>&nbsp; &nbsp; &nbsp; &nbsp; &nbsp; &nbsp; &nbsp;Sep 9, 2021 10:00 AM<br>&nbsp; &nbsp; &nbsp; &nbsp; &nbsp; &nbsp; &nbsp;Sep 10, 2021 10:00 AM<\/p>\n\n\n\n<p><strong>Join Zoom Meeting<\/strong><br>https:\/\/us06web.zoom.us\/j\/89264570158?pwd=S0R4dGtzczVFTCtEREVNSmROMUJ2UT09<\/p>\n\n\n\n<p><strong>Meeting ID:<\/strong> 892 6457 0158<br><strong>Passcode:<\/strong> 316547<\/p>\n\n\n\n<p><a href=\"https:\/\/www.pilar.hr\/wp-content\/uploads\/2021\/09\/SB-KS-1SR-Program-new.pdf\">Program okruglog stola<\/a> | <a href=\"https:\/\/www.pilar.hr\/wp-content\/uploads\/2021\/09\/SB-KS-1SR-Knjiga_sazetaka-new.pdf\">Knjiga sa\u017eetaka<\/a> | <a href=\"https:\/\/www.pilar.hr\/wp-content\/uploads\/2021\/09\/SB-KS-1SR-Plakat.pdf\">Plakat<\/a><\/p>\n\n\n\n<hr class=\"wp-block-separator\"\/>\n\n\n\n<p>Izvor:<\/p>\n\n\n\n<figure class=\"wp-block-embed-wordpress wp-block-embed is-type-wp-embed is-provider-institut-drustvenih-znanosti-ivo-pilar\"><div class=\"wp-block-embed__wrapper\">\n<blockquote class=\"wp-embedded-content\" data-secret=\"nyfImuBkr2\"><a href=\"https:\/\/www.pilar.hr\/2021\/09\/medunarodni-okrugli-stol-spomenicka-bastina-i-kultura-sjecanja-na-prvi-svjetski-rat-zagreb-9-10-9-2021\/\">Me\u0111unarodni okrugli stol \u201eSpomeni\u010dka ba\u0161tina i kultura sje\u0107anja na Prvi svjetski rat\u201c; Zagreb, 9.-10. 9. 2021.<\/a><\/blockquote><iframe loading=\"lazy\" class=\"wp-embedded-content\" sandbox=\"allow-scripts\" security=\"restricted\" style=\"position: absolute; clip: rect(1px, 1px, 1px, 1px);\" title=\"&#8220;Me\u0111unarodni okrugli stol \u201eSpomeni\u010dka ba\u0161tina i kultura sje\u0107anja na Prvi svjetski rat\u201c; Zagreb, 9.-10. 9. 2021.&#8221; &#8212; Institut dru\u0161tvenih znanosti Ivo Pilar\" src=\"https:\/\/www.pilar.hr\/2021\/09\/medunarodni-okrugli-stol-spomenicka-bastina-i-kultura-sjecanja-na-prvi-svjetski-rat-zagreb-9-10-9-2021\/embed\/#?secret=nyfImuBkr2\" data-secret=\"nyfImuBkr2\" width=\"600\" height=\"338\" frameborder=\"0\" marginwidth=\"0\" marginheight=\"0\" scrolling=\"no\"><\/iframe>\n<\/div><\/figure>\n\n\n\n<hr class=\"wp-block-separator\"\/>\n\n\n\n<p>Dodatne informacije:<\/p>\n\n\n\n<figure class=\"wp-block-embed-wordpress wp-block-embed is-type-wp-embed is-provider-institut-drustvenih-znanosti-ivo-pilar\"><div class=\"wp-block-embed__wrapper\">\n<blockquote class=\"wp-embedded-content\" data-secret=\"4R5wQ1dvB0\"><a href=\"https:\/\/www.pilar.hr\/2020\/01\/prvi-svjetski-rat-u-kulturi-sjecanja-zaboravljena-bastina\/\">Prvi svjetski rat u kulturi sje\u0107anja. Zaboravljena ba\u0161tina<\/a><\/blockquote><iframe loading=\"lazy\" class=\"wp-embedded-content\" sandbox=\"allow-scripts\" security=\"restricted\" style=\"position: absolute; clip: rect(1px, 1px, 1px, 1px);\" title=\"&#8220;Prvi svjetski rat u kulturi sje\u0107anja. Zaboravljena ba\u0161tina&#8221; &#8212; Institut dru\u0161tvenih znanosti Ivo Pilar\" src=\"https:\/\/www.pilar.hr\/2020\/01\/prvi-svjetski-rat-u-kulturi-sjecanja-zaboravljena-bastina\/embed\/#?secret=4R5wQ1dvB0\" data-secret=\"4R5wQ1dvB0\" width=\"600\" height=\"338\" frameborder=\"0\" marginwidth=\"0\" marginheight=\"0\" scrolling=\"no\"><\/iframe>\n<\/div><\/figure>\n\n\n\n<hr class=\"wp-block-separator\"\/>\n","protected":false},"excerpt":{"rendered":"","protected":false},"author":2,"featured_media":27300,"comment_status":"open","ping_status":"open","sticky":false,"template":"","format":"standard","meta":{"_acf_changed":false,"jetpack_post_was_ever_published":false,"_jetpack_newsletter_access":"","_jetpack_dont_email_post_to_subs":false,"_jetpack_newsletter_tier_id":0,"_jetpack_memberships_contains_paywalled_content":false,"_jetpack_memberships_contains_paid_content":false,"footnotes":"","jetpack_publicize_message":"","jetpack_publicize_feature_enabled":true,"jetpack_social_post_already_shared":true,"jetpack_social_options":{"image_generator_settings":{"template":"highway","default_image_id":0,"font":"","enabled":false},"version":2}},"categories":[3,9],"tags":[],"class_list":["post-27299","post","type-post","status-publish","format-standard","has-post-thumbnail","hentry","category-novosti","category-skupovi"],"acf":{"facebook_opis":""},"jetpack_publicize_connections":[],"jetpack_featured_media_url":"https:\/\/i0.wp.com\/historiografija.hr\/wp-content\/uploads\/2021\/09\/Plakat_s.jpg?fit=620%2C929&ssl=1","jetpack_sharing_enabled":true,"jetpack-related-posts":[],"_links":{"self":[{"href":"https:\/\/historiografija.hr\/index.php?rest_route=\/wp\/v2\/posts\/27299","targetHints":{"allow":["GET"]}}],"collection":[{"href":"https:\/\/historiografija.hr\/index.php?rest_route=\/wp\/v2\/posts"}],"about":[{"href":"https:\/\/historiografija.hr\/index.php?rest_route=\/wp\/v2\/types\/post"}],"author":[{"embeddable":true,"href":"https:\/\/historiografija.hr\/index.php?rest_route=\/wp\/v2\/users\/2"}],"replies":[{"embeddable":true,"href":"https:\/\/historiografija.hr\/index.php?rest_route=%2Fwp%2Fv2%2Fcomments&post=27299"}],"version-history":[{"count":2,"href":"https:\/\/historiografija.hr\/index.php?rest_route=\/wp\/v2\/posts\/27299\/revisions"}],"predecessor-version":[{"id":27321,"href":"https:\/\/historiografija.hr\/index.php?rest_route=\/wp\/v2\/posts\/27299\/revisions\/27321"}],"wp:featuredmedia":[{"embeddable":true,"href":"https:\/\/historiografija.hr\/index.php?rest_route=\/wp\/v2\/media\/27300"}],"wp:attachment":[{"href":"https:\/\/historiografija.hr\/index.php?rest_route=%2Fwp%2Fv2%2Fmedia&parent=27299"}],"wp:term":[{"taxonomy":"category","embeddable":true,"href":"https:\/\/historiografija.hr\/index.php?rest_route=%2Fwp%2Fv2%2Fcategories&post=27299"},{"taxonomy":"post_tag","embeddable":true,"href":"https:\/\/historiografija.hr\/index.php?rest_route=%2Fwp%2Fv2%2Ftags&post=27299"}],"curies":[{"name":"wp","href":"https:\/\/api.w.org\/{rel}","templated":true}]}}