{"id":27292,"date":"2021-09-04T11:23:17","date_gmt":"2021-09-04T11:23:17","guid":{"rendered":"http:\/\/historiografija.hr\/?p=27292"},"modified":"2021-09-04T11:23:17","modified_gmt":"2021-09-04T11:23:17","slug":"encountering-emotions-in-folk-narrative-and-folk-life-18th-congress-of-the-international-society-for-folk-narrative-research","status":"publish","type":"post","link":"https:\/\/historiografija.hr\/?p=27292","title":{"rendered":"Encountering Emotions in Folk Narrative and Folk Life. 18th Congress of the International Society for Folk Narrative Research"},"content":{"rendered":"\n<p>U Zagrebu \u0107e se od 5. do 8. rujna 2021. odr\u017eati online kongres \u201cEncountering Emotions in Folk Narrative and Folk Life\u201d, koji nagla\u0161ava va\u017enost \u201cafektivnog\/emocionalnog obrata u suvremenim znanostima\u201d. S obzirom da i u hrvatskoj historiografiji sve vi\u0161e raste interes za povijest emocija, upu\u0107ujemo sve zainteresirane na pra\u0107enje kongresa, koji osim niza izlaganja povijesne tematike sadr\u017ei i plenarno predavanje Jana Plampera (\u201cLearning from the History of Emotions? Genealogy, Trends, Concepts), autora knjige \u201cThe History of Emotions: An Introduction\u201d.<\/p>\n\n\n\n<p>&#8212;<\/p>\n\n\n\n<p>U organizaciji <em>Instituta za etnologiju i folkloristiku<\/em>, <em>Katedre za hrvatsku usmenu knji\u017eevnost Odsjeka za kroatistiku<\/em>, <em>Odsjeka za etnologiju i kulturnu antropologiju Filozofskoga fakulteta u Zagrebu <\/em>&nbsp;i <em>Me\u0111unarodnoga&nbsp; dru\u0161tva za istra\u017eivanje pri\u010da<\/em> od 5. do 8. rujna 2021. u virtualnom Zagrebu odr\u017eat \u0107e se online kongres<strong>: <em>Encountering Emotions in Folk Narrative and Folk Life. 18th Congress of the International Society for Folk Narrative Research<\/em><\/strong> na kojem sudjeluju izlaga\u010di s pet kontinenata i iz tridesetak zemalja.<\/p>\n\n\n\n<p><em>International Society for Folk Narrative Research<\/em> (ISFNR) krovno je svjetsko dru\u0161tvo eminentnih me\u0111unarodnih znanstvenika koji se teorijski, kulturnopovijesno, arhivski i terenski bave istra\u017eivanjem usmenih pri\u010da, verbalnog folklora, popularne i pu\u010dke knji\u017eevnosti i srodnih podru\u010dja. Istra\u017eiva\u010dki akcenti nisu okrenuti samo pro\u0161losti ve\u0107 pokrivaju sve aspekte pri\u010da i pripovijedanja kao klju\u010dnih kategorija me\u0111uljudske komunikacije. ISFNR je kao organizirana profesionalna znanstvena udruga utemeljena na kongresu u Antwerpenu godine 1962. Kongresi dru\u0161tva nakon 1964. odr\u017eavaju se svakih \u010detiri ili pet godina \u2013 Budimpe\u0161ta (1963), Atena (1964), Bukure\u0161t (1969), Helsinki (1974), Edinburgh (1979), Bergen (1984), Budimpe\u0161ta (1989), Innsbruck (1992), Mysore (1995), G\u00f6ttingen (1998), Melbourne (2001), Tartu (2005), Atena (2009), Vilnius (2013), Miami (2016), a u taj se niz sada upisuje i Zagreb (2021). Neki su od tih kongresa bili klju\u010dni za teorijsko promi\u0161ljanje ne samo istra\u017eivanja usmenih pri\u010da, nego su rezultati tih istra\u017eivanja utjecali na cijeli niz disciplina i\/ili podru\u010dja istra\u017eivanja, a time jednim dijelom svakako bili uklju\u010deni u promjene znanstvenih paradigmi u znanosti o knji\u017eevnosti, folkloristici, kulturnoj antropologiji, etnologiji, sociolingvistici, semiotici itd. Stoga vjerujemo da \u0107e i na\u0161 zagreba\u010dki kongres, prepoznaju\u0107i va\u017enost afektivnog\/emocionalnog obrata u suvremenim znanostima, imati odjeka u humanisti\u010dkim i dru\u0161tvenim disciplinama.<\/p>\n\n\n\n<p>Program i knji\u017eica sa\u017eetaka dostupni su na poveznicama: <a href=\"http:\/\/www.isfnr.org\/isfnrcongress\/programme\/\">http:\/\/www.isfnr.org\/isfnrcongress\/programme\/<\/a><\/p>\n\n\n\n<p><a href=\"http:\/\/www.isfnr.org\/isfnrcongress\/wp-content\/uploads\/2021\/09\/18th-ISFNR_programme_book-of-abstracts_0209.pdf\">http:\/\/www.isfnr.org\/isfnrcongress\/wp-content\/uploads\/2021\/09\/18th-ISFNR_programme_book-of-abstracts_0209.pdf<\/a><\/p>\n\n\n\n<hr class=\"wp-block-separator\"\/>\n\n\n\n<p>Izvori:<\/p>\n\n\n\n<figure class=\"wp-block-embed-wordpress wp-block-embed is-type-wp-embed is-provider-institut-za-etnologiju-i-folkloristiku\"><div class=\"wp-block-embed__wrapper\">\n<blockquote class=\"wp-embedded-content\" data-secret=\"TgF3MNMX4u\"><a href=\"https:\/\/www.ief.hr\/novosti\/encountering-emotions-in-folk-narrative-and-folk-life-18th-congress-of-the-international-society-for-folk-narrative-research\/\">Encountering Emotions in Folk Narrative and Folk Life. 18th Congress of the International Society for Folk Narrative Research<\/a><\/blockquote><iframe loading=\"lazy\" class=\"wp-embedded-content\" sandbox=\"allow-scripts\" security=\"restricted\" style=\"position: absolute; clip: rect(1px, 1px, 1px, 1px);\" title=\"&#8220;Encountering Emotions in Folk Narrative and Folk Life. 18th Congress of the International Society for Folk Narrative Research&#8221; &#8212; Institut za etnologiju i folkloristiku\" src=\"https:\/\/www.ief.hr\/novosti\/encountering-emotions-in-folk-narrative-and-folk-life-18th-congress-of-the-international-society-for-folk-narrative-research\/embed\/#?secret=TgF3MNMX4u\" data-secret=\"TgF3MNMX4u\" width=\"600\" height=\"338\" frameborder=\"0\" marginwidth=\"0\" marginheight=\"0\" scrolling=\"no\"><\/iframe>\n<\/div><\/figure>\n\n\n\n<figure class=\"wp-block-embed-wordpress wp-block-embed is-type-wp-embed is-provider-filozofski-fakultet-sveucilista-u-zagrebu\"><div class=\"wp-block-embed__wrapper\">\n<blockquote class=\"wp-embedded-content\" data-secret=\"mJ8w8AdUjo\"><a href=\"https:\/\/web2020.ffzg.unizg.hr\/blog\/2021\/09\/03\/poziv-na-kongres-encountering-emotions-in-folk-narrative-and-folk-life-18th-congress-of-the-international-society-for-folk-narrative-research\/\">Poziv na kongres &#8221;Encountering Emotions in Folk Narrative and Folk Life. 18th Congress of the International Society for Folk Narrative Research&#8221;<\/a><\/blockquote><iframe loading=\"lazy\" class=\"wp-embedded-content\" sandbox=\"allow-scripts\" security=\"restricted\" style=\"position: absolute; clip: rect(1px, 1px, 1px, 1px);\" title=\"&#8220;Poziv na kongres &#8221;Encountering Emotions in Folk Narrative and Folk Life. 18th Congress of the International Society for Folk Narrative Research&#8221;&#8221; &#8212; Filozofski fakultet Sveu\u010dili\u0161ta u Zagrebu\" src=\"https:\/\/web2020.ffzg.unizg.hr\/blog\/2021\/09\/03\/poziv-na-kongres-encountering-emotions-in-folk-narrative-and-folk-life-18th-congress-of-the-international-society-for-folk-narrative-research\/embed\/#?secret=mJ8w8AdUjo\" data-secret=\"mJ8w8AdUjo\" width=\"600\" height=\"338\" frameborder=\"0\" marginwidth=\"0\" marginheight=\"0\" scrolling=\"no\"><\/iframe>\n<\/div><\/figure>\n\n\n\n<hr class=\"wp-block-separator\"\/>\n","protected":false},"excerpt":{"rendered":"","protected":false},"author":2,"featured_media":27293,"comment_status":"open","ping_status":"open","sticky":false,"template":"","format":"standard","meta":{"_acf_changed":false,"jetpack_post_was_ever_published":false,"_jetpack_newsletter_access":"","_jetpack_dont_email_post_to_subs":false,"_jetpack_newsletter_tier_id":0,"_jetpack_memberships_contains_paywalled_content":false,"_jetpack_memberships_contains_paid_content":false,"footnotes":"","jetpack_publicize_message":"","jetpack_publicize_feature_enabled":true,"jetpack_social_post_already_shared":true,"jetpack_social_options":{"image_generator_settings":{"template":"highway","default_image_id":0,"font":"","enabled":false},"version":2}},"categories":[3,9],"tags":[],"class_list":["post-27292","post","type-post","status-publish","format-standard","has-post-thumbnail","hentry","category-novosti","category-skupovi"],"acf":{"facebook_opis":""},"jetpack_publicize_connections":[],"jetpack_featured_media_url":"https:\/\/i0.wp.com\/historiografija.hr\/wp-content\/uploads\/2021\/09\/emotions.jpg?fit=361%2C139&ssl=1","jetpack_sharing_enabled":true,"jetpack-related-posts":[],"_links":{"self":[{"href":"https:\/\/historiografija.hr\/index.php?rest_route=\/wp\/v2\/posts\/27292","targetHints":{"allow":["GET"]}}],"collection":[{"href":"https:\/\/historiografija.hr\/index.php?rest_route=\/wp\/v2\/posts"}],"about":[{"href":"https:\/\/historiografija.hr\/index.php?rest_route=\/wp\/v2\/types\/post"}],"author":[{"embeddable":true,"href":"https:\/\/historiografija.hr\/index.php?rest_route=\/wp\/v2\/users\/2"}],"replies":[{"embeddable":true,"href":"https:\/\/historiografija.hr\/index.php?rest_route=%2Fwp%2Fv2%2Fcomments&post=27292"}],"version-history":[{"count":1,"href":"https:\/\/historiografija.hr\/index.php?rest_route=\/wp\/v2\/posts\/27292\/revisions"}],"predecessor-version":[{"id":27294,"href":"https:\/\/historiografija.hr\/index.php?rest_route=\/wp\/v2\/posts\/27292\/revisions\/27294"}],"wp:featuredmedia":[{"embeddable":true,"href":"https:\/\/historiografija.hr\/index.php?rest_route=\/wp\/v2\/media\/27293"}],"wp:attachment":[{"href":"https:\/\/historiografija.hr\/index.php?rest_route=%2Fwp%2Fv2%2Fmedia&parent=27292"}],"wp:term":[{"taxonomy":"category","embeddable":true,"href":"https:\/\/historiografija.hr\/index.php?rest_route=%2Fwp%2Fv2%2Fcategories&post=27292"},{"taxonomy":"post_tag","embeddable":true,"href":"https:\/\/historiografija.hr\/index.php?rest_route=%2Fwp%2Fv2%2Ftags&post=27292"}],"curies":[{"name":"wp","href":"https:\/\/api.w.org\/{rel}","templated":true}]}}