{"id":27268,"date":"2021-09-02T14:40:13","date_gmt":"2021-09-02T14:40:13","guid":{"rendered":"http:\/\/historiografija.hr\/?p=27268"},"modified":"2021-09-02T14:40:13","modified_gmt":"2021-09-02T14:40:13","slug":"ivan-macut-teologija-u-nezavisnoj-drzavi-hrvatskoj","status":"publish","type":"post","link":"https:\/\/historiografija.hr\/?p=27268","title":{"rendered":"Ivan Macut, \u201cTeologija u Nezavisnoj Dr\u017eavi Hrvatskoj\u201d"},"content":{"rendered":"\n<p>Uspostava Nezavisne Dr\u017eave Hrvatske je svojim novim ure\u0111enjem i politikom koja je bila pod vodstvom usta\u0161kog re\u017eima bitno utjecala na cjelokupan \u017eivot onda\u0161njeg dru\u0161tva, a onda i kulture, znanosti, pa i Katoli\u010dke Crkve.<\/p>\n\n\n\n<p>Imaju\u0107i to u vidu, autor je uvjeren, a to je i u ranijim radovima kod vi\u0161e autora vi\u0161estruko potvr\u0111eno, da je i mogu\u0107e i itekako opravdano istra\u017eivati kulturu, znanost, institucije, filozofiju, a sada i teologiju, u tom relativno kratkom, ali po mnogo\u010demu i nesretnom razdoblju od svega \u010detiriju godina.<\/p>\n\n\n\n<p>Prvi dio govori o Katoli\u010dkoj Crkvi za vrijeme NDH, a drugi o crkvenim obrazovnim institucijama u to vrijeme.<\/p>\n\n\n\n<p>Sredi\u0161nji, tre\u0107i dio knjige predstavlja \u017eivot i teolo\u0161ko stvarala\u0161tvo op\u0107enito, a posebno teolo\u0161ko stvarala\u0161tvo za vrijeme NDH, desetorice na\u0161ih teolo\u0161kih pisaca. To nisu svi teolo\u0161ki pisci koji su u tom povijesnom razdoblju \u017eivjeli i stvarali, ali su zasigurno najzna\u010dajniji i najplodniji teolo\u0161ki i crkveno-pravni pisci.<\/p>\n\n\n\n<p>U posljednjem dijelu istra\u017eivanja teolo\u0161ke misli za vrijeme NDH knjiga donosi popis objavljenih teolo\u0161kih djela u obliku tiskanih knjiga te znanstvenih \u010dlanaka, va\u017enijih teolo\u0161ko-duhovnih promi\u0161ljanja te spomene o pojedinim na\u0161im teolo\u0161kim piscima.&nbsp;<\/p>\n\n\n\n<p>Sustavno i pregledno djelo, jasan i precizan metodolo\u0161ki pristup, kvalitetan znanstveni kriti\u010dki odnos prema problematici i velik broj izvora kori\u0161tenih, obra\u0111enih ili predstavljenih u ovom rukopisu, daju knjizi\u00a0<em>Teologija u Nezavisnoj Dr\u017eavi Hrvatskoj<\/em>\u00a0visoku znanstvenu vrijednost i stru\u010dnu kvalitetu.<\/p>\n\n\n\n<hr class=\"wp-block-separator\"\/>\n\n\n\n<p>Nakladnik: Kr\u0161\u0107anska sada\u0161njost<\/p>\n\n\n\n<p>Slu\u017eba Bo\u017eja<\/p>\n\n\n\n<p>Izdanje: I. suizdanje, Zagreb<\/p>\n\n\n\n<p>Format: 17 x 24 cm; 388 str.<\/p>\n\n\n\n<hr class=\"wp-block-separator\"\/>\n\n\n\n<p>Prelistaj knjigu:<\/p>\n\n\n\n<p><a href=\"https:\/\/www.ks.hr\/naslovnica\/9340391-teologija-u-nezavisnoj-drzavi-hrvatskoj.html\">https:\/\/www.ks.hr\/naslovnica\/9340391-teologija-u-nezavisnoj-drzavi-hrvatskoj.html<\/a><\/p>\n\n\n\n<hr class=\"wp-block-separator\"\/>\n","protected":false},"excerpt":{"rendered":"","protected":false},"author":2,"featured_media":27269,"comment_status":"open","ping_status":"open","sticky":false,"template":"","format":"standard","meta":{"_acf_changed":false,"jetpack_post_was_ever_published":false,"_jetpack_newsletter_access":"","_jetpack_dont_email_post_to_subs":false,"_jetpack_newsletter_tier_id":0,"_jetpack_memberships_contains_paywalled_content":false,"_jetpack_memberships_contains_paid_content":false,"footnotes":"","jetpack_publicize_message":"","jetpack_publicize_feature_enabled":true,"jetpack_social_post_already_shared":true,"jetpack_social_options":{"image_generator_settings":{"template":"highway","default_image_id":0,"font":"","enabled":false},"version":2}},"categories":[8,3],"tags":[],"class_list":["post-27268","post","type-post","status-publish","format-standard","has-post-thumbnail","hentry","category-knjige","category-novosti"],"acf":{"facebook_opis":""},"jetpack_publicize_connections":[],"jetpack_featured_media_url":"https:\/\/i0.wp.com\/historiografija.hr\/wp-content\/uploads\/2021\/09\/teologija-u-nezavisnoj-drzavi-hrvatskoj.jpg?fit=540%2C540&ssl=1","jetpack_sharing_enabled":true,"jetpack-related-posts":[],"_links":{"self":[{"href":"https:\/\/historiografija.hr\/index.php?rest_route=\/wp\/v2\/posts\/27268","targetHints":{"allow":["GET"]}}],"collection":[{"href":"https:\/\/historiografija.hr\/index.php?rest_route=\/wp\/v2\/posts"}],"about":[{"href":"https:\/\/historiografija.hr\/index.php?rest_route=\/wp\/v2\/types\/post"}],"author":[{"embeddable":true,"href":"https:\/\/historiografija.hr\/index.php?rest_route=\/wp\/v2\/users\/2"}],"replies":[{"embeddable":true,"href":"https:\/\/historiografija.hr\/index.php?rest_route=%2Fwp%2Fv2%2Fcomments&post=27268"}],"version-history":[{"count":1,"href":"https:\/\/historiografija.hr\/index.php?rest_route=\/wp\/v2\/posts\/27268\/revisions"}],"predecessor-version":[{"id":27270,"href":"https:\/\/historiografija.hr\/index.php?rest_route=\/wp\/v2\/posts\/27268\/revisions\/27270"}],"wp:featuredmedia":[{"embeddable":true,"href":"https:\/\/historiografija.hr\/index.php?rest_route=\/wp\/v2\/media\/27269"}],"wp:attachment":[{"href":"https:\/\/historiografija.hr\/index.php?rest_route=%2Fwp%2Fv2%2Fmedia&parent=27268"}],"wp:term":[{"taxonomy":"category","embeddable":true,"href":"https:\/\/historiografija.hr\/index.php?rest_route=%2Fwp%2Fv2%2Fcategories&post=27268"},{"taxonomy":"post_tag","embeddable":true,"href":"https:\/\/historiografija.hr\/index.php?rest_route=%2Fwp%2Fv2%2Ftags&post=27268"}],"curies":[{"name":"wp","href":"https:\/\/api.w.org\/{rel}","templated":true}]}}