{"id":27258,"date":"2021-09-01T11:14:54","date_gmt":"2021-09-01T11:14:54","guid":{"rendered":"http:\/\/historiografija.hr\/?p=27258"},"modified":"2021-09-01T11:15:48","modified_gmt":"2021-09-01T11:15:48","slug":"izlozba-nesvrstani-svet-i-strucni-skup-namtalks","status":"publish","type":"post","link":"https:\/\/historiografija.hr\/?p=27258","title":{"rendered":"Izlo\u017eba \u201cNesvrstani svet\u201d i stru\u010dni skup NAMTalks"},"content":{"rendered":"\n<p><strong>Nesvrstani svet<\/strong><\/p>\n\n\n\n<p><strong>Otvaranje izlo\u017ebe: sreda, 1. septembar 2021. godine, u 18 \u010dasova<\/strong><\/p>\n\n\n\n<p><strong>Muzej afri\u010dke umetnosti, Andre Nikoli\u0107a 14<\/strong><\/p>\n\n\n\n<p>Povodom obele\u017eavanja \u0161est decenija od Prve konferencije Pokreta nesvrstanih koja se odr\u017eala u Beogradu 1. septembra 1961. godine, Muzej afri\u010dke umetnosti realizuje izlo\u017ebu <strong><em>Nesvrstani svet<\/em><\/strong>.<\/p>\n\n\n\n<p>Na svetskom planu Pokret nesvrstanih bio je usmeren na borbu naroda za slobodu i njihovu emancipaciju od spoljne kontrole i ekonomske eksploatacije, ali i na me\u0111usobnu podr\u0161ku koje su sve dr\u017eave \u010dlanice pru\u017eale kroz ideju dekolonizacije. Iako se Pokret nesvrstanih javio u vreme veoma izra\u017eenih hladnoratovskih odnosa u svetu podeljenom na dva bloka (isto\u010dni i zapadni), sama Prva konferencija odr\u017eana je u duhu proaktivnog odnosa takozvanih \u201eneanga\u017eovanih\u201c s ciljem stvaranja jedne nove alternative \u2013 <em>novog sveta<\/em>. Prva konferencija je utoliko zna\u010dajna \u0161to je postavila osnove za neke od klju\u010dnih ideja koje \u0107e do\u017eiveti svoju razradu i dopunu u nastupaju\u0107im godinama i konferencijama koje su, nakon Beogradske, odr\u017eavane \u0161irom <em>nesvrstanog sveta<\/em>. \u0160ezdeset godina kasnije, nalazimo da su neke od tada izra\u017eenih ideja izrazito aktuelne. Iako na drugi na\u010din, svet je i danas podeljen, borba za nezavisnost i dalje se vodi na raznim frontovima, a diskriminacija, eksploatacija resursa i rat, iako ponekad u veoma izmenjenom obli\u010dju, glavni su <em>modus operandi<\/em> me\u0111unarodnih odnosa.<\/p>\n\n\n\n<p>Na Beogradskoj konferenciji usvojeni su klju\u010dni elementi jedne nove politi\u010dke platforme koja je podrazumevala borbu za mir i razoru\u017eanje, a protiv podele na ekonomske i vojno-politi\u010dke blokove. Alternativa nesvrstavanja jasno je istupala <strong>protiv imperijalizma, rasizma, aparthejda<\/strong> i svih oblika rasne segregacije, kao i ekonomske i politi\u010dke dominacije, zala\u017eu\u0107i se za <strong>antikolonijalizam, emancipaciju, jednakost, mir, saradnju i solidarnost<\/strong>. Izlo\u017eba <em>Nesvrstani svet<\/em> upravo se osvr\u0107e na te\u017einu, zna\u010daj i p\u00e2tos koji i danas ovi pojmovi nose. Bilo da su svedeni na protestne parole, ili im se pristupa analiti\u010dki kao dru\u0161tveno-istorijskim i kulturolo\u0161kim kategorijama, ovi pojmovi danas izrazito rezoniraju. Izlo\u017eba ukazuje na na\u010din na koji su se oni nekada kroz zvani\u010dne medije propagirali i kako su o\u017eivljavani da pokre\u0107u dru\u0161tvo na akciju i osve\u0161\u0107enje sopstvene \u0161ire globalne pozicije. <em>Antikolonijalizam, emancipacija, jednakost, mir, saradnja i solidarnost<\/em> parole su za pojedina\u010dne i grupne identitetske pozicije. One ulivaju snagu i mo\u0107 pojedincima i narodima, ali \u2013 bez anga\u017eovane realizacije ostaju samo puke re\u010di i isprazna obe\u0107anja. Njih mo\u017eemo do\u017eiveti kao nose\u0107e stubove za izgradnju <em>sveta<\/em>, promi\u0161ljenog, ali i izmi\u0161ljenog, materijalizovanog kroz spomenike i se\u0107anja, ali i onog koji uvek izmi\u010de, pa ipak, kojem je \u2013 zbog univerzalnosti njihovog karaktera \u2013 mogu\u0107e bezrezervno te\u017eiti.<\/p>\n\n\n\n<p>Komplementarni deo izlo\u017ebe <strong><em>Nesvrstani svet<\/em><\/strong> \u010dini digitalna mapa na sajtu <strong>www.nesvrstani.rs<\/strong> koja \u0107e biti sve\u010dano objavljena za javnost neposredno pred otvaranje izlo\u017ebe. Ovaj ba\u0161tinski priklju\u010dak (<em>plug-in<\/em>) izlo\u017ebe, mapira <em>nesvrstanu ba\u0161tinu<\/em> i <em>ba\u0161tinu nesvrstanih<\/em> koja je prona\u0111ena u brojnim arhivima i (donekle) svrstana u nasle\u0111e Prve (1961) i Devete (1989) konferencije Pokreta nesvrstanih odr\u017eanih u Beogradu, kao i njihovih derivata, razli\u010ditih akcija, perioda, spomena, jubileja, obele\u017eja i sli\u010dnih <em>znakova pored puta<\/em> na osnovu kojih danas \u010ditamo (dis)kontinuitete nesvrstanosti u Beogradu.<\/p>\n\n\n\n<p>Izlo\u017ebu <em>Nesvrstani svet<\/em> koncipirao je kustoski tim Muzeja afri\u010dke umetnosti koji \u010dine Emilia Ep\u0161tajn, Ana Kne\u017eevi\u0107 i Milica Naumov, i dr Nemanja Radonji\u0107, nau\u010dni saradnik Instituta za noviju istoriju Srbije. Dokumentarne materijale za izlo\u017ebu i digitalnu mapu ustupili su Istorijski arhiv Beograda, Arhiv Jugoslavije, Zavod za za\u0161titu spomenika kulture grada Beograda, Muzej grada Beograda, Muzej Jugoslavije, Radio Beograd i Radio-televizija Srbije.<\/p>\n\n\n\n<p>Prate\u0107i deo izlo\u017ebe predstavlja stru\u010dni skup (forum) <strong><em>NAMTalks<\/em><\/strong> koji \u0107e se odr\u017eati u MAU, u <strong>\u010detvrtak, 2. septembra, od 9:30 do 17 \u010dasova<\/strong>. U razgovorima u\u010destvuju doma\u0107i i inostrani stru\u010dnjaci, profesori i javni radnici, biv\u0161e diplomate i novinari, akteri u samim dru\u0161tveno-istorijskim realnostima \u0161ezdesetih godina pro\u0161log veka, koji \u0107e diskutovati o odnosima istorije i diplomatije, ali i nevidljivim, odnosno <em>izostavljenim<\/em> istorijama, kao i \u201ekulturi pam\u0107enja i prirodi zaboravljanja\u02ee nesvrstane Jugoslavije.<\/p>\n\n\n\n<h3 class=\"wp-block-heading\">Forum \u2013 NAMTalks<\/h3>\n\n\n\n<p>Dan nakon otvaranja izlo\u017ebe <em>Nesvrstani svet<\/em>, <strong>2. septembra 2021. godine, u Muzeju afri\u010dke umetnosti (MAU)<\/strong>, u okviru prate\u0107ih programa izlo\u017ebe, odr\u017eava se stru\u010dni skup <em>NAMTalks<\/em>. Tim povodom, gosti Muzeja su doma\u0107i i stru\u010dnjaci iz zemalja u regionu i svetu koji se u svom teorijskom i nau\u010dnom radu, ali i kao svedoci vremena i u\u010desnici u ovim istorijskim doga\u0111ajima, osvr\u0107u na pitanja o materijalnom i nematerijalnom nasle\u0111u, istoriji i reprezentaciji Pokreta nesvrstanih, ali iznose i svoje poglede po pitanju njegove budu\u0107nosti.<\/p>\n\n\n\n<p>Nesvrstanost je od samih svojih za\u010detaka imala tendenciju da obuhvati pun opseg ljudskog delovanja. Ovaj pokret i ideja ponudile su mre\u017eu uvezivanja ne samo politi\u010dara i dr\u017eava ve\u0107 i prostor za susretanja ljudi sli\u010dnih afiniteta, razmenu ideja o preoblikovanju ljudskog dru\u0161tva i me\u0111ukulturnu saradnju. Danas je va\u017eno govoriti i o istoriji ovog pokreta, osvetliti ulogu Jugoslavije i izbe\u0107i potiskivanje, zatamnjivanje, bilo koji oblik zanemarivanja ovog va\u017enog aspekta globalne i istorije ovih prostora. Danas, u 21. veku, sa novim politi\u010dkim promenama u svetu i sve aktuelnijim problemima koji izviru iz politike sile, ideje nesvrstanih i alternativna geografija novog sveta deluju kao izrazito va\u017ene teme za diskusiju. Dana 2. septembra 2021. dvanaest stru\u010dnjaka za ovu oblast sumira\u0107e svoja aktuelna promi\u0161ljanja kroz razgovore na teme o istoriji, kulturi, diplomatiji nesvrstane Jugoslavije, prirodi se\u0107anja i zaboravljanja.<\/p>\n\n\n\n<p>Prijavljivanje obavezno na: <strong><a href=\"mailto:kontakt@mau.rs\" target=\"_blank\" rel=\"noreferrer noopener\">kontakt@mau.rs<\/a><\/strong><\/p>\n\n\n\n<p>*Usled Covid-19 zdravstvenih propisa ograni\u010den broj u\u010desnika.<\/p>\n\n\n\n<p>**Obavezno je no\u0161enje za\u0161titnih maski tokom boravka u muzeju.<\/p>\n\n\n\n<h3 class=\"wp-block-heading\">Paneli:<\/h3>\n\n\n\n<p><strong>Okupljanje: od 09:00<\/strong><\/p>\n\n\n\n<p><strong>09:30\u201311:00 <\/strong><strong><br>ISTORIJA, KULTURA I EKONOMIJA NESVRSTANE JUGOSLAVIJE<\/strong><\/p>\n\n\n\n<p><em>Moderator: dr Nemanja Radonji\u0107 (INIS)<\/em><\/p>\n\n\n\n<p>&#8211; <strong>Prof. dr Tvrtko Jakovina<\/strong>, Filozofski fakultet, Zagreb<\/p>\n\n\n\n<p>&#8211; <strong>Prof. dr Radina Vu\u010deti\u0107<\/strong>, Filozofski fakultet \u2013 Univerzitet u Beogradu<\/p>\n\n\n\n<p>&#8211; <strong>Dr Jure Ram\u0161ak<\/strong>, nau\u010dni saradnik, ZRS Kopar<\/p>\n\n\n\n<p><strong><a href=\"http:\/\/www.mau.rs\/images\/NewsArticles\/2021_08\/namtalks_panel_1_istorija_kultura_ekonomija_nesvrstane_jugoslavije.pdf\" target=\"_blank\" rel=\"noreferrer noopener\">Kliknite da saznate vi\u0161e detalja o sadr\u017eaju panela \u201eIstorija, kultura i ekonomija nesvrstane Jugoslavije&#8221; (.pdf).<\/a><\/strong><\/p>\n\n\n\n<p><strong>11:00\u201311:15 <\/strong><strong><br>pauza za kafu<\/strong><\/p>\n\n\n\n<p><strong>11:15\u201312:45 <\/strong><strong><br>DIPLOMATIJA NESVRSTANE JUGOSLAVIJE<\/strong><\/p>\n\n\n\n<p><em>Moderator: dr Nemanja Radonji\u0107 (INIS)<\/em><\/p>\n\n\n\n<p>&#8211; <strong>Dr \u010cedomir \u0160trbac<\/strong>, istori\u010dar, direktor IMPR, ambasador u Gabonu i Indiji<\/p>\n\n\n\n<p>&#8211; <strong>\u017divadin Jovanovi\u0107<\/strong>, savetnik predsedni\u0161tva SFRJ za spoljnu politiku 1978\u20131988, ambasador u Angoli, Namibiji, Sao Tome i Prinicpe<\/p>\n\n\n\n<p>&#8211; <strong>Dragan Biseni\u0107<\/strong>, spoljnopoliti\u010dki novinar, ambasador u Egiptu<\/p>\n\n\n\n<p><strong><a href=\"http:\/\/www.mau.rs\/images\/NewsArticles\/2021_08\/namtalks_panel_2_diplomatija_nesvrstane_jugoslavije.pdf\" target=\"_blank\" rel=\"noreferrer noopener\">Kliknite da saznate vi\u0161e detalja o sadr\u017eaju panela \u201eDiplomatija nesvrstane Jugoslavije&#8221; (.pdf).<\/a><\/strong><\/p>\n\n\n\n<p><strong>12:45\u201313:45 <\/strong><strong><br>pauza za ru\u010dak<\/strong><\/p>\n\n\n\n<p><strong>14:00\u201315:15 <\/strong><strong><br>NEVIDLJIVE NESVRSTANE: IZOSTAVLJENE ISTORIJE<\/strong><\/p>\n\n\n\n<p><em>Moderatorka: Emilia Ep\u0161tajn (MAU)<\/em><\/p>\n\n\n\n<p>&#8211; <strong>Dr Bojana Pi\u0161kur<\/strong>, MG+MSUM, Ljubljana<\/p>\n\n\n\n<p>&#8211; <strong>Dr Ana Sladojevi\u0107<\/strong>, nezavisna kustoskinja\/teoreti\u010darka umetnosti i medija<\/p>\n\n\n\n<p>&#8211; <strong>Dr Lina D\u017euverovi\u0107<\/strong>, Univerzitet Birkbek, London<\/p>\n\n\n\n<p><strong><a href=\"http:\/\/www.mau.rs\/images\/NewsArticles\/2021_08\/namtalks_panel_3_nevidljive_nesvrstane.pdf\" target=\"_blank\" rel=\"noreferrer noopener\">Kliknite da saznate vi\u0161e detalja o sadr\u017eaju panela \u201eNevidljive nesvrstane: izostavljene istorije&#8221; (.pdf).<\/a><\/strong>&nbsp;<\/p>\n\n\n\n<p><strong>15:15\u201315:30 <\/strong><strong><br>pauza za kafu<\/strong><\/p>\n\n\n\n<p><strong>15:30\u201316:45 <\/strong><strong><br>\u201eKULTURA PAM\u0106ENJA I PRIRODA ZABORAVLJANJA\u201c NESVRSTANE JUGOSLAVIJE<\/strong><\/p>\n\n\n\n<p><em>Moderatorka: msr. Ana Kne\u017eevi\u0107, MAU<\/em><\/p>\n\n\n\n<p>&#8211; <strong>Dr Olga Manojlovi\u0107 Pintar<\/strong>, vi\u0161i nau\u010dni saradnik, INIS<\/p>\n\n\n\n<p>&#8211; <strong>Dr Vladana Putnik Prica<\/strong>, Odeljenje za istoriju umetnosti Filozofskog fakulteta u Beogradu<\/p>\n\n\n\n<p>&#8211; <strong>Jelica Jovanovi\u0107<\/strong>, doktorandkinja Tehnolo\u0161kog univerziteta u Be\u010da<\/p>\n\n\n\n<p><strong><a rel=\"noreferrer noopener\" href=\"http:\/\/www.mau.rs\/images\/NewsArticles\/2021_08\/namtalks_panel_4_kultura_pamcenja.pdf\" target=\"_blank\">Kliknite da saznate vi\u0161e detalja o sadr\u017eaju panela \u201e&#8217;Kultura pam\u0107enja i priroda zaboraljanja&#8217; nesvrstane Jugoslavije&#8221; (.pdf).<\/a><\/strong><\/p>\n\n\n\n<hr class=\"wp-block-separator\"\/>\n\n\n\n<p>Izvor: <a href=\"http:\/\/www.mau.rs\/sr\/61-vesti\/najava-doga%C4%91aja\/1831-nesvrstani-svet.html\">http:\/\/www.mau.rs\/sr\/61-vesti\/najava-doga%C4%91aja\/1831-nesvrstani-svet.html<\/a><\/p>\n\n\n\n<hr class=\"wp-block-separator\"\/>\n\n\n\n<p>Odjeci:<\/p>\n\n\n\n<p><em>Historiografija.ba<\/em><\/p>\n\n\n\n<p><a href=\"https:\/\/www.historiografija.ba\/article.php?id=600\">https:\/\/www.historiografija.ba\/article.php?id=600<\/a><\/p>\n\n\n\n<hr class=\"wp-block-separator\"\/>\n","protected":false},"excerpt":{"rendered":"","protected":false},"author":2,"featured_media":27259,"comment_status":"open","ping_status":"open","sticky":false,"template":"","format":"standard","meta":{"_acf_changed":false,"jetpack_post_was_ever_published":false,"_jetpack_newsletter_access":"","_jetpack_dont_email_post_to_subs":false,"_jetpack_newsletter_tier_id":0,"_jetpack_memberships_contains_paywalled_content":false,"_jetpack_memberships_contains_paid_content":false,"footnotes":"","jetpack_publicize_message":"","jetpack_publicize_feature_enabled":true,"jetpack_social_post_already_shared":true,"jetpack_social_options":{"image_generator_settings":{"template":"highway","default_image_id":0,"font":"","enabled":false},"version":2}},"categories":[10,3,9],"tags":[],"class_list":["post-27258","post","type-post","status-publish","format-standard","has-post-thumbnail","hentry","category-izlozbe","category-novosti","category-skupovi"],"acf":{"facebook_opis":""},"jetpack_publicize_connections":[],"jetpack_featured_media_url":"https:\/\/i0.wp.com\/historiografija.hr\/wp-content\/uploads\/2021\/09\/nam_bg_1961-2021.jpg?fit=1024%2C845&ssl=1","jetpack_sharing_enabled":true,"jetpack-related-posts":[],"_links":{"self":[{"href":"https:\/\/historiografija.hr\/index.php?rest_route=\/wp\/v2\/posts\/27258","targetHints":{"allow":["GET"]}}],"collection":[{"href":"https:\/\/historiografija.hr\/index.php?rest_route=\/wp\/v2\/posts"}],"about":[{"href":"https:\/\/historiografija.hr\/index.php?rest_route=\/wp\/v2\/types\/post"}],"author":[{"embeddable":true,"href":"https:\/\/historiografija.hr\/index.php?rest_route=\/wp\/v2\/users\/2"}],"replies":[{"embeddable":true,"href":"https:\/\/historiografija.hr\/index.php?rest_route=%2Fwp%2Fv2%2Fcomments&post=27258"}],"version-history":[{"count":2,"href":"https:\/\/historiografija.hr\/index.php?rest_route=\/wp\/v2\/posts\/27258\/revisions"}],"predecessor-version":[{"id":27261,"href":"https:\/\/historiografija.hr\/index.php?rest_route=\/wp\/v2\/posts\/27258\/revisions\/27261"}],"wp:featuredmedia":[{"embeddable":true,"href":"https:\/\/historiografija.hr\/index.php?rest_route=\/wp\/v2\/media\/27259"}],"wp:attachment":[{"href":"https:\/\/historiografija.hr\/index.php?rest_route=%2Fwp%2Fv2%2Fmedia&parent=27258"}],"wp:term":[{"taxonomy":"category","embeddable":true,"href":"https:\/\/historiografija.hr\/index.php?rest_route=%2Fwp%2Fv2%2Fcategories&post=27258"},{"taxonomy":"post_tag","embeddable":true,"href":"https:\/\/historiografija.hr\/index.php?rest_route=%2Fwp%2Fv2%2Ftags&post=27258"}],"curies":[{"name":"wp","href":"https:\/\/api.w.org\/{rel}","templated":true}]}}