{"id":27233,"date":"2021-08-30T10:00:05","date_gmt":"2021-08-30T10:00:05","guid":{"rendered":"http:\/\/historiografija.hr\/?p=27233"},"modified":"2021-08-30T10:01:15","modified_gmt":"2021-08-30T10:01:15","slug":"international-conference-european-rust-belts-west-east-comparisons-and-beyond","status":"publish","type":"post","link":"https:\/\/historiografija.hr\/?p=27233","title":{"rendered":"International Conference \u201cEuropean Rust Belts. West-East Comparisons \u2013 and Beyond\u201d"},"content":{"rendered":"\n<p>U Regensburgu \u0107e se 2. i 3. rujna 2021. odr\u017eati me\u0111unarodna konferencija na kojoj \u0107e izlagati i Chiara Bonfiglioli (\u201cVictims or Survivors? Textile Workers&#8217; Agency and Industrial Heritage in Croatia\u201d) i Tanja Petrovi\u0107 (\u201cIndustrial Heritages and Workers\u2019 Memories in the former Yugoslavia\u201c).<\/p>\n\n\n\n<hr class=\"wp-block-separator\"\/>\n\n\n\n<p><\/p>\n\n\n\n<p><strong>European Rust Belts. West-East Comparisons \u2013 and Beyond<\/strong><\/p>\n\n\n\n<p>Internationale Tagung. Organisiert vom Institut f\u00fcr Zeitgeschichte M\u00fcnchen-Berlin (IfZ), Leibniz-Institut f\u00fcr Ost- und S\u00fcdosteuropaforschung\u00a0und dem Leibniz-Institut f\u00fcr Geschichte und Kultur des \u00f6stlichen Europa (GWZO).<br>Gef\u00f6rdert von der Deutschen Forschungsgemeinschaft (DFG).<br><em>Datum<\/em>: Donnerstag, 02.09. bis Freitag, 03.09.2021<br><em>Ort<\/em>: Leibniz-Institut f\u00fcr Ost- und S\u00fcdosteuropaforschung (IOS), Landshuter Str. 4 (Raum 319 und online).<br><br>Programm:<\/p>\n\n\n\n<p><a href=\"https:\/\/www.ios-regensburg.de\/aktuelles-details\/2021\/09\/european-rust-belts-west-east-comparisons-and-beyond-2.html\">https:\/\/www.ios-regensburg.de\/aktuelles-details\/2021\/09\/european-rust-belts-west-east-comparisons-and-beyond-2.html<\/a><\/p>\n\n\n\n<hr class=\"wp-block-separator\"\/>\n","protected":false},"excerpt":{"rendered":"","protected":false},"author":2,"featured_media":26674,"comment_status":"open","ping_status":"open","sticky":false,"template":"","format":"standard","meta":{"_acf_changed":false,"jetpack_post_was_ever_published":false,"_jetpack_newsletter_access":"","_jetpack_dont_email_post_to_subs":false,"_jetpack_newsletter_tier_id":0,"_jetpack_memberships_contains_paywalled_content":false,"_jetpack_memberships_contains_paid_content":false,"footnotes":"","jetpack_publicize_message":"","jetpack_publicize_feature_enabled":true,"jetpack_social_post_already_shared":true,"jetpack_social_options":{"image_generator_settings":{"template":"highway","default_image_id":0,"font":"","enabled":false},"version":2}},"categories":[3,9],"tags":[],"class_list":["post-27233","post","type-post","status-publish","format-standard","has-post-thumbnail","hentry","category-novosti","category-skupovi"],"acf":{"facebook_opis":""},"jetpack_publicize_connections":[],"jetpack_featured_media_url":"https:\/\/i0.wp.com\/historiografija.hr\/wp-content\/uploads\/2021\/06\/IOS_Institut.jpg?fit=800%2C533&ssl=1","jetpack_sharing_enabled":true,"jetpack-related-posts":[],"_links":{"self":[{"href":"https:\/\/historiografija.hr\/index.php?rest_route=\/wp\/v2\/posts\/27233","targetHints":{"allow":["GET"]}}],"collection":[{"href":"https:\/\/historiografija.hr\/index.php?rest_route=\/wp\/v2\/posts"}],"about":[{"href":"https:\/\/historiografija.hr\/index.php?rest_route=\/wp\/v2\/types\/post"}],"author":[{"embeddable":true,"href":"https:\/\/historiografija.hr\/index.php?rest_route=\/wp\/v2\/users\/2"}],"replies":[{"embeddable":true,"href":"https:\/\/historiografija.hr\/index.php?rest_route=%2Fwp%2Fv2%2Fcomments&post=27233"}],"version-history":[{"count":2,"href":"https:\/\/historiografija.hr\/index.php?rest_route=\/wp\/v2\/posts\/27233\/revisions"}],"predecessor-version":[{"id":27235,"href":"https:\/\/historiografija.hr\/index.php?rest_route=\/wp\/v2\/posts\/27233\/revisions\/27235"}],"wp:featuredmedia":[{"embeddable":true,"href":"https:\/\/historiografija.hr\/index.php?rest_route=\/wp\/v2\/media\/26674"}],"wp:attachment":[{"href":"https:\/\/historiografija.hr\/index.php?rest_route=%2Fwp%2Fv2%2Fmedia&parent=27233"}],"wp:term":[{"taxonomy":"category","embeddable":true,"href":"https:\/\/historiografija.hr\/index.php?rest_route=%2Fwp%2Fv2%2Fcategories&post=27233"},{"taxonomy":"post_tag","embeddable":true,"href":"https:\/\/historiografija.hr\/index.php?rest_route=%2Fwp%2Fv2%2Ftags&post=27233"}],"curies":[{"name":"wp","href":"https:\/\/api.w.org\/{rel}","templated":true}]}}